{"id":211,"date":"2025-04-10T12:10:10","date_gmt":"2025-04-10T10:10:10","guid":{"rendered":"https:\/\/cpts-ouest-herault.fr\/?p=211"},"modified":"2025-11-19T16:19:33","modified_gmt":"2025-11-19T15:19:33","slug":"mission-accompagnement-en-sante-misas-la-cpts-ouest-herault-renforce-son-engagement-avec-la-cpam","status":"publish","type":"post","link":"https:\/\/cpts-ouest-herault.fr\/index.php\/2025\/04\/10\/mission-accompagnement-en-sante-misas-la-cpts-ouest-herault-renforce-son-engagement-avec-la-cpam\/","title":{"rendered":"Mission Accompagnement en Sant\u00e9 (MisAS) : la CPTS Ouest H\u00e9rault renforce son engagement avec la CPAM"},"content":{"rendered":"\n<h2 class=\"wp-block-heading\">Qu\u2019est-ce que la Mission Accompagnement en Sant\u00e9 (MisAS) ?<\/h2>\n\n\n\n<p>Un quart des assur\u00e9s d\u00e9clarent renoncer \u00e0 se soigner. Les causes ? M\u00e9connaissance des droits, complexit\u00e9 administrative, freins financiers, isolement ou difficult\u00e9s \u00e0 utiliser les outils num\u00e9riques. Face \u00e0 ces constats, l\u2019Assurance Maladie propose une r\u00e9ponse concr\u00e8te : <a href=\"https:\/\/www.assurance-maladie.ameli.fr\/qui-sommes-nous\/partenaires-solidarite\/etre-partenaire\/outils-et-services-pour-les-partenaires\/missions-accompagnement-sante\">la Mission Accompagnement en Sant\u00e9 (MisAS)<\/a>.<\/p>\n\n\n\n<p>La MisAS est un dispositif personnalis\u00e9, gratuit, et enti\u00e8rement d\u00e9di\u00e9 \u00e0 l\u2019am\u00e9lioration de l\u2019acc\u00e8s aux droits et aux soins pour les personnes en situation de renoncement ou de fragilit\u00e9.<\/p>\n\n\n\n<h2 class=\"wp-block-heading\">La CPTS Ouest H\u00e9rault engag\u00e9e aux c\u00f4t\u00e9s de la CPAM<\/h2>\n\n\n\n<p>Depuis avril 2023, la CPTS Ouest H\u00e9rault a sign\u00e9 une convention locale avec la Caisse Primaire d\u2019Assurance Maladie de l\u2019H\u00e9rault afin de renforcer les liens entre acteurs de terrain et favoriser le rep\u00e9rage pr\u00e9coce des situations de renoncement aux soins.<\/p>\n\n\n\n<p>Gr\u00e2ce \u00e0 cette convention, la CPTS devient un relais actif du dispositif MisAS en assurant l\u2019orientation de personnes en difficult\u00e9 vers les conseillers accompagnement sant\u00e9 de la CPAM.<\/p>\n\n\n\n<h2 class=\"wp-block-heading\">\u00c0 qui s\u2019adresse la MisAS ?<\/h2>\n\n\n\n<p>La MisAS s\u2019adresse \u00e0 toute personne relevant du r\u00e9gime g\u00e9n\u00e9ral de l\u2019Assurance Maladie, en situation de :<\/p>\n\n\n\n<ul class=\"wp-block-list\">\n<li>Renoncement ou difficult\u00e9s d\u2019acc\u00e8s aux soins (soins m\u00e9dicaux, dentaires, examens\u2026)<\/li>\n\n\n\n<li>Absence de couverture compl\u00e9mentaire sant\u00e9<\/li>\n\n\n\n<li>Situation sociale complexe ou pr\u00e9carit\u00e9<\/li>\n\n\n\n<li>Difficult\u00e9 dans les d\u00e9marches num\u00e9riques (cr\u00e9ation compte Ameli, d\u00e9claration, etc.)<\/li>\n\n\n\n<li>Handicap non reconnu ou en attente de prise en charge<\/li>\n<\/ul>\n\n\n\n<h2 class=\"wp-block-heading\">Quel accompagnement est propos\u00e9 ?<\/h2>\n\n\n\n<p>La MisAS propose un suivi individualis\u00e9 avec :<\/p>\n\n\n\n<ul class=\"wp-block-list\">\n<li>Des contacts r\u00e9guliers par t\u00e9l\u00e9phone, e-mail ou rendez-vous<\/li>\n\n\n\n<li>Un bilan des droits (assurance maladie, compl\u00e9mentaire sant\u00e9 solidaire\u2026)<\/li>\n\n\n\n<li>Une orientation dans le parcours de soins (choix du m\u00e9decin traitant, sp\u00e9cialistes, dispositifs locaux\u2026)<\/li>\n\n\n\n<li>Une aide \u00e0 la prise en charge financi\u00e8re (reste \u00e0 charge, transport\u2026)<\/li>\n\n\n\n<li>Des relais vers les partenaires sociaux ou m\u00e9dico-sociaux (CCAS, associations, etc.)<\/li>\n<\/ul>\n\n\n\n<p>Les professionnels de sant\u00e9 ou structures sociales sont tenus inform\u00e9s \u00e0 chaque \u00e9tape de l\u2019accompagnement.<\/p>\n\n\n\n<h2 class=\"wp-block-heading\">Comment signaler une situation de renoncement aux soins ?<\/h2>\n\n\n\n<p>En tant que professionnel, vous pouvez transmettre une situation pr\u00e9occupante en quelques minutes :<\/p>\n\n\n\n<p>Formulaire de d\u00e9tection \u00e0 compl\u00e9ter (avec accord de l\u2019assur\u00e9) : <a href=\"http:\/\/cpts-ouest-herault.fr\/wp-content\/uploads\/2025\/04\/2022383_form_detection_mission_acc_partenaires_2023_0.pdf\">T\u00e9l\u00e9charger le formulaire<\/a><\/p>\n\n\n\n<p>Les situations peuvent concerner tous types de soins (consultations, examens, lunettes, appareils auditifs\u2026), quel que soit le profil de l\u2019assur\u00e9.<\/p>\n\n\n\n<h2 class=\"wp-block-heading\">Avec Vous Contre la Maladie (AVCM) : un accompagnement sp\u00e9cifique pour les personnes atteintes de cancer<\/h2>\n\n\n\n<p>Dans le cadre de pathologies graves comme le cancer, l\u2019Assurance Maladie a d\u00e9velopp\u00e9 un dispositif sp\u00e9cifique compl\u00e9mentaire : Avec Vous Contre la Maladie (AVCM).<\/p>\n\n\n\n<p>Ce dispositif vise \u00e0 \u00e9viter les freins administratifs et sociaux pour que le patient puisse se concentrer uniquement sur ses soins.<\/p>\n\n\n\n<p>Il inclut :<\/p>\n\n\n\n<ul class=\"wp-block-list\">\n<li>Un conseiller unique pour un suivi global<\/li>\n\n\n\n<li>Une aide \u00e0 l\u2019acc\u00e8s aux droits et aux prestations sp\u00e9cifiques<\/li>\n\n\n\n<li>Un soutien pour le maintien \u00e0 domicile ou en emploi<\/li>\n\n\n\n<li>Une coordination avec les autres acteurs m\u00e9dico-sociaux<\/li>\n<\/ul>\n\n\n\n<h2 class=\"wp-block-heading\">Pourquoi ce partenariat est essentiel pour le territoire ?<\/h2>\n\n\n\n<p>En renfor\u00e7ant le lien entre la CPAM et la CPTS, ce partenariat :<\/p>\n\n\n\n<ul class=\"wp-block-list\">\n<li>Am\u00e9liore la d\u00e9tection pr\u00e9coce des fragilit\u00e9s<\/li>\n\n\n\n<li>Renforce la coordination entre professionnels de sant\u00e9, institutions et acteurs sociaux<\/li>\n\n\n\n<li>Permet un accompagnement humain, concret, personnalis\u00e9<\/li>\n\n\n\n<li>Participe \u00e0 la r\u00e9duction des in\u00e9galit\u00e9s territoriales d\u2019acc\u00e8s aux soins<\/li>\n<\/ul>\n\n\n\n<p><\/p>\n","protected":false},"excerpt":{"rendered":"<p>Qu\u2019est-ce que la Mission Accompagnement en Sant\u00e9 (MisAS) ? Un quart des assur\u00e9s d\u00e9clarent renoncer \u00e0 se soigner. Les causes [&hellip;]<\/p>\n","protected":false},"author":1,"featured_media":213,"comment_status":"open","ping_status":"open","sticky":false,"template":"","format":"standard","meta":{"site-sidebar-layout":"default","site-content-layout":"","ast-site-content-layout":"default","site-content-style":"default","site-sidebar-style":"default","ast-global-header-display":"","ast-banner-title-visibility":"","ast-main-header-display":"","ast-hfb-above-header-display":"","ast-hfb-below-header-display":"","ast-hfb-mobile-header-display":"","site-post-title":"","ast-breadcrumbs-content":"","ast-featured-img":"","footer-sml-layout":"","theme-transparent-header-meta":"","adv-header-id-meta":"","stick-header-meta":"","header-above-stick-meta":"","header-main-stick-meta":"","header-below-stick-meta":"","astra-migrate-meta-layouts":"default","ast-page-background-enabled":"default","ast-page-background-meta":{"desktop":{"background-color":"var(--ast-global-color-5)","background-image":"","background-repeat":"repeat","background-position":"center center","background-size":"auto","background-attachment":"scroll","background-type":"","background-media":"","overlay-type":"","overlay-color":"","overlay-opacity":"","overlay-gradient":""},"tablet":{"background-color":"","background-image":"","background-repeat":"repeat","background-position":"center center","background-size":"auto","background-attachment":"scroll","background-type":"","background-media":"","overlay-type":"","overlay-color":"","overlay-opacity":"","overlay-gradient":""},"mobile":{"background-color":"","background-image":"","background-repeat":"repeat","background-position":"center center","background-size":"auto","background-attachment":"scroll","background-type":"","background-media":"","overlay-type":"","overlay-color":"","overlay-opacity":"","overlay-gradient":""}},"ast-content-background-meta":{"desktop":{"background-color":"var(--ast-global-color-4)","background-image":"","background-repeat":"repeat","background-position":"center center","background-size":"auto","background-attachment":"scroll","background-type":"","background-media":"","overlay-type":"","overlay-color":"","overlay-opacity":"","overlay-gradient":""},"tablet":{"background-color":"var(--ast-global-color-4)","background-image":"","background-repeat":"repeat","background-position":"center center","background-size":"auto","background-attachment":"scroll","background-type":"","background-media":"","overlay-type":"","overlay-color":"","overlay-opacity":"","overlay-gradient":""},"mobile":{"background-color":"var(--ast-global-color-4)","background-image":"","background-repeat":"repeat","background-position":"center center","background-size":"auto","background-attachment":"scroll","background-type":"","background-media":"","overlay-type":"","overlay-color":"","overlay-opacity":"","overlay-gradient":""}},"footnotes":""},"categories":[38],"tags":[],"class_list":["post-211","post","type-post","status-publish","format-standard","has-post-thumbnail","hentry","category-cpts"],"yoast_head":"<!-- This site is optimized with the Yoast SEO plugin v27.5 - https:\/\/yoast.com\/product\/yoast-seo-wordpress\/ -->\n<title>Mission Accompagnement en Sant\u00e9 (MisAS) : la CPTS Ouest H\u00e9rault renforce son engagement avec la CPAM - CPTS Ouest H\u00e9rault<\/title>\n<meta name=\"description\" content=\"La CPTS Ouest H\u00e9rault s&#039;engage avec la CPAM de l\u2019H\u00e9rault pour lutter contre le renoncement aux soins via la Mission Accompagnement en Sant\u00e9 (MisAS). D\u00e9couvrez le dispositif, ses b\u00e9n\u00e9ficiaires et les modalit\u00e9s de signalement.\" \/>\n<meta name=\"robots\" content=\"index, follow, max-snippet:-1, max-image-preview:large, max-video-preview:-1\" \/>\n<link rel=\"canonical\" href=\"https:\/\/cpts-ouest-herault.fr\/index.php\/2025\/04\/10\/mission-accompagnement-en-sante-misas-la-cpts-ouest-herault-renforce-son-engagement-avec-la-cpam\/\" \/>\n<meta property=\"og:locale\" content=\"fr_FR\" \/>\n<meta property=\"og:type\" content=\"article\" \/>\n<meta property=\"og:title\" content=\"Mission Accompagnement en Sant\u00e9 (MisAS) : la CPTS Ouest H\u00e9rault renforce son engagement avec la CPAM - CPTS Ouest H\u00e9rault\" \/>\n<meta property=\"og:description\" content=\"La CPTS Ouest H\u00e9rault s&#039;engage avec la CPAM de l\u2019H\u00e9rault pour lutter contre le renoncement aux soins via la Mission Accompagnement en Sant\u00e9 (MisAS). D\u00e9couvrez le dispositif, ses b\u00e9n\u00e9ficiaires et les modalit\u00e9s de signalement.\" \/>\n<meta property=\"og:url\" content=\"https:\/\/cpts-ouest-herault.fr\/index.php\/2025\/04\/10\/mission-accompagnement-en-sante-misas-la-cpts-ouest-herault-renforce-son-engagement-avec-la-cpam\/\" \/>\n<meta property=\"og:site_name\" content=\"CPTS Ouest H\u00e9rault\" \/>\n<meta property=\"article:published_time\" content=\"2025-04-10T10:10:10+00:00\" \/>\n<meta property=\"article:modified_time\" content=\"2025-11-19T15:19:33+00:00\" \/>\n<meta property=\"og:image\" content=\"http:\/\/cpts-ouest-herault.fr\/wp-content\/uploads\/2025\/04\/Capture-decran-2025-04-10-120316.png\" \/>\n\t<meta property=\"og:image:width\" content=\"564\" \/>\n\t<meta property=\"og:image:height\" content=\"752\" \/>\n\t<meta property=\"og:image:type\" content=\"image\/png\" \/>\n<meta name=\"author\" content=\"admin5120\" \/>\n<meta name=\"twitter:card\" content=\"summary_large_image\" \/>\n<meta name=\"twitter:label1\" content=\"\u00c9crit par\" \/>\n\t<meta name=\"twitter:data1\" content=\"admin5120\" \/>\n\t<meta name=\"twitter:label2\" content=\"Dur\u00e9e de lecture estim\u00e9e\" \/>\n\t<meta name=\"twitter:data2\" content=\"3 minutes\" \/>\n<script type=\"application\/ld+json\" class=\"yoast-schema-graph\">{\"@context\":\"https:\\\/\\\/schema.org\",\"@graph\":[{\"@type\":\"Article\",\"@id\":\"https:\\\/\\\/cpts-ouest-herault.fr\\\/index.php\\\/2025\\\/04\\\/10\\\/mission-accompagnement-en-sante-misas-la-cpts-ouest-herault-renforce-son-engagement-avec-la-cpam\\\/#article\",\"isPartOf\":{\"@id\":\"https:\\\/\\\/cpts-ouest-herault.fr\\\/index.php\\\/2025\\\/04\\\/10\\\/mission-accompagnement-en-sante-misas-la-cpts-ouest-herault-renforce-son-engagement-avec-la-cpam\\\/\"},\"author\":{\"name\":\"admin5120\",\"@id\":\"https:\\\/\\\/cpts-ouest-herault.fr\\\/#\\\/schema\\\/person\\\/e2ec38d33992d51933b7be4c23745642\"},\"headline\":\"Mission Accompagnement en Sant\u00e9 (MisAS) : la CPTS Ouest H\u00e9rault renforce son engagement avec la CPAM\",\"datePublished\":\"2025-04-10T10:10:10+00:00\",\"dateModified\":\"2025-11-19T15:19:33+00:00\",\"mainEntityOfPage\":{\"@id\":\"https:\\\/\\\/cpts-ouest-herault.fr\\\/index.php\\\/2025\\\/04\\\/10\\\/mission-accompagnement-en-sante-misas-la-cpts-ouest-herault-renforce-son-engagement-avec-la-cpam\\\/\"},\"wordCount\":578,\"commentCount\":6,\"publisher\":{\"@id\":\"https:\\\/\\\/cpts-ouest-herault.fr\\\/#organization\"},\"image\":{\"@id\":\"https:\\\/\\\/cpts-ouest-herault.fr\\\/index.php\\\/2025\\\/04\\\/10\\\/mission-accompagnement-en-sante-misas-la-cpts-ouest-herault-renforce-son-engagement-avec-la-cpam\\\/#primaryimage\"},\"thumbnailUrl\":\"https:\\\/\\\/cpts-ouest-herault.fr\\\/wp-content\\\/uploads\\\/2025\\\/04\\\/Capture-decran-2025-04-10-120316.png\",\"articleSection\":[\"Actualit\u00e9s CPTS\"],\"inLanguage\":\"fr-FR\",\"potentialAction\":[{\"@type\":\"CommentAction\",\"name\":\"Comment\",\"target\":[\"https:\\\/\\\/cpts-ouest-herault.fr\\\/index.php\\\/2025\\\/04\\\/10\\\/mission-accompagnement-en-sante-misas-la-cpts-ouest-herault-renforce-son-engagement-avec-la-cpam\\\/#respond\"]}]},{\"@type\":\"WebPage\",\"@id\":\"https:\\\/\\\/cpts-ouest-herault.fr\\\/index.php\\\/2025\\\/04\\\/10\\\/mission-accompagnement-en-sante-misas-la-cpts-ouest-herault-renforce-son-engagement-avec-la-cpam\\\/\",\"url\":\"https:\\\/\\\/cpts-ouest-herault.fr\\\/index.php\\\/2025\\\/04\\\/10\\\/mission-accompagnement-en-sante-misas-la-cpts-ouest-herault-renforce-son-engagement-avec-la-cpam\\\/\",\"name\":\"Mission Accompagnement en Sant\u00e9 (MisAS) : la CPTS Ouest H\u00e9rault renforce son engagement avec la CPAM - CPTS Ouest H\u00e9rault\",\"isPartOf\":{\"@id\":\"https:\\\/\\\/cpts-ouest-herault.fr\\\/#website\"},\"primaryImageOfPage\":{\"@id\":\"https:\\\/\\\/cpts-ouest-herault.fr\\\/index.php\\\/2025\\\/04\\\/10\\\/mission-accompagnement-en-sante-misas-la-cpts-ouest-herault-renforce-son-engagement-avec-la-cpam\\\/#primaryimage\"},\"image\":{\"@id\":\"https:\\\/\\\/cpts-ouest-herault.fr\\\/index.php\\\/2025\\\/04\\\/10\\\/mission-accompagnement-en-sante-misas-la-cpts-ouest-herault-renforce-son-engagement-avec-la-cpam\\\/#primaryimage\"},\"thumbnailUrl\":\"https:\\\/\\\/cpts-ouest-herault.fr\\\/wp-content\\\/uploads\\\/2025\\\/04\\\/Capture-decran-2025-04-10-120316.png\",\"datePublished\":\"2025-04-10T10:10:10+00:00\",\"dateModified\":\"2025-11-19T15:19:33+00:00\",\"description\":\"La CPTS Ouest H\u00e9rault s'engage avec la CPAM de l\u2019H\u00e9rault pour lutter contre le renoncement aux soins via la Mission Accompagnement en Sant\u00e9 (MisAS). D\u00e9couvrez le dispositif, ses b\u00e9n\u00e9ficiaires et les modalit\u00e9s de signalement.\",\"breadcrumb\":{\"@id\":\"https:\\\/\\\/cpts-ouest-herault.fr\\\/index.php\\\/2025\\\/04\\\/10\\\/mission-accompagnement-en-sante-misas-la-cpts-ouest-herault-renforce-son-engagement-avec-la-cpam\\\/#breadcrumb\"},\"inLanguage\":\"fr-FR\",\"potentialAction\":[{\"@type\":\"ReadAction\",\"target\":[\"https:\\\/\\\/cpts-ouest-herault.fr\\\/index.php\\\/2025\\\/04\\\/10\\\/mission-accompagnement-en-sante-misas-la-cpts-ouest-herault-renforce-son-engagement-avec-la-cpam\\\/\"]}]},{\"@type\":\"ImageObject\",\"inLanguage\":\"fr-FR\",\"@id\":\"https:\\\/\\\/cpts-ouest-herault.fr\\\/index.php\\\/2025\\\/04\\\/10\\\/mission-accompagnement-en-sante-misas-la-cpts-ouest-herault-renforce-son-engagement-avec-la-cpam\\\/#primaryimage\",\"url\":\"https:\\\/\\\/cpts-ouest-herault.fr\\\/wp-content\\\/uploads\\\/2025\\\/04\\\/Capture-decran-2025-04-10-120316.png\",\"contentUrl\":\"https:\\\/\\\/cpts-ouest-herault.fr\\\/wp-content\\\/uploads\\\/2025\\\/04\\\/Capture-decran-2025-04-10-120316.png\",\"width\":564,\"height\":752,\"caption\":\"Affiche MisAs\"},{\"@type\":\"BreadcrumbList\",\"@id\":\"https:\\\/\\\/cpts-ouest-herault.fr\\\/index.php\\\/2025\\\/04\\\/10\\\/mission-accompagnement-en-sante-misas-la-cpts-ouest-herault-renforce-son-engagement-avec-la-cpam\\\/#breadcrumb\",\"itemListElement\":[{\"@type\":\"ListItem\",\"position\":1,\"name\":\"Accueil\",\"item\":\"https:\\\/\\\/cpts-ouest-herault.fr\\\/\"},{\"@type\":\"ListItem\",\"position\":2,\"name\":\"Mission Accompagnement en Sant\u00e9 (MisAS) : la CPTS Ouest H\u00e9rault renforce son engagement avec la CPAM\"}]},{\"@type\":\"WebSite\",\"@id\":\"https:\\\/\\\/cpts-ouest-herault.fr\\\/#website\",\"url\":\"https:\\\/\\\/cpts-ouest-herault.fr\\\/\",\"name\":\"CPTS Ouest H\u00e9rault\",\"description\":\"\",\"publisher\":{\"@id\":\"https:\\\/\\\/cpts-ouest-herault.fr\\\/#organization\"},\"potentialAction\":[{\"@type\":\"SearchAction\",\"target\":{\"@type\":\"EntryPoint\",\"urlTemplate\":\"https:\\\/\\\/cpts-ouest-herault.fr\\\/?s={search_term_string}\"},\"query-input\":{\"@type\":\"PropertyValueSpecification\",\"valueRequired\":true,\"valueName\":\"search_term_string\"}}],\"inLanguage\":\"fr-FR\"},{\"@type\":\"Organization\",\"@id\":\"https:\\\/\\\/cpts-ouest-herault.fr\\\/#organization\",\"name\":\"CPTS Ouest H\u00e9rault\",\"url\":\"https:\\\/\\\/cpts-ouest-herault.fr\\\/\",\"logo\":{\"@type\":\"ImageObject\",\"inLanguage\":\"fr-FR\",\"@id\":\"https:\\\/\\\/cpts-ouest-herault.fr\\\/#\\\/schema\\\/logo\\\/image\\\/\",\"url\":\"https:\\\/\\\/cpts-ouest-herault.fr\\\/wp-content\\\/uploads\\\/2025\\\/03\\\/cropped-Logo-CPTS-Modifie.png\",\"contentUrl\":\"https:\\\/\\\/cpts-ouest-herault.fr\\\/wp-content\\\/uploads\\\/2025\\\/03\\\/cropped-Logo-CPTS-Modifie.png\",\"width\":175,\"height\":134,\"caption\":\"CPTS Ouest H\u00e9rault\"},\"image\":{\"@id\":\"https:\\\/\\\/cpts-ouest-herault.fr\\\/#\\\/schema\\\/logo\\\/image\\\/\"},\"sameAs\":[\"https:\\\/\\\/www.linkedin.com\\\/company\\\/cpts-ouest-herault\"]},{\"@type\":\"Person\",\"@id\":\"https:\\\/\\\/cpts-ouest-herault.fr\\\/#\\\/schema\\\/person\\\/e2ec38d33992d51933b7be4c23745642\",\"name\":\"admin5120\",\"image\":{\"@type\":\"ImageObject\",\"inLanguage\":\"fr-FR\",\"@id\":\"https:\\\/\\\/secure.gravatar.com\\\/avatar\\\/c4d1cc16ef704da6329a105955d8e3fdfff70d0b410a11925b48bc2d9e9309e1?s=96&d=mm&r=g\",\"url\":\"https:\\\/\\\/secure.gravatar.com\\\/avatar\\\/c4d1cc16ef704da6329a105955d8e3fdfff70d0b410a11925b48bc2d9e9309e1?s=96&d=mm&r=g\",\"contentUrl\":\"https:\\\/\\\/secure.gravatar.com\\\/avatar\\\/c4d1cc16ef704da6329a105955d8e3fdfff70d0b410a11925b48bc2d9e9309e1?s=96&d=mm&r=g\",\"caption\":\"admin5120\"},\"sameAs\":[\"http:\\\/\\\/cpts-ouest-herault.fr\"],\"url\":\"https:\\\/\\\/cpts-ouest-herault.fr\\\/index.php\\\/author\\\/admin5120\\\/\"}]}<\/script>\n<!-- \/ Yoast SEO plugin. -->","yoast_head_json":{"title":"Mission Accompagnement en Sant\u00e9 (MisAS) : la CPTS Ouest H\u00e9rault renforce son engagement avec la CPAM - CPTS Ouest H\u00e9rault","description":"La CPTS Ouest H\u00e9rault s'engage avec la CPAM de l\u2019H\u00e9rault pour lutter contre le renoncement aux soins via la Mission Accompagnement en Sant\u00e9 (MisAS). D\u00e9couvrez le dispositif, ses b\u00e9n\u00e9ficiaires et les modalit\u00e9s de signalement.","robots":{"index":"index","follow":"follow","max-snippet":"max-snippet:-1","max-image-preview":"max-image-preview:large","max-video-preview":"max-video-preview:-1"},"canonical":"https:\/\/cpts-ouest-herault.fr\/index.php\/2025\/04\/10\/mission-accompagnement-en-sante-misas-la-cpts-ouest-herault-renforce-son-engagement-avec-la-cpam\/","og_locale":"fr_FR","og_type":"article","og_title":"Mission Accompagnement en Sant\u00e9 (MisAS) : la CPTS Ouest H\u00e9rault renforce son engagement avec la CPAM - CPTS Ouest H\u00e9rault","og_description":"La CPTS Ouest H\u00e9rault s'engage avec la CPAM de l\u2019H\u00e9rault pour lutter contre le renoncement aux soins via la Mission Accompagnement en Sant\u00e9 (MisAS). D\u00e9couvrez le dispositif, ses b\u00e9n\u00e9ficiaires et les modalit\u00e9s de signalement.","og_url":"https:\/\/cpts-ouest-herault.fr\/index.php\/2025\/04\/10\/mission-accompagnement-en-sante-misas-la-cpts-ouest-herault-renforce-son-engagement-avec-la-cpam\/","og_site_name":"CPTS Ouest H\u00e9rault","article_published_time":"2025-04-10T10:10:10+00:00","article_modified_time":"2025-11-19T15:19:33+00:00","og_image":[{"width":564,"height":752,"url":"http:\/\/cpts-ouest-herault.fr\/wp-content\/uploads\/2025\/04\/Capture-decran-2025-04-10-120316.png","type":"image\/png"}],"author":"admin5120","twitter_card":"summary_large_image","twitter_misc":{"\u00c9crit par":"admin5120","Dur\u00e9e de lecture estim\u00e9e":"3 minutes"},"schema":{"@context":"https:\/\/schema.org","@graph":[{"@type":"Article","@id":"https:\/\/cpts-ouest-herault.fr\/index.php\/2025\/04\/10\/mission-accompagnement-en-sante-misas-la-cpts-ouest-herault-renforce-son-engagement-avec-la-cpam\/#article","isPartOf":{"@id":"https:\/\/cpts-ouest-herault.fr\/index.php\/2025\/04\/10\/mission-accompagnement-en-sante-misas-la-cpts-ouest-herault-renforce-son-engagement-avec-la-cpam\/"},"author":{"name":"admin5120","@id":"https:\/\/cpts-ouest-herault.fr\/#\/schema\/person\/e2ec38d33992d51933b7be4c23745642"},"headline":"Mission Accompagnement en Sant\u00e9 (MisAS) : la CPTS Ouest H\u00e9rault renforce son engagement avec la CPAM","datePublished":"2025-04-10T10:10:10+00:00","dateModified":"2025-11-19T15:19:33+00:00","mainEntityOfPage":{"@id":"https:\/\/cpts-ouest-herault.fr\/index.php\/2025\/04\/10\/mission-accompagnement-en-sante-misas-la-cpts-ouest-herault-renforce-son-engagement-avec-la-cpam\/"},"wordCount":578,"commentCount":6,"publisher":{"@id":"https:\/\/cpts-ouest-herault.fr\/#organization"},"image":{"@id":"https:\/\/cpts-ouest-herault.fr\/index.php\/2025\/04\/10\/mission-accompagnement-en-sante-misas-la-cpts-ouest-herault-renforce-son-engagement-avec-la-cpam\/#primaryimage"},"thumbnailUrl":"https:\/\/cpts-ouest-herault.fr\/wp-content\/uploads\/2025\/04\/Capture-decran-2025-04-10-120316.png","articleSection":["Actualit\u00e9s CPTS"],"inLanguage":"fr-FR","potentialAction":[{"@type":"CommentAction","name":"Comment","target":["https:\/\/cpts-ouest-herault.fr\/index.php\/2025\/04\/10\/mission-accompagnement-en-sante-misas-la-cpts-ouest-herault-renforce-son-engagement-avec-la-cpam\/#respond"]}]},{"@type":"WebPage","@id":"https:\/\/cpts-ouest-herault.fr\/index.php\/2025\/04\/10\/mission-accompagnement-en-sante-misas-la-cpts-ouest-herault-renforce-son-engagement-avec-la-cpam\/","url":"https:\/\/cpts-ouest-herault.fr\/index.php\/2025\/04\/10\/mission-accompagnement-en-sante-misas-la-cpts-ouest-herault-renforce-son-engagement-avec-la-cpam\/","name":"Mission Accompagnement en Sant\u00e9 (MisAS) : la CPTS Ouest H\u00e9rault renforce son engagement avec la CPAM - CPTS Ouest H\u00e9rault","isPartOf":{"@id":"https:\/\/cpts-ouest-herault.fr\/#website"},"primaryImageOfPage":{"@id":"https:\/\/cpts-ouest-herault.fr\/index.php\/2025\/04\/10\/mission-accompagnement-en-sante-misas-la-cpts-ouest-herault-renforce-son-engagement-avec-la-cpam\/#primaryimage"},"image":{"@id":"https:\/\/cpts-ouest-herault.fr\/index.php\/2025\/04\/10\/mission-accompagnement-en-sante-misas-la-cpts-ouest-herault-renforce-son-engagement-avec-la-cpam\/#primaryimage"},"thumbnailUrl":"https:\/\/cpts-ouest-herault.fr\/wp-content\/uploads\/2025\/04\/Capture-decran-2025-04-10-120316.png","datePublished":"2025-04-10T10:10:10+00:00","dateModified":"2025-11-19T15:19:33+00:00","description":"La CPTS Ouest H\u00e9rault s'engage avec la CPAM de l\u2019H\u00e9rault pour lutter contre le renoncement aux soins via la Mission Accompagnement en Sant\u00e9 (MisAS). D\u00e9couvrez le dispositif, ses b\u00e9n\u00e9ficiaires et les modalit\u00e9s de signalement.","breadcrumb":{"@id":"https:\/\/cpts-ouest-herault.fr\/index.php\/2025\/04\/10\/mission-accompagnement-en-sante-misas-la-cpts-ouest-herault-renforce-son-engagement-avec-la-cpam\/#breadcrumb"},"inLanguage":"fr-FR","potentialAction":[{"@type":"ReadAction","target":["https:\/\/cpts-ouest-herault.fr\/index.php\/2025\/04\/10\/mission-accompagnement-en-sante-misas-la-cpts-ouest-herault-renforce-son-engagement-avec-la-cpam\/"]}]},{"@type":"ImageObject","inLanguage":"fr-FR","@id":"https:\/\/cpts-ouest-herault.fr\/index.php\/2025\/04\/10\/mission-accompagnement-en-sante-misas-la-cpts-ouest-herault-renforce-son-engagement-avec-la-cpam\/#primaryimage","url":"https:\/\/cpts-ouest-herault.fr\/wp-content\/uploads\/2025\/04\/Capture-decran-2025-04-10-120316.png","contentUrl":"https:\/\/cpts-ouest-herault.fr\/wp-content\/uploads\/2025\/04\/Capture-decran-2025-04-10-120316.png","width":564,"height":752,"caption":"Affiche MisAs"},{"@type":"BreadcrumbList","@id":"https:\/\/cpts-ouest-herault.fr\/index.php\/2025\/04\/10\/mission-accompagnement-en-sante-misas-la-cpts-ouest-herault-renforce-son-engagement-avec-la-cpam\/#breadcrumb","itemListElement":[{"@type":"ListItem","position":1,"name":"Accueil","item":"https:\/\/cpts-ouest-herault.fr\/"},{"@type":"ListItem","position":2,"name":"Mission Accompagnement en Sant\u00e9 (MisAS) : la CPTS Ouest H\u00e9rault renforce son engagement avec la CPAM"}]},{"@type":"WebSite","@id":"https:\/\/cpts-ouest-herault.fr\/#website","url":"https:\/\/cpts-ouest-herault.fr\/","name":"CPTS Ouest H\u00e9rault","description":"","publisher":{"@id":"https:\/\/cpts-ouest-herault.fr\/#organization"},"potentialAction":[{"@type":"SearchAction","target":{"@type":"EntryPoint","urlTemplate":"https:\/\/cpts-ouest-herault.fr\/?s={search_term_string}"},"query-input":{"@type":"PropertyValueSpecification","valueRequired":true,"valueName":"search_term_string"}}],"inLanguage":"fr-FR"},{"@type":"Organization","@id":"https:\/\/cpts-ouest-herault.fr\/#organization","name":"CPTS Ouest H\u00e9rault","url":"https:\/\/cpts-ouest-herault.fr\/","logo":{"@type":"ImageObject","inLanguage":"fr-FR","@id":"https:\/\/cpts-ouest-herault.fr\/#\/schema\/logo\/image\/","url":"https:\/\/cpts-ouest-herault.fr\/wp-content\/uploads\/2025\/03\/cropped-Logo-CPTS-Modifie.png","contentUrl":"https:\/\/cpts-ouest-herault.fr\/wp-content\/uploads\/2025\/03\/cropped-Logo-CPTS-Modifie.png","width":175,"height":134,"caption":"CPTS Ouest H\u00e9rault"},"image":{"@id":"https:\/\/cpts-ouest-herault.fr\/#\/schema\/logo\/image\/"},"sameAs":["https:\/\/www.linkedin.com\/company\/cpts-ouest-herault"]},{"@type":"Person","@id":"https:\/\/cpts-ouest-herault.fr\/#\/schema\/person\/e2ec38d33992d51933b7be4c23745642","name":"admin5120","image":{"@type":"ImageObject","inLanguage":"fr-FR","@id":"https:\/\/secure.gravatar.com\/avatar\/c4d1cc16ef704da6329a105955d8e3fdfff70d0b410a11925b48bc2d9e9309e1?s=96&d=mm&r=g","url":"https:\/\/secure.gravatar.com\/avatar\/c4d1cc16ef704da6329a105955d8e3fdfff70d0b410a11925b48bc2d9e9309e1?s=96&d=mm&r=g","contentUrl":"https:\/\/secure.gravatar.com\/avatar\/c4d1cc16ef704da6329a105955d8e3fdfff70d0b410a11925b48bc2d9e9309e1?s=96&d=mm&r=g","caption":"admin5120"},"sameAs":["http:\/\/cpts-ouest-herault.fr"],"url":"https:\/\/cpts-ouest-herault.fr\/index.php\/author\/admin5120\/"}]}},"_links":{"self":[{"href":"https:\/\/cpts-ouest-herault.fr\/index.php\/wp-json\/wp\/v2\/posts\/211","targetHints":{"allow":["GET"]}}],"collection":[{"href":"https:\/\/cpts-ouest-herault.fr\/index.php\/wp-json\/wp\/v2\/posts"}],"about":[{"href":"https:\/\/cpts-ouest-herault.fr\/index.php\/wp-json\/wp\/v2\/types\/post"}],"author":[{"embeddable":true,"href":"https:\/\/cpts-ouest-herault.fr\/index.php\/wp-json\/wp\/v2\/users\/1"}],"replies":[{"embeddable":true,"href":"https:\/\/cpts-ouest-herault.fr\/index.php\/wp-json\/wp\/v2\/comments?post=211"}],"version-history":[{"count":0,"href":"https:\/\/cpts-ouest-herault.fr\/index.php\/wp-json\/wp\/v2\/posts\/211\/revisions"}],"wp:featuredmedia":[{"embeddable":true,"href":"https:\/\/cpts-ouest-herault.fr\/index.php\/wp-json\/wp\/v2\/media\/213"}],"wp:attachment":[{"href":"https:\/\/cpts-ouest-herault.fr\/index.php\/wp-json\/wp\/v2\/media?parent=211"}],"wp:term":[{"taxonomy":"category","embeddable":true,"href":"https:\/\/cpts-ouest-herault.fr\/index.php\/wp-json\/wp\/v2\/categories?post=211"},{"taxonomy":"post_tag","embeddable":true,"href":"https:\/\/cpts-ouest-herault.fr\/index.php\/wp-json\/wp\/v2\/tags?post=211"}],"curies":[{"name":"wp","href":"https:\/\/api.w.org\/{rel}","templated":true}]}}