{"id":290,"date":"2025-05-22T10:58:38","date_gmt":"2025-05-22T08:58:38","guid":{"rendered":"https:\/\/cpts-ouest-herault.fr\/?p=290"},"modified":"2025-11-19T16:19:56","modified_gmt":"2025-11-19T15:19:56","slug":"vaccination-coqueluche-proteger-les-nourrissons-et-les-publics-fragiles","status":"publish","type":"post","link":"https:\/\/cpts-ouest-herault.fr\/index.php\/2025\/05\/22\/vaccination-coqueluche-proteger-les-nourrissons-et-les-publics-fragiles\/","title":{"rendered":"Vaccination coqueluche : prot\u00e9ger les nourrissons et les publics fragiles"},"content":{"rendered":"\n<p class=\"has-ast-global-color-3-color has-text-color has-link-color wp-elements-c283cd190b57ac0c0f2836719dcddfa2\">La <strong>coqueluche<\/strong> reste une maladie tr\u00e8s contagieuse et potentiellement grave chez les nourrissons non vaccin\u00e9s, notamment avant 6 mois. En 2024, une recrudescence des cas a \u00e9t\u00e9 observ\u00e9e en France, avec 42 d\u00e9c\u00e8s dont 23 chez des enfants de moins de 1 an. Pour renforcer la pr\u00e9vention, les autorit\u00e9s de sant\u00e9 rappellent l\u2019importance de la <strong>vaccination coqueluche<\/strong>, en particulier pour les professionnels et les femmes enceintes.<\/p>\n\n\n\n<h2 class=\"wp-block-heading\">Pourquoi vacciner contre la coqueluche ?<\/h2>\n\n\n\n<p class=\"has-ast-global-color-3-color has-text-color has-link-color wp-elements-4d6599f67b3474380a4b95cb8597b7b1\">Le <strong>Bordetella pertussis<\/strong>, agent responsable de la coqueluche, entra\u00eene des sympt\u00f4mes s\u00e9v\u00e8res chez les jeunes enfants : quinte asphyxiante, apn\u00e9e, bradycardie, voire d\u00e9faillance multi-visc\u00e9rale (coqueluche maligne). Les formes les plus graves surviennent chez les nourrissons de moins de 3 mois non prot\u00e9g\u00e9s.<\/p>\n\n\n\n<h2 class=\"wp-block-heading\">Quels publics sont concern\u00e9s par la vaccination coqueluche ?<\/h2>\n\n\n\n<p class=\"has-ast-global-color-3-color has-text-color has-link-color wp-elements-078e47ac2ddabf8f1d303fce8e4d22f0\">Selon les recommandations actualis\u00e9es de la <strong>HAS (juillet 2024)<\/strong>, la vaccination est indiqu\u00e9e pour :<\/p>\n\n\n\n<ul class=\"wp-block-list\">\n<li class=\"has-ast-global-color-3-color has-text-color has-link-color wp-elements-c033504c51ac6abdc154393138ee0445\">Tous les <strong>nourrissons<\/strong> (vaccination obligatoire depuis 2018)<\/li>\n\n\n\n<li class=\"has-ast-global-color-3-color has-text-color has-link-color wp-elements-a53d619f39035bac32569b48c1d0ce5a\">Les <strong>femmes enceintes<\/strong> \u00e0 chaque grossesse (entre 20 et 36 SA)<\/li>\n\n\n\n<li class=\"has-ast-global-color-3-color has-text-color has-link-color wp-elements-87c4c711e563e959727ab0c9d0681213\">Les <strong>professionnels de sant\u00e9<\/strong> en contact avec des nouveau-n\u00e9s<\/li>\n\n\n\n<li class=\"has-ast-global-color-3-color has-text-color has-link-color wp-elements-dd8a5b56888e0fd6b96fd1cd551a47e9\">L\u2019<strong>entourage familial<\/strong> imm\u00e9diat des nourrissons (strat\u00e9gie de cocooning)<\/li>\n<\/ul>\n\n\n\n<h3 class=\"wp-block-heading\">Couverture vaccinale actuelle :<\/h3>\n\n\n\n<ul class=\"wp-block-list\">\n<li class=\"has-ast-global-color-3-color has-text-color has-link-color wp-elements-2e5bf9a9fa83c4e25ad65f3c8187592e\">Nourrissons : 90,9 % \u00e0 3 doses<\/li>\n\n\n\n<li class=\"has-ast-global-color-3-color has-text-color has-link-color wp-elements-50137b30880f86f080541d3b05a0b1de\">Professionnels de sant\u00e9 : entre 50 % et 73 %<\/li>\n\n\n\n<li class=\"has-ast-global-color-3-color has-text-color has-link-color wp-elements-586d321d4f4cc00842b006054ffa8eef\">Femmes enceintes : moins de 20 %<\/li>\n\n\n\n<li class=\"has-ast-global-color-3-color has-text-color has-link-color wp-elements-07b57bff2a6f2c0eab9d8df2bee26ed2\">Cocooning : 42 \u00e0 59 %<\/li>\n<\/ul>\n\n\n\n<h2 class=\"wp-block-heading\">Nouveaut\u00e9s \u00e0 retenir<\/h2>\n\n\n\n<ul class=\"wp-block-list\">\n<li class=\"has-ast-global-color-3-color has-text-color has-link-color wp-elements-c2ff96b60556e32bdf800c47b458ed5a\">La vaccination est <strong>combin\u00e9e<\/strong> (pas de vaccin coquelucheux seul)<\/li>\n\n\n\n<li class=\"has-ast-global-color-3-color has-text-color has-link-color wp-elements-77393ae84dddeab52f6813ad29b4d06f\"><strong>1 mois de d\u00e9lai<\/strong> apr\u00e8s la vaccination est n\u00e9cessaire avant contact avec le nourrisson<\/li>\n\n\n\n<li class=\"has-ast-global-color-3-color has-text-color has-link-color wp-elements-98c34af83137899fd7a4fc3ad924ba86\">Une <strong>dose de rappel<\/strong> est recommand\u00e9e si plus de 5 ans depuis la derni\u00e8re injection<\/li>\n\n\n\n<li><\/li>\n<\/ul>\n\n\n\n<h2 class=\"wp-block-heading\">Votre r\u00f4le est essentiel<\/h2>\n\n\n\n<p class=\"has-ast-global-color-3-color has-text-color has-link-color wp-elements-bf8e6c1f259778d38994167e9c057e23\">Professionnels de sant\u00e9, nous vous invitons \u00e0 :<\/p>\n\n\n\n<ul class=\"wp-block-list\">\n<li class=\"has-ast-global-color-3-color has-text-color has-link-color wp-elements-cdb406d4a27b463a6007694753b1c2be\">Vous assurer de votre statut vaccinal et de celui de votre entourage professionnel<\/li>\n\n\n\n<li class=\"has-ast-global-color-3-color has-text-color has-link-color wp-elements-1d34de9d71b9f706766ad7b13ccc9c0e\">Informer les patientes enceintes et les familles de l\u2019importance du vaccin<\/li>\n\n\n\n<li class=\"has-ast-global-color-3-color has-text-color has-link-color wp-elements-2b3ea7d18ee5e1a2a47f10dcefc0f347\">Afficher les supports de pr\u00e9vention dans vos lieux d\u2019exercice<\/li>\n<\/ul>\n\n\n\n<p class=\"has-ast-global-color-3-color has-text-color has-link-color wp-elements-24de181e105c70b06b2c0e54f21c370c\"><a href=\"http:\/\/cpts-ouest-herault.fr\/wp-content\/uploads\/2025\/05\/unnamed.jpg\">T\u00e9l\u00e9charger l\u2019affiche Vaccination Coqueluche \u2013 patients fragiles (PDF)<\/a><\/p>\n\n\n\n<p><\/p>\n","protected":false},"excerpt":{"rendered":"<p>La coqueluche reste une maladie tr\u00e8s contagieuse et potentiellement grave chez les nourrissons non vaccin\u00e9s, notamment avant 6 mois. En [&hellip;]<\/p>\n","protected":false},"author":1,"featured_media":292,"comment_status":"closed","ping_status":"closed","sticky":false,"template":"","format":"standard","meta":{"site-sidebar-layout":"default","site-content-layout":"","ast-site-content-layout":"default","site-content-style":"default","site-sidebar-style":"default","ast-global-header-display":"","ast-banner-title-visibility":"","ast-main-header-display":"","ast-hfb-above-header-display":"","ast-hfb-below-header-display":"","ast-hfb-mobile-header-display":"","site-post-title":"","ast-breadcrumbs-content":"","ast-featured-img":"","footer-sml-layout":"","theme-transparent-header-meta":"","adv-header-id-meta":"","stick-header-meta":"","header-above-stick-meta":"","header-main-stick-meta":"","header-below-stick-meta":"","astra-migrate-meta-layouts":"default","ast-page-background-enabled":"default","ast-page-background-meta":{"desktop":{"background-color":"var(--ast-global-color-5)","background-image":"","background-repeat":"repeat","background-position":"center center","background-size":"auto","background-attachment":"scroll","background-type":"","background-media":"","overlay-type":"","overlay-color":"","overlay-opacity":"","overlay-gradient":""},"tablet":{"background-color":"","background-image":"","background-repeat":"repeat","background-position":"center center","background-size":"auto","background-attachment":"scroll","background-type":"","background-media":"","overlay-type":"","overlay-color":"","overlay-opacity":"","overlay-gradient":""},"mobile":{"background-color":"","background-image":"","background-repeat":"repeat","background-position":"center center","background-size":"auto","background-attachment":"scroll","background-type":"","background-media":"","overlay-type":"","overlay-color":"","overlay-opacity":"","overlay-gradient":""}},"ast-content-background-meta":{"desktop":{"background-color":"var(--ast-global-color-4)","background-image":"","background-repeat":"repeat","background-position":"center center","background-size":"auto","background-attachment":"scroll","background-type":"","background-media":"","overlay-type":"","overlay-color":"","overlay-opacity":"","overlay-gradient":""},"tablet":{"background-color":"var(--ast-global-color-4)","background-image":"","background-repeat":"repeat","background-position":"center center","background-size":"auto","background-attachment":"scroll","background-type":"","background-media":"","overlay-type":"","overlay-color":"","overlay-opacity":"","overlay-gradient":""},"mobile":{"background-color":"var(--ast-global-color-4)","background-image":"","background-repeat":"repeat","background-position":"center center","background-size":"auto","background-attachment":"scroll","background-type":"","background-media":"","overlay-type":"","overlay-color":"","overlay-opacity":"","overlay-gradient":""}},"footnotes":""},"categories":[39],"tags":[],"class_list":["post-290","post","type-post","status-publish","format-standard","has-post-thumbnail","hentry","category-national"],"yoast_head":"<!-- This site is optimized with the Yoast SEO plugin v27.5 - https:\/\/yoast.com\/product\/yoast-seo-wordpress\/ -->\n<title>Vaccination coqueluche : prot\u00e9ger les nourrissons et les publics fragiles - CPTS Ouest H\u00e9rault<\/title>\n<meta name=\"description\" content=\"Recommandations 2024 pour la vaccination coqueluche : prot\u00e9gez les nourrissons et les publics fragiles. T\u00e9l\u00e9chargez l&#039;affiche \u00e0 afficher dans votre cabinet.\" \/>\n<meta name=\"robots\" content=\"index, follow, max-snippet:-1, max-image-preview:large, max-video-preview:-1\" \/>\n<link rel=\"canonical\" href=\"https:\/\/cpts-ouest-herault.fr\/index.php\/2025\/05\/22\/vaccination-coqueluche-proteger-les-nourrissons-et-les-publics-fragiles\/\" \/>\n<meta property=\"og:locale\" content=\"fr_FR\" \/>\n<meta property=\"og:type\" content=\"article\" \/>\n<meta property=\"og:title\" content=\"Vaccination coqueluche : prot\u00e9ger les nourrissons et les publics fragiles - CPTS Ouest H\u00e9rault\" \/>\n<meta property=\"og:description\" content=\"Recommandations 2024 pour la vaccination coqueluche : prot\u00e9gez les nourrissons et les publics fragiles. T\u00e9l\u00e9chargez l&#039;affiche \u00e0 afficher dans votre cabinet.\" \/>\n<meta property=\"og:url\" content=\"https:\/\/cpts-ouest-herault.fr\/index.php\/2025\/05\/22\/vaccination-coqueluche-proteger-les-nourrissons-et-les-publics-fragiles\/\" \/>\n<meta property=\"og:site_name\" content=\"CPTS Ouest H\u00e9rault\" \/>\n<meta property=\"article:published_time\" content=\"2025-05-22T08:58:38+00:00\" \/>\n<meta property=\"article:modified_time\" content=\"2025-11-19T15:19:56+00:00\" \/>\n<meta property=\"og:image\" content=\"http:\/\/cpts-ouest-herault.fr\/wp-content\/uploads\/2025\/05\/Coqueluche-1024x576.png\" \/>\n\t<meta property=\"og:image:width\" content=\"1024\" \/>\n\t<meta property=\"og:image:height\" content=\"576\" \/>\n\t<meta property=\"og:image:type\" content=\"image\/png\" \/>\n<meta name=\"author\" content=\"admin5120\" \/>\n<meta name=\"twitter:card\" content=\"summary_large_image\" \/>\n<meta name=\"twitter:label1\" content=\"\u00c9crit par\" \/>\n\t<meta name=\"twitter:data1\" content=\"admin5120\" \/>\n\t<meta name=\"twitter:label2\" content=\"Dur\u00e9e de lecture estim\u00e9e\" \/>\n\t<meta name=\"twitter:data2\" content=\"2 minutes\" \/>\n<script type=\"application\/ld+json\" class=\"yoast-schema-graph\">{\"@context\":\"https:\\\/\\\/schema.org\",\"@graph\":[{\"@type\":\"Article\",\"@id\":\"https:\\\/\\\/cpts-ouest-herault.fr\\\/index.php\\\/2025\\\/05\\\/22\\\/vaccination-coqueluche-proteger-les-nourrissons-et-les-publics-fragiles\\\/#article\",\"isPartOf\":{\"@id\":\"https:\\\/\\\/cpts-ouest-herault.fr\\\/index.php\\\/2025\\\/05\\\/22\\\/vaccination-coqueluche-proteger-les-nourrissons-et-les-publics-fragiles\\\/\"},\"author\":{\"name\":\"admin5120\",\"@id\":\"https:\\\/\\\/cpts-ouest-herault.fr\\\/#\\\/schema\\\/person\\\/e2ec38d33992d51933b7be4c23745642\"},\"headline\":\"Vaccination coqueluche : prot\u00e9ger les nourrissons et les publics fragiles\",\"datePublished\":\"2025-05-22T08:58:38+00:00\",\"dateModified\":\"2025-11-19T15:19:56+00:00\",\"mainEntityOfPage\":{\"@id\":\"https:\\\/\\\/cpts-ouest-herault.fr\\\/index.php\\\/2025\\\/05\\\/22\\\/vaccination-coqueluche-proteger-les-nourrissons-et-les-publics-fragiles\\\/\"},\"wordCount\":309,\"publisher\":{\"@id\":\"https:\\\/\\\/cpts-ouest-herault.fr\\\/#organization\"},\"image\":{\"@id\":\"https:\\\/\\\/cpts-ouest-herault.fr\\\/index.php\\\/2025\\\/05\\\/22\\\/vaccination-coqueluche-proteger-les-nourrissons-et-les-publics-fragiles\\\/#primaryimage\"},\"thumbnailUrl\":\"https:\\\/\\\/cpts-ouest-herault.fr\\\/wp-content\\\/uploads\\\/2025\\\/05\\\/Coqueluche.png\",\"articleSection\":[\"Actualit\u00e9s r\u00e9gionales et nationales\"],\"inLanguage\":\"fr-FR\"},{\"@type\":\"WebPage\",\"@id\":\"https:\\\/\\\/cpts-ouest-herault.fr\\\/index.php\\\/2025\\\/05\\\/22\\\/vaccination-coqueluche-proteger-les-nourrissons-et-les-publics-fragiles\\\/\",\"url\":\"https:\\\/\\\/cpts-ouest-herault.fr\\\/index.php\\\/2025\\\/05\\\/22\\\/vaccination-coqueluche-proteger-les-nourrissons-et-les-publics-fragiles\\\/\",\"name\":\"Vaccination coqueluche : prot\u00e9ger les nourrissons et les publics fragiles - CPTS Ouest H\u00e9rault\",\"isPartOf\":{\"@id\":\"https:\\\/\\\/cpts-ouest-herault.fr\\\/#website\"},\"primaryImageOfPage\":{\"@id\":\"https:\\\/\\\/cpts-ouest-herault.fr\\\/index.php\\\/2025\\\/05\\\/22\\\/vaccination-coqueluche-proteger-les-nourrissons-et-les-publics-fragiles\\\/#primaryimage\"},\"image\":{\"@id\":\"https:\\\/\\\/cpts-ouest-herault.fr\\\/index.php\\\/2025\\\/05\\\/22\\\/vaccination-coqueluche-proteger-les-nourrissons-et-les-publics-fragiles\\\/#primaryimage\"},\"thumbnailUrl\":\"https:\\\/\\\/cpts-ouest-herault.fr\\\/wp-content\\\/uploads\\\/2025\\\/05\\\/Coqueluche.png\",\"datePublished\":\"2025-05-22T08:58:38+00:00\",\"dateModified\":\"2025-11-19T15:19:56+00:00\",\"description\":\"Recommandations 2024 pour la vaccination coqueluche : prot\u00e9gez les nourrissons et les publics fragiles. T\u00e9l\u00e9chargez l'affiche \u00e0 afficher dans votre cabinet.\",\"breadcrumb\":{\"@id\":\"https:\\\/\\\/cpts-ouest-herault.fr\\\/index.php\\\/2025\\\/05\\\/22\\\/vaccination-coqueluche-proteger-les-nourrissons-et-les-publics-fragiles\\\/#breadcrumb\"},\"inLanguage\":\"fr-FR\",\"potentialAction\":[{\"@type\":\"ReadAction\",\"target\":[\"https:\\\/\\\/cpts-ouest-herault.fr\\\/index.php\\\/2025\\\/05\\\/22\\\/vaccination-coqueluche-proteger-les-nourrissons-et-les-publics-fragiles\\\/\"]}]},{\"@type\":\"ImageObject\",\"inLanguage\":\"fr-FR\",\"@id\":\"https:\\\/\\\/cpts-ouest-herault.fr\\\/index.php\\\/2025\\\/05\\\/22\\\/vaccination-coqueluche-proteger-les-nourrissons-et-les-publics-fragiles\\\/#primaryimage\",\"url\":\"https:\\\/\\\/cpts-ouest-herault.fr\\\/wp-content\\\/uploads\\\/2025\\\/05\\\/Coqueluche.png\",\"contentUrl\":\"https:\\\/\\\/cpts-ouest-herault.fr\\\/wp-content\\\/uploads\\\/2025\\\/05\\\/Coqueluche.png\",\"width\":2560,\"height\":1440},{\"@type\":\"BreadcrumbList\",\"@id\":\"https:\\\/\\\/cpts-ouest-herault.fr\\\/index.php\\\/2025\\\/05\\\/22\\\/vaccination-coqueluche-proteger-les-nourrissons-et-les-publics-fragiles\\\/#breadcrumb\",\"itemListElement\":[{\"@type\":\"ListItem\",\"position\":1,\"name\":\"Accueil\",\"item\":\"https:\\\/\\\/cpts-ouest-herault.fr\\\/\"},{\"@type\":\"ListItem\",\"position\":2,\"name\":\"Vaccination coqueluche : prot\u00e9ger les nourrissons et les publics fragiles\"}]},{\"@type\":\"WebSite\",\"@id\":\"https:\\\/\\\/cpts-ouest-herault.fr\\\/#website\",\"url\":\"https:\\\/\\\/cpts-ouest-herault.fr\\\/\",\"name\":\"CPTS Ouest H\u00e9rault\",\"description\":\"\",\"publisher\":{\"@id\":\"https:\\\/\\\/cpts-ouest-herault.fr\\\/#organization\"},\"potentialAction\":[{\"@type\":\"SearchAction\",\"target\":{\"@type\":\"EntryPoint\",\"urlTemplate\":\"https:\\\/\\\/cpts-ouest-herault.fr\\\/?s={search_term_string}\"},\"query-input\":{\"@type\":\"PropertyValueSpecification\",\"valueRequired\":true,\"valueName\":\"search_term_string\"}}],\"inLanguage\":\"fr-FR\"},{\"@type\":\"Organization\",\"@id\":\"https:\\\/\\\/cpts-ouest-herault.fr\\\/#organization\",\"name\":\"CPTS Ouest H\u00e9rault\",\"url\":\"https:\\\/\\\/cpts-ouest-herault.fr\\\/\",\"logo\":{\"@type\":\"ImageObject\",\"inLanguage\":\"fr-FR\",\"@id\":\"https:\\\/\\\/cpts-ouest-herault.fr\\\/#\\\/schema\\\/logo\\\/image\\\/\",\"url\":\"https:\\\/\\\/cpts-ouest-herault.fr\\\/wp-content\\\/uploads\\\/2025\\\/03\\\/cropped-Logo-CPTS-Modifie.png\",\"contentUrl\":\"https:\\\/\\\/cpts-ouest-herault.fr\\\/wp-content\\\/uploads\\\/2025\\\/03\\\/cropped-Logo-CPTS-Modifie.png\",\"width\":175,\"height\":134,\"caption\":\"CPTS Ouest H\u00e9rault\"},\"image\":{\"@id\":\"https:\\\/\\\/cpts-ouest-herault.fr\\\/#\\\/schema\\\/logo\\\/image\\\/\"},\"sameAs\":[\"https:\\\/\\\/www.linkedin.com\\\/company\\\/cpts-ouest-herault\"]},{\"@type\":\"Person\",\"@id\":\"https:\\\/\\\/cpts-ouest-herault.fr\\\/#\\\/schema\\\/person\\\/e2ec38d33992d51933b7be4c23745642\",\"name\":\"admin5120\",\"image\":{\"@type\":\"ImageObject\",\"inLanguage\":\"fr-FR\",\"@id\":\"https:\\\/\\\/secure.gravatar.com\\\/avatar\\\/c4d1cc16ef704da6329a105955d8e3fdfff70d0b410a11925b48bc2d9e9309e1?s=96&d=mm&r=g\",\"url\":\"https:\\\/\\\/secure.gravatar.com\\\/avatar\\\/c4d1cc16ef704da6329a105955d8e3fdfff70d0b410a11925b48bc2d9e9309e1?s=96&d=mm&r=g\",\"contentUrl\":\"https:\\\/\\\/secure.gravatar.com\\\/avatar\\\/c4d1cc16ef704da6329a105955d8e3fdfff70d0b410a11925b48bc2d9e9309e1?s=96&d=mm&r=g\",\"caption\":\"admin5120\"},\"sameAs\":[\"http:\\\/\\\/cpts-ouest-herault.fr\"],\"url\":\"https:\\\/\\\/cpts-ouest-herault.fr\\\/index.php\\\/author\\\/admin5120\\\/\"}]}<\/script>\n<!-- \/ Yoast SEO plugin. -->","yoast_head_json":{"title":"Vaccination coqueluche : prot\u00e9ger les nourrissons et les publics fragiles - CPTS Ouest H\u00e9rault","description":"Recommandations 2024 pour la vaccination coqueluche : prot\u00e9gez les nourrissons et les publics fragiles. T\u00e9l\u00e9chargez l'affiche \u00e0 afficher dans votre cabinet.","robots":{"index":"index","follow":"follow","max-snippet":"max-snippet:-1","max-image-preview":"max-image-preview:large","max-video-preview":"max-video-preview:-1"},"canonical":"https:\/\/cpts-ouest-herault.fr\/index.php\/2025\/05\/22\/vaccination-coqueluche-proteger-les-nourrissons-et-les-publics-fragiles\/","og_locale":"fr_FR","og_type":"article","og_title":"Vaccination coqueluche : prot\u00e9ger les nourrissons et les publics fragiles - CPTS Ouest H\u00e9rault","og_description":"Recommandations 2024 pour la vaccination coqueluche : prot\u00e9gez les nourrissons et les publics fragiles. T\u00e9l\u00e9chargez l'affiche \u00e0 afficher dans votre cabinet.","og_url":"https:\/\/cpts-ouest-herault.fr\/index.php\/2025\/05\/22\/vaccination-coqueluche-proteger-les-nourrissons-et-les-publics-fragiles\/","og_site_name":"CPTS Ouest H\u00e9rault","article_published_time":"2025-05-22T08:58:38+00:00","article_modified_time":"2025-11-19T15:19:56+00:00","og_image":[{"width":1024,"height":576,"url":"http:\/\/cpts-ouest-herault.fr\/wp-content\/uploads\/2025\/05\/Coqueluche-1024x576.png","type":"image\/png"}],"author":"admin5120","twitter_card":"summary_large_image","twitter_misc":{"\u00c9crit par":"admin5120","Dur\u00e9e de lecture estim\u00e9e":"2 minutes"},"schema":{"@context":"https:\/\/schema.org","@graph":[{"@type":"Article","@id":"https:\/\/cpts-ouest-herault.fr\/index.php\/2025\/05\/22\/vaccination-coqueluche-proteger-les-nourrissons-et-les-publics-fragiles\/#article","isPartOf":{"@id":"https:\/\/cpts-ouest-herault.fr\/index.php\/2025\/05\/22\/vaccination-coqueluche-proteger-les-nourrissons-et-les-publics-fragiles\/"},"author":{"name":"admin5120","@id":"https:\/\/cpts-ouest-herault.fr\/#\/schema\/person\/e2ec38d33992d51933b7be4c23745642"},"headline":"Vaccination coqueluche : prot\u00e9ger les nourrissons et les publics fragiles","datePublished":"2025-05-22T08:58:38+00:00","dateModified":"2025-11-19T15:19:56+00:00","mainEntityOfPage":{"@id":"https:\/\/cpts-ouest-herault.fr\/index.php\/2025\/05\/22\/vaccination-coqueluche-proteger-les-nourrissons-et-les-publics-fragiles\/"},"wordCount":309,"publisher":{"@id":"https:\/\/cpts-ouest-herault.fr\/#organization"},"image":{"@id":"https:\/\/cpts-ouest-herault.fr\/index.php\/2025\/05\/22\/vaccination-coqueluche-proteger-les-nourrissons-et-les-publics-fragiles\/#primaryimage"},"thumbnailUrl":"https:\/\/cpts-ouest-herault.fr\/wp-content\/uploads\/2025\/05\/Coqueluche.png","articleSection":["Actualit\u00e9s r\u00e9gionales et nationales"],"inLanguage":"fr-FR"},{"@type":"WebPage","@id":"https:\/\/cpts-ouest-herault.fr\/index.php\/2025\/05\/22\/vaccination-coqueluche-proteger-les-nourrissons-et-les-publics-fragiles\/","url":"https:\/\/cpts-ouest-herault.fr\/index.php\/2025\/05\/22\/vaccination-coqueluche-proteger-les-nourrissons-et-les-publics-fragiles\/","name":"Vaccination coqueluche : prot\u00e9ger les nourrissons et les publics fragiles - CPTS Ouest H\u00e9rault","isPartOf":{"@id":"https:\/\/cpts-ouest-herault.fr\/#website"},"primaryImageOfPage":{"@id":"https:\/\/cpts-ouest-herault.fr\/index.php\/2025\/05\/22\/vaccination-coqueluche-proteger-les-nourrissons-et-les-publics-fragiles\/#primaryimage"},"image":{"@id":"https:\/\/cpts-ouest-herault.fr\/index.php\/2025\/05\/22\/vaccination-coqueluche-proteger-les-nourrissons-et-les-publics-fragiles\/#primaryimage"},"thumbnailUrl":"https:\/\/cpts-ouest-herault.fr\/wp-content\/uploads\/2025\/05\/Coqueluche.png","datePublished":"2025-05-22T08:58:38+00:00","dateModified":"2025-11-19T15:19:56+00:00","description":"Recommandations 2024 pour la vaccination coqueluche : prot\u00e9gez les nourrissons et les publics fragiles. T\u00e9l\u00e9chargez l'affiche \u00e0 afficher dans votre cabinet.","breadcrumb":{"@id":"https:\/\/cpts-ouest-herault.fr\/index.php\/2025\/05\/22\/vaccination-coqueluche-proteger-les-nourrissons-et-les-publics-fragiles\/#breadcrumb"},"inLanguage":"fr-FR","potentialAction":[{"@type":"ReadAction","target":["https:\/\/cpts-ouest-herault.fr\/index.php\/2025\/05\/22\/vaccination-coqueluche-proteger-les-nourrissons-et-les-publics-fragiles\/"]}]},{"@type":"ImageObject","inLanguage":"fr-FR","@id":"https:\/\/cpts-ouest-herault.fr\/index.php\/2025\/05\/22\/vaccination-coqueluche-proteger-les-nourrissons-et-les-publics-fragiles\/#primaryimage","url":"https:\/\/cpts-ouest-herault.fr\/wp-content\/uploads\/2025\/05\/Coqueluche.png","contentUrl":"https:\/\/cpts-ouest-herault.fr\/wp-content\/uploads\/2025\/05\/Coqueluche.png","width":2560,"height":1440},{"@type":"BreadcrumbList","@id":"https:\/\/cpts-ouest-herault.fr\/index.php\/2025\/05\/22\/vaccination-coqueluche-proteger-les-nourrissons-et-les-publics-fragiles\/#breadcrumb","itemListElement":[{"@type":"ListItem","position":1,"name":"Accueil","item":"https:\/\/cpts-ouest-herault.fr\/"},{"@type":"ListItem","position":2,"name":"Vaccination coqueluche : prot\u00e9ger les nourrissons et les publics fragiles"}]},{"@type":"WebSite","@id":"https:\/\/cpts-ouest-herault.fr\/#website","url":"https:\/\/cpts-ouest-herault.fr\/","name":"CPTS Ouest H\u00e9rault","description":"","publisher":{"@id":"https:\/\/cpts-ouest-herault.fr\/#organization"},"potentialAction":[{"@type":"SearchAction","target":{"@type":"EntryPoint","urlTemplate":"https:\/\/cpts-ouest-herault.fr\/?s={search_term_string}"},"query-input":{"@type":"PropertyValueSpecification","valueRequired":true,"valueName":"search_term_string"}}],"inLanguage":"fr-FR"},{"@type":"Organization","@id":"https:\/\/cpts-ouest-herault.fr\/#organization","name":"CPTS Ouest H\u00e9rault","url":"https:\/\/cpts-ouest-herault.fr\/","logo":{"@type":"ImageObject","inLanguage":"fr-FR","@id":"https:\/\/cpts-ouest-herault.fr\/#\/schema\/logo\/image\/","url":"https:\/\/cpts-ouest-herault.fr\/wp-content\/uploads\/2025\/03\/cropped-Logo-CPTS-Modifie.png","contentUrl":"https:\/\/cpts-ouest-herault.fr\/wp-content\/uploads\/2025\/03\/cropped-Logo-CPTS-Modifie.png","width":175,"height":134,"caption":"CPTS Ouest H\u00e9rault"},"image":{"@id":"https:\/\/cpts-ouest-herault.fr\/#\/schema\/logo\/image\/"},"sameAs":["https:\/\/www.linkedin.com\/company\/cpts-ouest-herault"]},{"@type":"Person","@id":"https:\/\/cpts-ouest-herault.fr\/#\/schema\/person\/e2ec38d33992d51933b7be4c23745642","name":"admin5120","image":{"@type":"ImageObject","inLanguage":"fr-FR","@id":"https:\/\/secure.gravatar.com\/avatar\/c4d1cc16ef704da6329a105955d8e3fdfff70d0b410a11925b48bc2d9e9309e1?s=96&d=mm&r=g","url":"https:\/\/secure.gravatar.com\/avatar\/c4d1cc16ef704da6329a105955d8e3fdfff70d0b410a11925b48bc2d9e9309e1?s=96&d=mm&r=g","contentUrl":"https:\/\/secure.gravatar.com\/avatar\/c4d1cc16ef704da6329a105955d8e3fdfff70d0b410a11925b48bc2d9e9309e1?s=96&d=mm&r=g","caption":"admin5120"},"sameAs":["http:\/\/cpts-ouest-herault.fr"],"url":"https:\/\/cpts-ouest-herault.fr\/index.php\/author\/admin5120\/"}]}},"_links":{"self":[{"href":"https:\/\/cpts-ouest-herault.fr\/index.php\/wp-json\/wp\/v2\/posts\/290","targetHints":{"allow":["GET"]}}],"collection":[{"href":"https:\/\/cpts-ouest-herault.fr\/index.php\/wp-json\/wp\/v2\/posts"}],"about":[{"href":"https:\/\/cpts-ouest-herault.fr\/index.php\/wp-json\/wp\/v2\/types\/post"}],"author":[{"embeddable":true,"href":"https:\/\/cpts-ouest-herault.fr\/index.php\/wp-json\/wp\/v2\/users\/1"}],"replies":[{"embeddable":true,"href":"https:\/\/cpts-ouest-herault.fr\/index.php\/wp-json\/wp\/v2\/comments?post=290"}],"version-history":[{"count":0,"href":"https:\/\/cpts-ouest-herault.fr\/index.php\/wp-json\/wp\/v2\/posts\/290\/revisions"}],"wp:featuredmedia":[{"embeddable":true,"href":"https:\/\/cpts-ouest-herault.fr\/index.php\/wp-json\/wp\/v2\/media\/292"}],"wp:attachment":[{"href":"https:\/\/cpts-ouest-herault.fr\/index.php\/wp-json\/wp\/v2\/media?parent=290"}],"wp:term":[{"taxonomy":"category","embeddable":true,"href":"https:\/\/cpts-ouest-herault.fr\/index.php\/wp-json\/wp\/v2\/categories?post=290"},{"taxonomy":"post_tag","embeddable":true,"href":"https:\/\/cpts-ouest-herault.fr\/index.php\/wp-json\/wp\/v2\/tags?post=290"}],"curies":[{"name":"wp","href":"https:\/\/api.w.org\/{rel}","templated":true}]}}