{"id":296,"date":"2025-05-22T11:15:42","date_gmt":"2025-05-22T09:15:42","guid":{"rendered":"https:\/\/cpts-ouest-herault.fr\/?p=296"},"modified":"2025-11-19T16:19:56","modified_gmt":"2025-11-19T15:19:56","slug":"vaccination-zona-une-priorite-pour-les-personnes-agees-et-immunodeprimees","status":"publish","type":"post","link":"https:\/\/cpts-ouest-herault.fr\/index.php\/2025\/05\/22\/vaccination-zona-une-priorite-pour-les-personnes-agees-et-immunodeprimees\/","title":{"rendered":"Vaccination zona : une priorit\u00e9 pour les personnes \u00e2g\u00e9es et immunod\u00e9prim\u00e9es"},"content":{"rendered":"\n<p>Le zona est une maladie virale fr\u00e9quente, douloureuse et parfois invalidante, qui touche principalement les personnes de plus de 50 ans et les personnes immunod\u00e9prim\u00e9es. En l\u2019absence de pr\u00e9vention vaccinale, le risque de d\u00e9velopper un zona est estim\u00e9 \u00e0 pr\u00e8s de 1 personne sur 3 au cours de la vie. Pour les plus de 70 ans, la probabilit\u00e9 augmente nettement, de m\u00eame que la s\u00e9v\u00e9rit\u00e9 des sympt\u00f4mes.<\/p>\n\n\n\n<p>Afin de prot\u00e9ger les patients les plus \u00e0 risque, la Haute Autorit\u00e9 de Sant\u00e9 (HAS) recommande d\u00e9sormais la vaccination syst\u00e9matique contre le zona chez les publics cibles. Le nouveau vaccin inactiv\u00e9 Shingrix\u00ae constitue une avanc\u00e9e majeure en termes d\u2019efficacit\u00e9 et de tol\u00e9rance.<\/p>\n\n\n\n<h2 class=\"wp-block-heading\">Pourquoi vacciner contre le zona ?<\/h2>\n\n\n\n<p>Le zona peut provoquer des douleurs post-zost\u00e9riennes tr\u00e8s invalidantes (dans 10 \u00e0 20% des cas), mais aussi des complications :<\/p>\n\n\n\n<ul class=\"wp-block-list\">\n<li>Cutan\u00e9es<\/li>\n\n\n\n<li>Ophtalmiques<\/li>\n\n\n\n<li>Neurologiques<\/li>\n\n\n\n<li>Cardiaques<\/li>\n\n\n\n<li>Pulmonaires<\/li>\n<\/ul>\n\n\n\n<p>Ses cons\u00e9quences \u00e0 long terme sont nombreuses : isolement, d\u00e9nutrition, perte d\u2019autonomie, voire entr\u00e9e dans la d\u00e9pendance. Chez les personnes fragiles, un \u00e9pisode de zona peut alt\u00e9rer fortement la qualit\u00e9 de vie et engendrer un risque de d\u00e9sinsertion.<\/p>\n\n\n\n<h2 class=\"wp-block-heading\">Publics concern\u00e9s par la vaccination zona<\/h2>\n\n\n\n<p>La vaccination est recommand\u00e9e pour :<\/p>\n\n\n\n<ul class=\"wp-block-list\">\n<li>Les personnes <strong>de plus de 65 ans<\/strong><\/li>\n\n\n\n<li>Les personnes <strong>\u00e0 risque<\/strong> (notamment les immunod\u00e9prim\u00e9s) \u00e0 partir de 50 ans<\/li>\n\n\n\n<li>Les patients ayant <strong>un ant\u00e9c\u00e9dent de zona<\/strong>, pour \u00e9viter les r\u00e9cidives<\/li>\n<\/ul>\n\n\n\n<p>Le vaccin Shingrix\u00ae est <strong>administrable chez les immunod\u00e9prim\u00e9s<\/strong>, ce qui le distingue des anciens vaccins vivants att\u00e9nu\u00e9s.<\/p>\n\n\n\n<p>Couverture actuelle : moins de 5 % des publics cibles sont vaccin\u00e9s.<\/p>\n\n\n\n<h2 class=\"wp-block-heading\">Ce qu\u2019il faut savoir sur le vaccin Shingrix\u00ae<\/h2>\n\n\n\n<p>Le Shingrix\u00ae est un vaccin inactiv\u00e9, disponible en ville et en collectivit\u00e9s, avec un taux de remboursement de 65 %. Son efficacit\u00e9 a \u00e9t\u00e9 d\u00e9montr\u00e9e :<\/p>\n\n\n\n<ul class=\"wp-block-list\">\n<li>79,3 % de r\u00e9duction de l\u2019incidence du zona<\/li>\n\n\n\n<li>66,7 % de r\u00e9duction des zonas ophtalmiques<\/li>\n\n\n\n<li>76 % de r\u00e9duction des douleurs post-zost\u00e9riennes<\/li>\n<\/ul>\n\n\n\n<p>Il s\u2019administre en deux doses, par voie intramusculaire, \u00e0 2 mois d\u2019intervalle.<\/p>\n\n\n\n<h2 class=\"wp-block-heading\">Sch\u00e9mas particuliers \u00e0 conna\u00eetre<\/h2>\n\n\n\n<ul class=\"wp-block-list\">\n<li>Cas r\u00e9cents : 6 mois apr\u00e8s la fin de l\u2019\u00e9pisode de zona<\/li>\n\n\n\n<li>Cas \u00e0 risque : possibilit\u00e9 d\u2019anticiper la vaccination<\/li>\n\n\n\n<li>Chez les patients immunod\u00e9prim\u00e9s : la vaccination est possible, m\u00eame en post-greffe, apr\u00e8s \u00e9valuation<\/li>\n<\/ul>\n\n\n\n<p><a href=\"http:\/\/cpts-ouest-herault.fr\/wp-content\/uploads\/2025\/05\/unnamed-1.png\">T\u00e9l\u00e9charger l\u2019affiche compl\u00e8te sur la vaccination contre le zona (PDF)<\/a><\/p>\n\n\n\n<p><a href=\"https:\/\/youtu.be\/19UMkjw2SSM?si=OcHkmu_jh0FguUZO\">Visionner la vid\u00e9o de sensibilisation<\/a><\/p>\n\n\n\n<h2 class=\"wp-block-heading\">Professionnels de sant\u00e9 : votre r\u00f4le est essentiel<\/h2>\n\n\n\n<p>La CPTS Ouest H\u00e9rault vous invite \u00e0 :<\/p>\n\n\n\n<ul class=\"wp-block-list\">\n<li>Relayer activement les recommandations aupr\u00e8s de vos patients<\/li>\n\n\n\n<li>Afficher les supports dans vos lieux d\u2019exercice<\/li>\n\n\n\n<li>Int\u00e9grer la vaccination zona dans vos pratiques de pr\u00e9vention<\/li>\n<\/ul>\n","protected":false},"excerpt":{"rendered":"<p>Le zona est une maladie virale fr\u00e9quente, douloureuse et parfois invalidante, qui touche principalement les personnes de plus de 50 [&hellip;]<\/p>\n","protected":false},"author":1,"featured_media":297,"comment_status":"closed","ping_status":"closed","sticky":false,"template":"","format":"standard","meta":{"site-sidebar-layout":"default","site-content-layout":"","ast-site-content-layout":"default","site-content-style":"default","site-sidebar-style":"default","ast-global-header-display":"","ast-banner-title-visibility":"","ast-main-header-display":"","ast-hfb-above-header-display":"","ast-hfb-below-header-display":"","ast-hfb-mobile-header-display":"","site-post-title":"","ast-breadcrumbs-content":"","ast-featured-img":"","footer-sml-layout":"","theme-transparent-header-meta":"","adv-header-id-meta":"","stick-header-meta":"","header-above-stick-meta":"","header-main-stick-meta":"","header-below-stick-meta":"","astra-migrate-meta-layouts":"default","ast-page-background-enabled":"default","ast-page-background-meta":{"desktop":{"background-color":"var(--ast-global-color-5)","background-image":"","background-repeat":"repeat","background-position":"center center","background-size":"auto","background-attachment":"scroll","background-type":"","background-media":"","overlay-type":"","overlay-color":"","overlay-opacity":"","overlay-gradient":""},"tablet":{"background-color":"","background-image":"","background-repeat":"repeat","background-position":"center center","background-size":"auto","background-attachment":"scroll","background-type":"","background-media":"","overlay-type":"","overlay-color":"","overlay-opacity":"","overlay-gradient":""},"mobile":{"background-color":"","background-image":"","background-repeat":"repeat","background-position":"center center","background-size":"auto","background-attachment":"scroll","background-type":"","background-media":"","overlay-type":"","overlay-color":"","overlay-opacity":"","overlay-gradient":""}},"ast-content-background-meta":{"desktop":{"background-color":"var(--ast-global-color-4)","background-image":"","background-repeat":"repeat","background-position":"center center","background-size":"auto","background-attachment":"scroll","background-type":"","background-media":"","overlay-type":"","overlay-color":"","overlay-opacity":"","overlay-gradient":""},"tablet":{"background-color":"var(--ast-global-color-4)","background-image":"","background-repeat":"repeat","background-position":"center center","background-size":"auto","background-attachment":"scroll","background-type":"","background-media":"","overlay-type":"","overlay-color":"","overlay-opacity":"","overlay-gradient":""},"mobile":{"background-color":"var(--ast-global-color-4)","background-image":"","background-repeat":"repeat","background-position":"center center","background-size":"auto","background-attachment":"scroll","background-type":"","background-media":"","overlay-type":"","overlay-color":"","overlay-opacity":"","overlay-gradient":""}},"footnotes":""},"categories":[39],"tags":[],"class_list":["post-296","post","type-post","status-publish","format-standard","has-post-thumbnail","hentry","category-national"],"yoast_head":"<!-- This site is optimized with the Yoast SEO plugin v27.5 - https:\/\/yoast.com\/product\/yoast-seo-wordpress\/ -->\n<title>Vaccination zona : une priorit\u00e9 pour les personnes \u00e2g\u00e9es et immunod\u00e9prim\u00e9es - CPTS Ouest H\u00e9rault<\/title>\n<meta name=\"description\" content=\"La vaccination contre le zona est recommand\u00e9e pour les personnes \u00e2g\u00e9es et immunod\u00e9prim\u00e9es. D\u00e9couvrez les b\u00e9n\u00e9fices du vaccin Shingrix\u00ae et les nouvelles recommandations HAS 2025.\" \/>\n<meta name=\"robots\" content=\"index, follow, max-snippet:-1, max-image-preview:large, max-video-preview:-1\" \/>\n<link rel=\"canonical\" href=\"https:\/\/cpts-ouest-herault.fr\/index.php\/2025\/05\/22\/vaccination-zona-une-priorite-pour-les-personnes-agees-et-immunodeprimees\/\" \/>\n<meta property=\"og:locale\" content=\"fr_FR\" \/>\n<meta property=\"og:type\" content=\"article\" \/>\n<meta property=\"og:title\" content=\"Vaccination zona : une priorit\u00e9 pour les personnes \u00e2g\u00e9es et immunod\u00e9prim\u00e9es - CPTS Ouest H\u00e9rault\" \/>\n<meta property=\"og:description\" content=\"La vaccination contre le zona est recommand\u00e9e pour les personnes \u00e2g\u00e9es et immunod\u00e9prim\u00e9es. D\u00e9couvrez les b\u00e9n\u00e9fices du vaccin Shingrix\u00ae et les nouvelles recommandations HAS 2025.\" \/>\n<meta property=\"og:url\" content=\"https:\/\/cpts-ouest-herault.fr\/index.php\/2025\/05\/22\/vaccination-zona-une-priorite-pour-les-personnes-agees-et-immunodeprimees\/\" \/>\n<meta property=\"og:site_name\" content=\"CPTS Ouest H\u00e9rault\" \/>\n<meta property=\"article:published_time\" content=\"2025-05-22T09:15:42+00:00\" \/>\n<meta property=\"article:modified_time\" content=\"2025-11-19T15:19:56+00:00\" \/>\n<meta property=\"og:image\" content=\"http:\/\/cpts-ouest-herault.fr\/wp-content\/uploads\/2025\/05\/Image-zona-1024x576.png\" \/>\n\t<meta property=\"og:image:width\" content=\"1024\" \/>\n\t<meta property=\"og:image:height\" content=\"576\" \/>\n\t<meta property=\"og:image:type\" content=\"image\/png\" \/>\n<meta name=\"author\" content=\"admin5120\" \/>\n<meta name=\"twitter:card\" content=\"summary_large_image\" \/>\n<meta name=\"twitter:label1\" content=\"\u00c9crit par\" \/>\n\t<meta name=\"twitter:data1\" content=\"admin5120\" \/>\n\t<meta name=\"twitter:label2\" content=\"Dur\u00e9e de lecture estim\u00e9e\" \/>\n\t<meta name=\"twitter:data2\" content=\"3 minutes\" \/>\n<script type=\"application\/ld+json\" class=\"yoast-schema-graph\">{\"@context\":\"https:\\\/\\\/schema.org\",\"@graph\":[{\"@type\":\"Article\",\"@id\":\"https:\\\/\\\/cpts-ouest-herault.fr\\\/index.php\\\/2025\\\/05\\\/22\\\/vaccination-zona-une-priorite-pour-les-personnes-agees-et-immunodeprimees\\\/#article\",\"isPartOf\":{\"@id\":\"https:\\\/\\\/cpts-ouest-herault.fr\\\/index.php\\\/2025\\\/05\\\/22\\\/vaccination-zona-une-priorite-pour-les-personnes-agees-et-immunodeprimees\\\/\"},\"author\":{\"name\":\"admin5120\",\"@id\":\"https:\\\/\\\/cpts-ouest-herault.fr\\\/#\\\/schema\\\/person\\\/e2ec38d33992d51933b7be4c23745642\"},\"headline\":\"Vaccination zona : une priorit\u00e9 pour les personnes \u00e2g\u00e9es et immunod\u00e9prim\u00e9es\",\"datePublished\":\"2025-05-22T09:15:42+00:00\",\"dateModified\":\"2025-11-19T15:19:56+00:00\",\"mainEntityOfPage\":{\"@id\":\"https:\\\/\\\/cpts-ouest-herault.fr\\\/index.php\\\/2025\\\/05\\\/22\\\/vaccination-zona-une-priorite-pour-les-personnes-agees-et-immunodeprimees\\\/\"},\"wordCount\":453,\"publisher\":{\"@id\":\"https:\\\/\\\/cpts-ouest-herault.fr\\\/#organization\"},\"image\":{\"@id\":\"https:\\\/\\\/cpts-ouest-herault.fr\\\/index.php\\\/2025\\\/05\\\/22\\\/vaccination-zona-une-priorite-pour-les-personnes-agees-et-immunodeprimees\\\/#primaryimage\"},\"thumbnailUrl\":\"https:\\\/\\\/cpts-ouest-herault.fr\\\/wp-content\\\/uploads\\\/2025\\\/05\\\/Image-zona.png\",\"articleSection\":[\"Actualit\u00e9s r\u00e9gionales et nationales\"],\"inLanguage\":\"fr-FR\"},{\"@type\":\"WebPage\",\"@id\":\"https:\\\/\\\/cpts-ouest-herault.fr\\\/index.php\\\/2025\\\/05\\\/22\\\/vaccination-zona-une-priorite-pour-les-personnes-agees-et-immunodeprimees\\\/\",\"url\":\"https:\\\/\\\/cpts-ouest-herault.fr\\\/index.php\\\/2025\\\/05\\\/22\\\/vaccination-zona-une-priorite-pour-les-personnes-agees-et-immunodeprimees\\\/\",\"name\":\"Vaccination zona : une priorit\u00e9 pour les personnes \u00e2g\u00e9es et immunod\u00e9prim\u00e9es - CPTS Ouest H\u00e9rault\",\"isPartOf\":{\"@id\":\"https:\\\/\\\/cpts-ouest-herault.fr\\\/#website\"},\"primaryImageOfPage\":{\"@id\":\"https:\\\/\\\/cpts-ouest-herault.fr\\\/index.php\\\/2025\\\/05\\\/22\\\/vaccination-zona-une-priorite-pour-les-personnes-agees-et-immunodeprimees\\\/#primaryimage\"},\"image\":{\"@id\":\"https:\\\/\\\/cpts-ouest-herault.fr\\\/index.php\\\/2025\\\/05\\\/22\\\/vaccination-zona-une-priorite-pour-les-personnes-agees-et-immunodeprimees\\\/#primaryimage\"},\"thumbnailUrl\":\"https:\\\/\\\/cpts-ouest-herault.fr\\\/wp-content\\\/uploads\\\/2025\\\/05\\\/Image-zona.png\",\"datePublished\":\"2025-05-22T09:15:42+00:00\",\"dateModified\":\"2025-11-19T15:19:56+00:00\",\"description\":\"La vaccination contre le zona est recommand\u00e9e pour les personnes \u00e2g\u00e9es et immunod\u00e9prim\u00e9es. D\u00e9couvrez les b\u00e9n\u00e9fices du vaccin Shingrix\u00ae et les nouvelles recommandations HAS 2025.\",\"breadcrumb\":{\"@id\":\"https:\\\/\\\/cpts-ouest-herault.fr\\\/index.php\\\/2025\\\/05\\\/22\\\/vaccination-zona-une-priorite-pour-les-personnes-agees-et-immunodeprimees\\\/#breadcrumb\"},\"inLanguage\":\"fr-FR\",\"potentialAction\":[{\"@type\":\"ReadAction\",\"target\":[\"https:\\\/\\\/cpts-ouest-herault.fr\\\/index.php\\\/2025\\\/05\\\/22\\\/vaccination-zona-une-priorite-pour-les-personnes-agees-et-immunodeprimees\\\/\"]}]},{\"@type\":\"ImageObject\",\"inLanguage\":\"fr-FR\",\"@id\":\"https:\\\/\\\/cpts-ouest-herault.fr\\\/index.php\\\/2025\\\/05\\\/22\\\/vaccination-zona-une-priorite-pour-les-personnes-agees-et-immunodeprimees\\\/#primaryimage\",\"url\":\"https:\\\/\\\/cpts-ouest-herault.fr\\\/wp-content\\\/uploads\\\/2025\\\/05\\\/Image-zona.png\",\"contentUrl\":\"https:\\\/\\\/cpts-ouest-herault.fr\\\/wp-content\\\/uploads\\\/2025\\\/05\\\/Image-zona.png\",\"width\":2560,\"height\":1440},{\"@type\":\"BreadcrumbList\",\"@id\":\"https:\\\/\\\/cpts-ouest-herault.fr\\\/index.php\\\/2025\\\/05\\\/22\\\/vaccination-zona-une-priorite-pour-les-personnes-agees-et-immunodeprimees\\\/#breadcrumb\",\"itemListElement\":[{\"@type\":\"ListItem\",\"position\":1,\"name\":\"Accueil\",\"item\":\"https:\\\/\\\/cpts-ouest-herault.fr\\\/\"},{\"@type\":\"ListItem\",\"position\":2,\"name\":\"Vaccination zona : une priorit\u00e9 pour les personnes \u00e2g\u00e9es et immunod\u00e9prim\u00e9es\"}]},{\"@type\":\"WebSite\",\"@id\":\"https:\\\/\\\/cpts-ouest-herault.fr\\\/#website\",\"url\":\"https:\\\/\\\/cpts-ouest-herault.fr\\\/\",\"name\":\"CPTS Ouest H\u00e9rault\",\"description\":\"\",\"publisher\":{\"@id\":\"https:\\\/\\\/cpts-ouest-herault.fr\\\/#organization\"},\"potentialAction\":[{\"@type\":\"SearchAction\",\"target\":{\"@type\":\"EntryPoint\",\"urlTemplate\":\"https:\\\/\\\/cpts-ouest-herault.fr\\\/?s={search_term_string}\"},\"query-input\":{\"@type\":\"PropertyValueSpecification\",\"valueRequired\":true,\"valueName\":\"search_term_string\"}}],\"inLanguage\":\"fr-FR\"},{\"@type\":\"Organization\",\"@id\":\"https:\\\/\\\/cpts-ouest-herault.fr\\\/#organization\",\"name\":\"CPTS Ouest H\u00e9rault\",\"url\":\"https:\\\/\\\/cpts-ouest-herault.fr\\\/\",\"logo\":{\"@type\":\"ImageObject\",\"inLanguage\":\"fr-FR\",\"@id\":\"https:\\\/\\\/cpts-ouest-herault.fr\\\/#\\\/schema\\\/logo\\\/image\\\/\",\"url\":\"https:\\\/\\\/cpts-ouest-herault.fr\\\/wp-content\\\/uploads\\\/2025\\\/03\\\/cropped-Logo-CPTS-Modifie.png\",\"contentUrl\":\"https:\\\/\\\/cpts-ouest-herault.fr\\\/wp-content\\\/uploads\\\/2025\\\/03\\\/cropped-Logo-CPTS-Modifie.png\",\"width\":175,\"height\":134,\"caption\":\"CPTS Ouest H\u00e9rault\"},\"image\":{\"@id\":\"https:\\\/\\\/cpts-ouest-herault.fr\\\/#\\\/schema\\\/logo\\\/image\\\/\"},\"sameAs\":[\"https:\\\/\\\/www.linkedin.com\\\/company\\\/cpts-ouest-herault\"]},{\"@type\":\"Person\",\"@id\":\"https:\\\/\\\/cpts-ouest-herault.fr\\\/#\\\/schema\\\/person\\\/e2ec38d33992d51933b7be4c23745642\",\"name\":\"admin5120\",\"image\":{\"@type\":\"ImageObject\",\"inLanguage\":\"fr-FR\",\"@id\":\"https:\\\/\\\/secure.gravatar.com\\\/avatar\\\/c4d1cc16ef704da6329a105955d8e3fdfff70d0b410a11925b48bc2d9e9309e1?s=96&d=mm&r=g\",\"url\":\"https:\\\/\\\/secure.gravatar.com\\\/avatar\\\/c4d1cc16ef704da6329a105955d8e3fdfff70d0b410a11925b48bc2d9e9309e1?s=96&d=mm&r=g\",\"contentUrl\":\"https:\\\/\\\/secure.gravatar.com\\\/avatar\\\/c4d1cc16ef704da6329a105955d8e3fdfff70d0b410a11925b48bc2d9e9309e1?s=96&d=mm&r=g\",\"caption\":\"admin5120\"},\"sameAs\":[\"http:\\\/\\\/cpts-ouest-herault.fr\"],\"url\":\"https:\\\/\\\/cpts-ouest-herault.fr\\\/index.php\\\/author\\\/admin5120\\\/\"}]}<\/script>\n<!-- \/ Yoast SEO plugin. -->","yoast_head_json":{"title":"Vaccination zona : une priorit\u00e9 pour les personnes \u00e2g\u00e9es et immunod\u00e9prim\u00e9es - CPTS Ouest H\u00e9rault","description":"La vaccination contre le zona est recommand\u00e9e pour les personnes \u00e2g\u00e9es et immunod\u00e9prim\u00e9es. D\u00e9couvrez les b\u00e9n\u00e9fices du vaccin Shingrix\u00ae et les nouvelles recommandations HAS 2025.","robots":{"index":"index","follow":"follow","max-snippet":"max-snippet:-1","max-image-preview":"max-image-preview:large","max-video-preview":"max-video-preview:-1"},"canonical":"https:\/\/cpts-ouest-herault.fr\/index.php\/2025\/05\/22\/vaccination-zona-une-priorite-pour-les-personnes-agees-et-immunodeprimees\/","og_locale":"fr_FR","og_type":"article","og_title":"Vaccination zona : une priorit\u00e9 pour les personnes \u00e2g\u00e9es et immunod\u00e9prim\u00e9es - CPTS Ouest H\u00e9rault","og_description":"La vaccination contre le zona est recommand\u00e9e pour les personnes \u00e2g\u00e9es et immunod\u00e9prim\u00e9es. D\u00e9couvrez les b\u00e9n\u00e9fices du vaccin Shingrix\u00ae et les nouvelles recommandations HAS 2025.","og_url":"https:\/\/cpts-ouest-herault.fr\/index.php\/2025\/05\/22\/vaccination-zona-une-priorite-pour-les-personnes-agees-et-immunodeprimees\/","og_site_name":"CPTS Ouest H\u00e9rault","article_published_time":"2025-05-22T09:15:42+00:00","article_modified_time":"2025-11-19T15:19:56+00:00","og_image":[{"width":1024,"height":576,"url":"http:\/\/cpts-ouest-herault.fr\/wp-content\/uploads\/2025\/05\/Image-zona-1024x576.png","type":"image\/png"}],"author":"admin5120","twitter_card":"summary_large_image","twitter_misc":{"\u00c9crit par":"admin5120","Dur\u00e9e de lecture estim\u00e9e":"3 minutes"},"schema":{"@context":"https:\/\/schema.org","@graph":[{"@type":"Article","@id":"https:\/\/cpts-ouest-herault.fr\/index.php\/2025\/05\/22\/vaccination-zona-une-priorite-pour-les-personnes-agees-et-immunodeprimees\/#article","isPartOf":{"@id":"https:\/\/cpts-ouest-herault.fr\/index.php\/2025\/05\/22\/vaccination-zona-une-priorite-pour-les-personnes-agees-et-immunodeprimees\/"},"author":{"name":"admin5120","@id":"https:\/\/cpts-ouest-herault.fr\/#\/schema\/person\/e2ec38d33992d51933b7be4c23745642"},"headline":"Vaccination zona : une priorit\u00e9 pour les personnes \u00e2g\u00e9es et immunod\u00e9prim\u00e9es","datePublished":"2025-05-22T09:15:42+00:00","dateModified":"2025-11-19T15:19:56+00:00","mainEntityOfPage":{"@id":"https:\/\/cpts-ouest-herault.fr\/index.php\/2025\/05\/22\/vaccination-zona-une-priorite-pour-les-personnes-agees-et-immunodeprimees\/"},"wordCount":453,"publisher":{"@id":"https:\/\/cpts-ouest-herault.fr\/#organization"},"image":{"@id":"https:\/\/cpts-ouest-herault.fr\/index.php\/2025\/05\/22\/vaccination-zona-une-priorite-pour-les-personnes-agees-et-immunodeprimees\/#primaryimage"},"thumbnailUrl":"https:\/\/cpts-ouest-herault.fr\/wp-content\/uploads\/2025\/05\/Image-zona.png","articleSection":["Actualit\u00e9s r\u00e9gionales et nationales"],"inLanguage":"fr-FR"},{"@type":"WebPage","@id":"https:\/\/cpts-ouest-herault.fr\/index.php\/2025\/05\/22\/vaccination-zona-une-priorite-pour-les-personnes-agees-et-immunodeprimees\/","url":"https:\/\/cpts-ouest-herault.fr\/index.php\/2025\/05\/22\/vaccination-zona-une-priorite-pour-les-personnes-agees-et-immunodeprimees\/","name":"Vaccination zona : une priorit\u00e9 pour les personnes \u00e2g\u00e9es et immunod\u00e9prim\u00e9es - CPTS Ouest H\u00e9rault","isPartOf":{"@id":"https:\/\/cpts-ouest-herault.fr\/#website"},"primaryImageOfPage":{"@id":"https:\/\/cpts-ouest-herault.fr\/index.php\/2025\/05\/22\/vaccination-zona-une-priorite-pour-les-personnes-agees-et-immunodeprimees\/#primaryimage"},"image":{"@id":"https:\/\/cpts-ouest-herault.fr\/index.php\/2025\/05\/22\/vaccination-zona-une-priorite-pour-les-personnes-agees-et-immunodeprimees\/#primaryimage"},"thumbnailUrl":"https:\/\/cpts-ouest-herault.fr\/wp-content\/uploads\/2025\/05\/Image-zona.png","datePublished":"2025-05-22T09:15:42+00:00","dateModified":"2025-11-19T15:19:56+00:00","description":"La vaccination contre le zona est recommand\u00e9e pour les personnes \u00e2g\u00e9es et immunod\u00e9prim\u00e9es. D\u00e9couvrez les b\u00e9n\u00e9fices du vaccin Shingrix\u00ae et les nouvelles recommandations HAS 2025.","breadcrumb":{"@id":"https:\/\/cpts-ouest-herault.fr\/index.php\/2025\/05\/22\/vaccination-zona-une-priorite-pour-les-personnes-agees-et-immunodeprimees\/#breadcrumb"},"inLanguage":"fr-FR","potentialAction":[{"@type":"ReadAction","target":["https:\/\/cpts-ouest-herault.fr\/index.php\/2025\/05\/22\/vaccination-zona-une-priorite-pour-les-personnes-agees-et-immunodeprimees\/"]}]},{"@type":"ImageObject","inLanguage":"fr-FR","@id":"https:\/\/cpts-ouest-herault.fr\/index.php\/2025\/05\/22\/vaccination-zona-une-priorite-pour-les-personnes-agees-et-immunodeprimees\/#primaryimage","url":"https:\/\/cpts-ouest-herault.fr\/wp-content\/uploads\/2025\/05\/Image-zona.png","contentUrl":"https:\/\/cpts-ouest-herault.fr\/wp-content\/uploads\/2025\/05\/Image-zona.png","width":2560,"height":1440},{"@type":"BreadcrumbList","@id":"https:\/\/cpts-ouest-herault.fr\/index.php\/2025\/05\/22\/vaccination-zona-une-priorite-pour-les-personnes-agees-et-immunodeprimees\/#breadcrumb","itemListElement":[{"@type":"ListItem","position":1,"name":"Accueil","item":"https:\/\/cpts-ouest-herault.fr\/"},{"@type":"ListItem","position":2,"name":"Vaccination zona : une priorit\u00e9 pour les personnes \u00e2g\u00e9es et immunod\u00e9prim\u00e9es"}]},{"@type":"WebSite","@id":"https:\/\/cpts-ouest-herault.fr\/#website","url":"https:\/\/cpts-ouest-herault.fr\/","name":"CPTS Ouest H\u00e9rault","description":"","publisher":{"@id":"https:\/\/cpts-ouest-herault.fr\/#organization"},"potentialAction":[{"@type":"SearchAction","target":{"@type":"EntryPoint","urlTemplate":"https:\/\/cpts-ouest-herault.fr\/?s={search_term_string}"},"query-input":{"@type":"PropertyValueSpecification","valueRequired":true,"valueName":"search_term_string"}}],"inLanguage":"fr-FR"},{"@type":"Organization","@id":"https:\/\/cpts-ouest-herault.fr\/#organization","name":"CPTS Ouest H\u00e9rault","url":"https:\/\/cpts-ouest-herault.fr\/","logo":{"@type":"ImageObject","inLanguage":"fr-FR","@id":"https:\/\/cpts-ouest-herault.fr\/#\/schema\/logo\/image\/","url":"https:\/\/cpts-ouest-herault.fr\/wp-content\/uploads\/2025\/03\/cropped-Logo-CPTS-Modifie.png","contentUrl":"https:\/\/cpts-ouest-herault.fr\/wp-content\/uploads\/2025\/03\/cropped-Logo-CPTS-Modifie.png","width":175,"height":134,"caption":"CPTS Ouest H\u00e9rault"},"image":{"@id":"https:\/\/cpts-ouest-herault.fr\/#\/schema\/logo\/image\/"},"sameAs":["https:\/\/www.linkedin.com\/company\/cpts-ouest-herault"]},{"@type":"Person","@id":"https:\/\/cpts-ouest-herault.fr\/#\/schema\/person\/e2ec38d33992d51933b7be4c23745642","name":"admin5120","image":{"@type":"ImageObject","inLanguage":"fr-FR","@id":"https:\/\/secure.gravatar.com\/avatar\/c4d1cc16ef704da6329a105955d8e3fdfff70d0b410a11925b48bc2d9e9309e1?s=96&d=mm&r=g","url":"https:\/\/secure.gravatar.com\/avatar\/c4d1cc16ef704da6329a105955d8e3fdfff70d0b410a11925b48bc2d9e9309e1?s=96&d=mm&r=g","contentUrl":"https:\/\/secure.gravatar.com\/avatar\/c4d1cc16ef704da6329a105955d8e3fdfff70d0b410a11925b48bc2d9e9309e1?s=96&d=mm&r=g","caption":"admin5120"},"sameAs":["http:\/\/cpts-ouest-herault.fr"],"url":"https:\/\/cpts-ouest-herault.fr\/index.php\/author\/admin5120\/"}]}},"_links":{"self":[{"href":"https:\/\/cpts-ouest-herault.fr\/index.php\/wp-json\/wp\/v2\/posts\/296","targetHints":{"allow":["GET"]}}],"collection":[{"href":"https:\/\/cpts-ouest-herault.fr\/index.php\/wp-json\/wp\/v2\/posts"}],"about":[{"href":"https:\/\/cpts-ouest-herault.fr\/index.php\/wp-json\/wp\/v2\/types\/post"}],"author":[{"embeddable":true,"href":"https:\/\/cpts-ouest-herault.fr\/index.php\/wp-json\/wp\/v2\/users\/1"}],"replies":[{"embeddable":true,"href":"https:\/\/cpts-ouest-herault.fr\/index.php\/wp-json\/wp\/v2\/comments?post=296"}],"version-history":[{"count":0,"href":"https:\/\/cpts-ouest-herault.fr\/index.php\/wp-json\/wp\/v2\/posts\/296\/revisions"}],"wp:featuredmedia":[{"embeddable":true,"href":"https:\/\/cpts-ouest-herault.fr\/index.php\/wp-json\/wp\/v2\/media\/297"}],"wp:attachment":[{"href":"https:\/\/cpts-ouest-herault.fr\/index.php\/wp-json\/wp\/v2\/media?parent=296"}],"wp:term":[{"taxonomy":"category","embeddable":true,"href":"https:\/\/cpts-ouest-herault.fr\/index.php\/wp-json\/wp\/v2\/categories?post=296"},{"taxonomy":"post_tag","embeddable":true,"href":"https:\/\/cpts-ouest-herault.fr\/index.php\/wp-json\/wp\/v2\/tags?post=296"}],"curies":[{"name":"wp","href":"https:\/\/api.w.org\/{rel}","templated":true}]}}