{"id":309,"date":"2025-05-27T11:00:50","date_gmt":"2025-05-27T09:00:50","guid":{"rendered":"https:\/\/cpts-ouest-herault.fr\/?p=309"},"modified":"2025-11-19T16:19:56","modified_gmt":"2025-11-19T15:19:56","slug":"vaccination-les-professionnels-de-sante-acteurs-cles-de-la-prevention","status":"publish","type":"post","link":"https:\/\/cpts-ouest-herault.fr\/index.php\/2025\/05\/27\/vaccination-les-professionnels-de-sante-acteurs-cles-de-la-prevention\/","title":{"rendered":"Vaccination : les professionnels de sant\u00e9, acteurs cl\u00e9s de la pr\u00e9vention"},"content":{"rendered":"\n<p>La vaccination reste l\u2019un des leviers les plus puissants de la <strong>pr\u00e9vention des infections<\/strong> chez les personnes fragiles. Depuis ao\u00fbt 2023, l\u2019<strong>\u00e9largissement des comp\u00e9tences vaccinales<\/strong> a permis \u00e0 de nombreux professionnels de sant\u00e9 de participer activement \u00e0 cette mission de sant\u00e9 publique.<\/p>\n\n\n\n<h2 class=\"wp-block-heading\">Qui est concern\u00e9 ?<\/h2>\n\n\n\n<p>Sont aujourd\u2019hui habilit\u00e9s \u00e0 <strong>prescrire et administrer certains vaccins<\/strong> (selon les formations et les recommandations) :<\/p>\n\n\n\n<ul class=\"wp-block-list\">\n<li>Les <strong>sages-femmes<\/strong><\/li>\n\n\n\n<li>Les <strong>pharmaciens<\/strong> et pr\u00e9parateurs en pharmacie (en officine ou \u00e0 usage int\u00e9rieur, sous d\u00e9l\u00e9gation pharmacien)<\/li>\n\n\n\n<li>Les <strong>infirmiers<\/strong> dipl\u00f4m\u00e9s d\u2019\u00c9tat<\/li>\n\n\n\n<li>Les <strong>biologistes m\u00e9dicaux<\/strong> et <strong>IDE<\/strong> en laboratoire de biologie m\u00e9dicale<\/li>\n<\/ul>\n\n\n\n<p><strong>NB :<\/strong> Les infirmiers conservent leurs comp\u00e9tences d\u2019administration pour tous les vaccins du calendrier vaccinal, \u00e0 tout \u00e2ge et sur prescription m\u00e9dicale.<\/p>\n\n\n\n<h2 class=\"wp-block-heading\">Pour quels vaccins ?<\/h2>\n\n\n\n<ul class=\"wp-block-list\">\n<li><strong>Vaccins du calendrier vaccinal<\/strong>, sauf vaccins vivants att\u00e9nu\u00e9s chez les immunod\u00e9prim\u00e9s<\/li>\n\n\n\n<li><strong>Vaccins vivants att\u00e9nu\u00e9s chez les immunod\u00e9prim\u00e9s<\/strong> (uniquement sur prescription m\u00e9dicale)<\/li>\n\n\n\n<li>Vaccins contre la grippe saisonni\u00e8re (patients cibl\u00e9s ou non par les recommandations vaccinales)<\/li>\n<\/ul>\n\n\n\n<p>La population concern\u00e9e comprend toutes les personnes \u00e0 partir de 11 ans (et d\u00e8s 5 ans pour le vaccin contre le Covid-19).<\/p>\n\n\n\n<h2 class=\"wp-block-heading\">Pourquoi cet \u00e9largissement ?<\/h2>\n\n\n\n<p>Permettre un acc\u00e8s facilit\u00e9 \u00e0 la vaccination, renforcer la couverture vaccinale, et ainsi \u00e9viter les complications li\u00e9es aux infections.<br><strong>Une infection \u00e9vit\u00e9e, c\u2019est souvent une antibioth\u00e9rapie \u00e9pargn\u00e9e !<\/strong><\/p>\n\n\n\n<p>Pour plus d\u2019informations sur l\u2019<strong>acquisition des comp\u00e9tences vaccinales<\/strong>, consultez les textes de r\u00e9f\u00e9rence disponibles sur notre site.<\/p>\n\n\n\n<p><strong>T\u00e9l\u00e9chargez l\u2019affiche compl\u00e8te sur la vaccination par les professionnels de sant\u00e9 (PDF)<\/strong>, <a href=\"https:\/\/cpts-ouest-herault.fr\/wp-content\/uploads\/2025\/05\/Vaccin-PS.png\">ici<\/a> !<\/p>\n","protected":false},"excerpt":{"rendered":"<p>La vaccination reste l\u2019un des leviers les plus puissants de la pr\u00e9vention des infections chez les personnes fragiles. Depuis ao\u00fbt 2023, l\u2019\u00e9largissement des comp\u00e9tences vaccinales a permis \u00e0 de nombreux professionnels de sant\u00e9 de participer activement \u00e0 cette mission de sant\u00e9 publique.<\/p>\n","protected":false},"author":1,"featured_media":308,"comment_status":"closed","ping_status":"closed","sticky":false,"template":"","format":"standard","meta":{"site-sidebar-layout":"default","site-content-layout":"","ast-site-content-layout":"default","site-content-style":"default","site-sidebar-style":"default","ast-global-header-display":"","ast-banner-title-visibility":"","ast-main-header-display":"","ast-hfb-above-header-display":"","ast-hfb-below-header-display":"","ast-hfb-mobile-header-display":"","site-post-title":"","ast-breadcrumbs-content":"","ast-featured-img":"","footer-sml-layout":"","theme-transparent-header-meta":"","adv-header-id-meta":"","stick-header-meta":"","header-above-stick-meta":"","header-main-stick-meta":"","header-below-stick-meta":"","astra-migrate-meta-layouts":"default","ast-page-background-enabled":"default","ast-page-background-meta":{"desktop":{"background-color":"var(--ast-global-color-5)","background-image":"","background-repeat":"repeat","background-position":"center center","background-size":"auto","background-attachment":"scroll","background-type":"","background-media":"","overlay-type":"","overlay-color":"","overlay-opacity":"","overlay-gradient":""},"tablet":{"background-color":"","background-image":"","background-repeat":"repeat","background-position":"center center","background-size":"auto","background-attachment":"scroll","background-type":"","background-media":"","overlay-type":"","overlay-color":"","overlay-opacity":"","overlay-gradient":""},"mobile":{"background-color":"","background-image":"","background-repeat":"repeat","background-position":"center center","background-size":"auto","background-attachment":"scroll","background-type":"","background-media":"","overlay-type":"","overlay-color":"","overlay-opacity":"","overlay-gradient":""}},"ast-content-background-meta":{"desktop":{"background-color":"var(--ast-global-color-4)","background-image":"","background-repeat":"repeat","background-position":"center center","background-size":"auto","background-attachment":"scroll","background-type":"","background-media":"","overlay-type":"","overlay-color":"","overlay-opacity":"","overlay-gradient":""},"tablet":{"background-color":"var(--ast-global-color-4)","background-image":"","background-repeat":"repeat","background-position":"center center","background-size":"auto","background-attachment":"scroll","background-type":"","background-media":"","overlay-type":"","overlay-color":"","overlay-opacity":"","overlay-gradient":""},"mobile":{"background-color":"var(--ast-global-color-4)","background-image":"","background-repeat":"repeat","background-position":"center center","background-size":"auto","background-attachment":"scroll","background-type":"","background-media":"","overlay-type":"","overlay-color":"","overlay-opacity":"","overlay-gradient":""}},"footnotes":""},"categories":[39],"tags":[],"class_list":["post-309","post","type-post","status-publish","format-standard","has-post-thumbnail","hentry","category-national"],"yoast_head":"<!-- This site is optimized with the Yoast SEO plugin v27.5 - https:\/\/yoast.com\/product\/yoast-seo-wordpress\/ -->\n<title>Vaccination : les professionnels de sant\u00e9, acteurs cl\u00e9s de la pr\u00e9vention - CPTS Ouest H\u00e9rault<\/title>\n<meta name=\"description\" content=\"Depuis ao\u00fbt 2023, l\u2019\u00e9largissement des comp\u00e9tences vaccinales renforce l\u2019implication des professionnels de sant\u00e9. D\u00e9couvrez les vaccins concern\u00e9s et t\u00e9l\u00e9chargez l\u2019affiche informative.\" \/>\n<meta name=\"robots\" content=\"index, follow, max-snippet:-1, max-image-preview:large, max-video-preview:-1\" \/>\n<link rel=\"canonical\" href=\"https:\/\/cpts-ouest-herault.fr\/index.php\/2025\/05\/27\/vaccination-les-professionnels-de-sante-acteurs-cles-de-la-prevention\/\" \/>\n<meta property=\"og:locale\" content=\"fr_FR\" \/>\n<meta property=\"og:type\" content=\"article\" \/>\n<meta property=\"og:title\" content=\"Vaccination : les professionnels de sant\u00e9, acteurs cl\u00e9s de la pr\u00e9vention - CPTS Ouest H\u00e9rault\" \/>\n<meta property=\"og:description\" content=\"Depuis ao\u00fbt 2023, l\u2019\u00e9largissement des comp\u00e9tences vaccinales renforce l\u2019implication des professionnels de sant\u00e9. D\u00e9couvrez les vaccins concern\u00e9s et t\u00e9l\u00e9chargez l\u2019affiche informative.\" \/>\n<meta property=\"og:url\" content=\"https:\/\/cpts-ouest-herault.fr\/index.php\/2025\/05\/27\/vaccination-les-professionnels-de-sante-acteurs-cles-de-la-prevention\/\" \/>\n<meta property=\"og:site_name\" content=\"CPTS Ouest H\u00e9rault\" \/>\n<meta property=\"article:published_time\" content=\"2025-05-27T09:00:50+00:00\" \/>\n<meta property=\"article:modified_time\" content=\"2025-11-19T15:19:56+00:00\" \/>\n<meta property=\"og:image\" content=\"http:\/\/cpts-ouest-herault.fr\/wp-content\/uploads\/2025\/05\/Vaccin-PS.png\" \/>\n\t<meta property=\"og:image:width\" content=\"851\" \/>\n\t<meta property=\"og:image:height\" content=\"601\" \/>\n\t<meta property=\"og:image:type\" content=\"image\/png\" \/>\n<meta name=\"author\" content=\"admin5120\" \/>\n<meta name=\"twitter:card\" content=\"summary_large_image\" \/>\n<meta name=\"twitter:label1\" content=\"\u00c9crit par\" \/>\n\t<meta name=\"twitter:data1\" content=\"admin5120\" \/>\n\t<meta name=\"twitter:label2\" content=\"Dur\u00e9e de lecture estim\u00e9e\" \/>\n\t<meta name=\"twitter:data2\" content=\"2 minutes\" \/>\n<script type=\"application\/ld+json\" class=\"yoast-schema-graph\">{\"@context\":\"https:\\\/\\\/schema.org\",\"@graph\":[{\"@type\":\"Article\",\"@id\":\"https:\\\/\\\/cpts-ouest-herault.fr\\\/index.php\\\/2025\\\/05\\\/27\\\/vaccination-les-professionnels-de-sante-acteurs-cles-de-la-prevention\\\/#article\",\"isPartOf\":{\"@id\":\"https:\\\/\\\/cpts-ouest-herault.fr\\\/index.php\\\/2025\\\/05\\\/27\\\/vaccination-les-professionnels-de-sante-acteurs-cles-de-la-prevention\\\/\"},\"author\":{\"name\":\"admin5120\",\"@id\":\"https:\\\/\\\/cpts-ouest-herault.fr\\\/#\\\/schema\\\/person\\\/e2ec38d33992d51933b7be4c23745642\"},\"headline\":\"Vaccination : les professionnels de sant\u00e9, acteurs cl\u00e9s de la pr\u00e9vention\",\"datePublished\":\"2025-05-27T09:00:50+00:00\",\"dateModified\":\"2025-11-19T15:19:56+00:00\",\"mainEntityOfPage\":{\"@id\":\"https:\\\/\\\/cpts-ouest-herault.fr\\\/index.php\\\/2025\\\/05\\\/27\\\/vaccination-les-professionnels-de-sante-acteurs-cles-de-la-prevention\\\/\"},\"wordCount\":280,\"publisher\":{\"@id\":\"https:\\\/\\\/cpts-ouest-herault.fr\\\/#organization\"},\"image\":{\"@id\":\"https:\\\/\\\/cpts-ouest-herault.fr\\\/index.php\\\/2025\\\/05\\\/27\\\/vaccination-les-professionnels-de-sante-acteurs-cles-de-la-prevention\\\/#primaryimage\"},\"thumbnailUrl\":\"https:\\\/\\\/cpts-ouest-herault.fr\\\/wp-content\\\/uploads\\\/2025\\\/05\\\/Vaccin-PS.png\",\"articleSection\":[\"Actualit\u00e9s r\u00e9gionales et nationales\"],\"inLanguage\":\"fr-FR\"},{\"@type\":\"WebPage\",\"@id\":\"https:\\\/\\\/cpts-ouest-herault.fr\\\/index.php\\\/2025\\\/05\\\/27\\\/vaccination-les-professionnels-de-sante-acteurs-cles-de-la-prevention\\\/\",\"url\":\"https:\\\/\\\/cpts-ouest-herault.fr\\\/index.php\\\/2025\\\/05\\\/27\\\/vaccination-les-professionnels-de-sante-acteurs-cles-de-la-prevention\\\/\",\"name\":\"Vaccination : les professionnels de sant\u00e9, acteurs cl\u00e9s de la pr\u00e9vention - CPTS Ouest H\u00e9rault\",\"isPartOf\":{\"@id\":\"https:\\\/\\\/cpts-ouest-herault.fr\\\/#website\"},\"primaryImageOfPage\":{\"@id\":\"https:\\\/\\\/cpts-ouest-herault.fr\\\/index.php\\\/2025\\\/05\\\/27\\\/vaccination-les-professionnels-de-sante-acteurs-cles-de-la-prevention\\\/#primaryimage\"},\"image\":{\"@id\":\"https:\\\/\\\/cpts-ouest-herault.fr\\\/index.php\\\/2025\\\/05\\\/27\\\/vaccination-les-professionnels-de-sante-acteurs-cles-de-la-prevention\\\/#primaryimage\"},\"thumbnailUrl\":\"https:\\\/\\\/cpts-ouest-herault.fr\\\/wp-content\\\/uploads\\\/2025\\\/05\\\/Vaccin-PS.png\",\"datePublished\":\"2025-05-27T09:00:50+00:00\",\"dateModified\":\"2025-11-19T15:19:56+00:00\",\"description\":\"Depuis ao\u00fbt 2023, l\u2019\u00e9largissement des comp\u00e9tences vaccinales renforce l\u2019implication des professionnels de sant\u00e9. D\u00e9couvrez les vaccins concern\u00e9s et t\u00e9l\u00e9chargez l\u2019affiche informative.\",\"breadcrumb\":{\"@id\":\"https:\\\/\\\/cpts-ouest-herault.fr\\\/index.php\\\/2025\\\/05\\\/27\\\/vaccination-les-professionnels-de-sante-acteurs-cles-de-la-prevention\\\/#breadcrumb\"},\"inLanguage\":\"fr-FR\",\"potentialAction\":[{\"@type\":\"ReadAction\",\"target\":[\"https:\\\/\\\/cpts-ouest-herault.fr\\\/index.php\\\/2025\\\/05\\\/27\\\/vaccination-les-professionnels-de-sante-acteurs-cles-de-la-prevention\\\/\"]}]},{\"@type\":\"ImageObject\",\"inLanguage\":\"fr-FR\",\"@id\":\"https:\\\/\\\/cpts-ouest-herault.fr\\\/index.php\\\/2025\\\/05\\\/27\\\/vaccination-les-professionnels-de-sante-acteurs-cles-de-la-prevention\\\/#primaryimage\",\"url\":\"https:\\\/\\\/cpts-ouest-herault.fr\\\/wp-content\\\/uploads\\\/2025\\\/05\\\/Vaccin-PS.png\",\"contentUrl\":\"https:\\\/\\\/cpts-ouest-herault.fr\\\/wp-content\\\/uploads\\\/2025\\\/05\\\/Vaccin-PS.png\",\"width\":851,\"height\":601,\"caption\":\"Flash Info #7 - L'\u00e9largissement des comp\u00e9tences vaccinales\"},{\"@type\":\"BreadcrumbList\",\"@id\":\"https:\\\/\\\/cpts-ouest-herault.fr\\\/index.php\\\/2025\\\/05\\\/27\\\/vaccination-les-professionnels-de-sante-acteurs-cles-de-la-prevention\\\/#breadcrumb\",\"itemListElement\":[{\"@type\":\"ListItem\",\"position\":1,\"name\":\"Accueil\",\"item\":\"https:\\\/\\\/cpts-ouest-herault.fr\\\/\"},{\"@type\":\"ListItem\",\"position\":2,\"name\":\"Vaccination : les professionnels de sant\u00e9, acteurs cl\u00e9s de la pr\u00e9vention\"}]},{\"@type\":\"WebSite\",\"@id\":\"https:\\\/\\\/cpts-ouest-herault.fr\\\/#website\",\"url\":\"https:\\\/\\\/cpts-ouest-herault.fr\\\/\",\"name\":\"CPTS Ouest H\u00e9rault\",\"description\":\"\",\"publisher\":{\"@id\":\"https:\\\/\\\/cpts-ouest-herault.fr\\\/#organization\"},\"potentialAction\":[{\"@type\":\"SearchAction\",\"target\":{\"@type\":\"EntryPoint\",\"urlTemplate\":\"https:\\\/\\\/cpts-ouest-herault.fr\\\/?s={search_term_string}\"},\"query-input\":{\"@type\":\"PropertyValueSpecification\",\"valueRequired\":true,\"valueName\":\"search_term_string\"}}],\"inLanguage\":\"fr-FR\"},{\"@type\":\"Organization\",\"@id\":\"https:\\\/\\\/cpts-ouest-herault.fr\\\/#organization\",\"name\":\"CPTS Ouest H\u00e9rault\",\"url\":\"https:\\\/\\\/cpts-ouest-herault.fr\\\/\",\"logo\":{\"@type\":\"ImageObject\",\"inLanguage\":\"fr-FR\",\"@id\":\"https:\\\/\\\/cpts-ouest-herault.fr\\\/#\\\/schema\\\/logo\\\/image\\\/\",\"url\":\"https:\\\/\\\/cpts-ouest-herault.fr\\\/wp-content\\\/uploads\\\/2025\\\/03\\\/cropped-Logo-CPTS-Modifie.png\",\"contentUrl\":\"https:\\\/\\\/cpts-ouest-herault.fr\\\/wp-content\\\/uploads\\\/2025\\\/03\\\/cropped-Logo-CPTS-Modifie.png\",\"width\":175,\"height\":134,\"caption\":\"CPTS Ouest H\u00e9rault\"},\"image\":{\"@id\":\"https:\\\/\\\/cpts-ouest-herault.fr\\\/#\\\/schema\\\/logo\\\/image\\\/\"},\"sameAs\":[\"https:\\\/\\\/www.linkedin.com\\\/company\\\/cpts-ouest-herault\"]},{\"@type\":\"Person\",\"@id\":\"https:\\\/\\\/cpts-ouest-herault.fr\\\/#\\\/schema\\\/person\\\/e2ec38d33992d51933b7be4c23745642\",\"name\":\"admin5120\",\"image\":{\"@type\":\"ImageObject\",\"inLanguage\":\"fr-FR\",\"@id\":\"https:\\\/\\\/secure.gravatar.com\\\/avatar\\\/c4d1cc16ef704da6329a105955d8e3fdfff70d0b410a11925b48bc2d9e9309e1?s=96&d=mm&r=g\",\"url\":\"https:\\\/\\\/secure.gravatar.com\\\/avatar\\\/c4d1cc16ef704da6329a105955d8e3fdfff70d0b410a11925b48bc2d9e9309e1?s=96&d=mm&r=g\",\"contentUrl\":\"https:\\\/\\\/secure.gravatar.com\\\/avatar\\\/c4d1cc16ef704da6329a105955d8e3fdfff70d0b410a11925b48bc2d9e9309e1?s=96&d=mm&r=g\",\"caption\":\"admin5120\"},\"sameAs\":[\"http:\\\/\\\/cpts-ouest-herault.fr\"],\"url\":\"https:\\\/\\\/cpts-ouest-herault.fr\\\/index.php\\\/author\\\/admin5120\\\/\"}]}<\/script>\n<!-- \/ Yoast SEO plugin. -->","yoast_head_json":{"title":"Vaccination : les professionnels de sant\u00e9, acteurs cl\u00e9s de la pr\u00e9vention - CPTS Ouest H\u00e9rault","description":"Depuis ao\u00fbt 2023, l\u2019\u00e9largissement des comp\u00e9tences vaccinales renforce l\u2019implication des professionnels de sant\u00e9. D\u00e9couvrez les vaccins concern\u00e9s et t\u00e9l\u00e9chargez l\u2019affiche informative.","robots":{"index":"index","follow":"follow","max-snippet":"max-snippet:-1","max-image-preview":"max-image-preview:large","max-video-preview":"max-video-preview:-1"},"canonical":"https:\/\/cpts-ouest-herault.fr\/index.php\/2025\/05\/27\/vaccination-les-professionnels-de-sante-acteurs-cles-de-la-prevention\/","og_locale":"fr_FR","og_type":"article","og_title":"Vaccination : les professionnels de sant\u00e9, acteurs cl\u00e9s de la pr\u00e9vention - CPTS Ouest H\u00e9rault","og_description":"Depuis ao\u00fbt 2023, l\u2019\u00e9largissement des comp\u00e9tences vaccinales renforce l\u2019implication des professionnels de sant\u00e9. D\u00e9couvrez les vaccins concern\u00e9s et t\u00e9l\u00e9chargez l\u2019affiche informative.","og_url":"https:\/\/cpts-ouest-herault.fr\/index.php\/2025\/05\/27\/vaccination-les-professionnels-de-sante-acteurs-cles-de-la-prevention\/","og_site_name":"CPTS Ouest H\u00e9rault","article_published_time":"2025-05-27T09:00:50+00:00","article_modified_time":"2025-11-19T15:19:56+00:00","og_image":[{"width":851,"height":601,"url":"http:\/\/cpts-ouest-herault.fr\/wp-content\/uploads\/2025\/05\/Vaccin-PS.png","type":"image\/png"}],"author":"admin5120","twitter_card":"summary_large_image","twitter_misc":{"\u00c9crit par":"admin5120","Dur\u00e9e de lecture estim\u00e9e":"2 minutes"},"schema":{"@context":"https:\/\/schema.org","@graph":[{"@type":"Article","@id":"https:\/\/cpts-ouest-herault.fr\/index.php\/2025\/05\/27\/vaccination-les-professionnels-de-sante-acteurs-cles-de-la-prevention\/#article","isPartOf":{"@id":"https:\/\/cpts-ouest-herault.fr\/index.php\/2025\/05\/27\/vaccination-les-professionnels-de-sante-acteurs-cles-de-la-prevention\/"},"author":{"name":"admin5120","@id":"https:\/\/cpts-ouest-herault.fr\/#\/schema\/person\/e2ec38d33992d51933b7be4c23745642"},"headline":"Vaccination : les professionnels de sant\u00e9, acteurs cl\u00e9s de la pr\u00e9vention","datePublished":"2025-05-27T09:00:50+00:00","dateModified":"2025-11-19T15:19:56+00:00","mainEntityOfPage":{"@id":"https:\/\/cpts-ouest-herault.fr\/index.php\/2025\/05\/27\/vaccination-les-professionnels-de-sante-acteurs-cles-de-la-prevention\/"},"wordCount":280,"publisher":{"@id":"https:\/\/cpts-ouest-herault.fr\/#organization"},"image":{"@id":"https:\/\/cpts-ouest-herault.fr\/index.php\/2025\/05\/27\/vaccination-les-professionnels-de-sante-acteurs-cles-de-la-prevention\/#primaryimage"},"thumbnailUrl":"https:\/\/cpts-ouest-herault.fr\/wp-content\/uploads\/2025\/05\/Vaccin-PS.png","articleSection":["Actualit\u00e9s r\u00e9gionales et nationales"],"inLanguage":"fr-FR"},{"@type":"WebPage","@id":"https:\/\/cpts-ouest-herault.fr\/index.php\/2025\/05\/27\/vaccination-les-professionnels-de-sante-acteurs-cles-de-la-prevention\/","url":"https:\/\/cpts-ouest-herault.fr\/index.php\/2025\/05\/27\/vaccination-les-professionnels-de-sante-acteurs-cles-de-la-prevention\/","name":"Vaccination : les professionnels de sant\u00e9, acteurs cl\u00e9s de la pr\u00e9vention - CPTS Ouest H\u00e9rault","isPartOf":{"@id":"https:\/\/cpts-ouest-herault.fr\/#website"},"primaryImageOfPage":{"@id":"https:\/\/cpts-ouest-herault.fr\/index.php\/2025\/05\/27\/vaccination-les-professionnels-de-sante-acteurs-cles-de-la-prevention\/#primaryimage"},"image":{"@id":"https:\/\/cpts-ouest-herault.fr\/index.php\/2025\/05\/27\/vaccination-les-professionnels-de-sante-acteurs-cles-de-la-prevention\/#primaryimage"},"thumbnailUrl":"https:\/\/cpts-ouest-herault.fr\/wp-content\/uploads\/2025\/05\/Vaccin-PS.png","datePublished":"2025-05-27T09:00:50+00:00","dateModified":"2025-11-19T15:19:56+00:00","description":"Depuis ao\u00fbt 2023, l\u2019\u00e9largissement des comp\u00e9tences vaccinales renforce l\u2019implication des professionnels de sant\u00e9. D\u00e9couvrez les vaccins concern\u00e9s et t\u00e9l\u00e9chargez l\u2019affiche informative.","breadcrumb":{"@id":"https:\/\/cpts-ouest-herault.fr\/index.php\/2025\/05\/27\/vaccination-les-professionnels-de-sante-acteurs-cles-de-la-prevention\/#breadcrumb"},"inLanguage":"fr-FR","potentialAction":[{"@type":"ReadAction","target":["https:\/\/cpts-ouest-herault.fr\/index.php\/2025\/05\/27\/vaccination-les-professionnels-de-sante-acteurs-cles-de-la-prevention\/"]}]},{"@type":"ImageObject","inLanguage":"fr-FR","@id":"https:\/\/cpts-ouest-herault.fr\/index.php\/2025\/05\/27\/vaccination-les-professionnels-de-sante-acteurs-cles-de-la-prevention\/#primaryimage","url":"https:\/\/cpts-ouest-herault.fr\/wp-content\/uploads\/2025\/05\/Vaccin-PS.png","contentUrl":"https:\/\/cpts-ouest-herault.fr\/wp-content\/uploads\/2025\/05\/Vaccin-PS.png","width":851,"height":601,"caption":"Flash Info #7 - L'\u00e9largissement des comp\u00e9tences vaccinales"},{"@type":"BreadcrumbList","@id":"https:\/\/cpts-ouest-herault.fr\/index.php\/2025\/05\/27\/vaccination-les-professionnels-de-sante-acteurs-cles-de-la-prevention\/#breadcrumb","itemListElement":[{"@type":"ListItem","position":1,"name":"Accueil","item":"https:\/\/cpts-ouest-herault.fr\/"},{"@type":"ListItem","position":2,"name":"Vaccination : les professionnels de sant\u00e9, acteurs cl\u00e9s de la pr\u00e9vention"}]},{"@type":"WebSite","@id":"https:\/\/cpts-ouest-herault.fr\/#website","url":"https:\/\/cpts-ouest-herault.fr\/","name":"CPTS Ouest H\u00e9rault","description":"","publisher":{"@id":"https:\/\/cpts-ouest-herault.fr\/#organization"},"potentialAction":[{"@type":"SearchAction","target":{"@type":"EntryPoint","urlTemplate":"https:\/\/cpts-ouest-herault.fr\/?s={search_term_string}"},"query-input":{"@type":"PropertyValueSpecification","valueRequired":true,"valueName":"search_term_string"}}],"inLanguage":"fr-FR"},{"@type":"Organization","@id":"https:\/\/cpts-ouest-herault.fr\/#organization","name":"CPTS Ouest H\u00e9rault","url":"https:\/\/cpts-ouest-herault.fr\/","logo":{"@type":"ImageObject","inLanguage":"fr-FR","@id":"https:\/\/cpts-ouest-herault.fr\/#\/schema\/logo\/image\/","url":"https:\/\/cpts-ouest-herault.fr\/wp-content\/uploads\/2025\/03\/cropped-Logo-CPTS-Modifie.png","contentUrl":"https:\/\/cpts-ouest-herault.fr\/wp-content\/uploads\/2025\/03\/cropped-Logo-CPTS-Modifie.png","width":175,"height":134,"caption":"CPTS Ouest H\u00e9rault"},"image":{"@id":"https:\/\/cpts-ouest-herault.fr\/#\/schema\/logo\/image\/"},"sameAs":["https:\/\/www.linkedin.com\/company\/cpts-ouest-herault"]},{"@type":"Person","@id":"https:\/\/cpts-ouest-herault.fr\/#\/schema\/person\/e2ec38d33992d51933b7be4c23745642","name":"admin5120","image":{"@type":"ImageObject","inLanguage":"fr-FR","@id":"https:\/\/secure.gravatar.com\/avatar\/c4d1cc16ef704da6329a105955d8e3fdfff70d0b410a11925b48bc2d9e9309e1?s=96&d=mm&r=g","url":"https:\/\/secure.gravatar.com\/avatar\/c4d1cc16ef704da6329a105955d8e3fdfff70d0b410a11925b48bc2d9e9309e1?s=96&d=mm&r=g","contentUrl":"https:\/\/secure.gravatar.com\/avatar\/c4d1cc16ef704da6329a105955d8e3fdfff70d0b410a11925b48bc2d9e9309e1?s=96&d=mm&r=g","caption":"admin5120"},"sameAs":["http:\/\/cpts-ouest-herault.fr"],"url":"https:\/\/cpts-ouest-herault.fr\/index.php\/author\/admin5120\/"}]}},"_links":{"self":[{"href":"https:\/\/cpts-ouest-herault.fr\/index.php\/wp-json\/wp\/v2\/posts\/309","targetHints":{"allow":["GET"]}}],"collection":[{"href":"https:\/\/cpts-ouest-herault.fr\/index.php\/wp-json\/wp\/v2\/posts"}],"about":[{"href":"https:\/\/cpts-ouest-herault.fr\/index.php\/wp-json\/wp\/v2\/types\/post"}],"author":[{"embeddable":true,"href":"https:\/\/cpts-ouest-herault.fr\/index.php\/wp-json\/wp\/v2\/users\/1"}],"replies":[{"embeddable":true,"href":"https:\/\/cpts-ouest-herault.fr\/index.php\/wp-json\/wp\/v2\/comments?post=309"}],"version-history":[{"count":0,"href":"https:\/\/cpts-ouest-herault.fr\/index.php\/wp-json\/wp\/v2\/posts\/309\/revisions"}],"wp:featuredmedia":[{"embeddable":true,"href":"https:\/\/cpts-ouest-herault.fr\/index.php\/wp-json\/wp\/v2\/media\/308"}],"wp:attachment":[{"href":"https:\/\/cpts-ouest-herault.fr\/index.php\/wp-json\/wp\/v2\/media?parent=309"}],"wp:term":[{"taxonomy":"category","embeddable":true,"href":"https:\/\/cpts-ouest-herault.fr\/index.php\/wp-json\/wp\/v2\/categories?post=309"},{"taxonomy":"post_tag","embeddable":true,"href":"https:\/\/cpts-ouest-herault.fr\/index.php\/wp-json\/wp\/v2\/tags?post=309"}],"curies":[{"name":"wp","href":"https:\/\/api.w.org\/{rel}","templated":true}]}}