{"id":321,"date":"2025-06-13T12:02:09","date_gmt":"2025-06-13T10:02:09","guid":{"rendered":"https:\/\/cpts-ouest-herault.fr\/?p=321"},"modified":"2025-11-19T16:19:56","modified_gmt":"2025-11-19T15:19:56","slug":"formation-sur-les-troubles-du-comportement-alimentaire-de-lenfant-une-approche-pluridisciplinaire-a-distance","status":"publish","type":"post","link":"https:\/\/cpts-ouest-herault.fr\/index.php\/2025\/06\/13\/formation-sur-les-troubles-du-comportement-alimentaire-de-lenfant-une-approche-pluridisciplinaire-a-distance\/","title":{"rendered":"Formation sur les troubles du comportement alimentaire de l\u2019enfant : une approche pluridisciplinaire \u00e0 distance"},"content":{"rendered":"\n<p>La CPTS Ouest H\u00e9rault relaye une opportunit\u00e9 de formation destin\u00e9e aux professionnels de sant\u00e9 en lien avec la petite enfance : <strong>\u00ab Troubles du comportement alimentaire de l\u2019enfant \u00bb<\/strong>, organis\u00e9e par Er\u00e8s Formations. Cette formation en visioconf\u00e9rence se tiendra les <strong>18, 19 et 20 juin 2025<\/strong>, de <strong>9h \u00e0 12h30<\/strong>, et sera anim\u00e9e par <strong>Thomas Cascales<\/strong> (psychologue et psychanalyste sp\u00e9cialis\u00e9 en p\u00e9rinatalit\u00e9) et <strong>Sophie Dubedout<\/strong> (gastro-ent\u00e9rologue p\u00e9diatrique \u00e0 Toulouse).<\/p>\n\n\n\n<h2 class=\"wp-block-heading\"><strong>Objectifs de la formation<\/strong><\/h2>\n\n\n\n<p>L\u2019alimentation des jeunes enfants est un enjeu crucial de sant\u00e9 publique. Les <strong>troubles pr\u00e9coces du comportement alimentaire (TCA)<\/strong> sont de plus en plus souvent identifi\u00e9s, bien que leurs causes soient <strong>complexes et multifactorielles<\/strong>. Cette formation vise \u00e0 :<\/p>\n\n\n\n<ul class=\"wp-block-list\">\n<li><strong>D\u00e9construire les id\u00e9es re\u00e7ues<\/strong> sur l\u2019alimentation et le d\u00e9veloppement sensoriel ;<\/li>\n\n\n\n<li>Mettre en lumi\u00e8re <strong>l\u2019importance de l\u2019interdisciplinarit\u00e9<\/strong> (m\u00e9decins, psychologues, \u00e9ducateurs, etc.) dans la prise en charge ;<\/li>\n\n\n\n<li>Explorer les <strong>influences parentales et sociales<\/strong> sur les troubles alimentaires ;<\/li>\n\n\n\n<li>Renforcer les comp\u00e9tences cliniques et le rep\u00e9rage pr\u00e9coce.<\/li>\n<\/ul>\n\n\n\n<h2 class=\"wp-block-heading\"><strong>Public concern\u00e9<\/strong><\/h2>\n\n\n\n<p>La formation s\u2019adresse aux :<\/p>\n\n\n\n<ul class=\"wp-block-list\">\n<li>Professionnels de la petite enfance ;<\/li>\n\n\n\n<li>Psychologues, p\u00e9dopsychiatres, m\u00e9decins g\u00e9n\u00e9ralistes, p\u00e9diatres ;<\/li>\n\n\n\n<li>Gastro-ent\u00e9rologues, orthophonistes, psychomotriciens, travailleurs sociaux\u2026<\/li>\n<\/ul>\n\n\n\n<p>\ud83d\udcd8 Un <strong>ebook de r\u00e9f\u00e9rence<\/strong> sera offert aux participants : <em>Les troubles alimentaires du b\u00e9b\u00e9<\/em>, de Thomas Cascales.<\/p>\n\n\n\n<h2 class=\"wp-block-heading\"><strong>Modalit\u00e9s pratiques<\/strong><\/h2>\n\n\n\n<ul class=\"wp-block-list\">\n<li><strong>O\u00f9 ?<\/strong> Formation \u00e0 distance via Zoom (acc\u00e8s au replay pendant 4 mois)<\/li>\n\n\n\n<li><strong>Quand ?<\/strong> 18, 19 et 20 juin 2025 \u2013 de 9h \u00e0 12h30<\/li>\n\n\n\n<li><strong>Inscription obligatoire<\/strong> via le site d\u2019Er\u00e8s Formations<\/li>\n<\/ul>\n\n\n\n<p>Informations et inscriptions, <a href=\"http:\/\/znq8.mjt.lu\/lnk\/AU0AAG7nXowAAdNkRZwAAKv6E-cAAYCq8rsAKyb5AAYYVwBoPbNJApXXUYGFT-qR2sSkMLhktQAF1kE\/6\/T_q7i9ASYstzIsMwdInI2w\/aHR0cHM6Ly93d3cuZWRpdGlvbnMtZXJlcy5jb20vZXJlcy1mb3JtYXRpb25zL2Zvcm1hdGlvbi90cm91Ymxlcy1kdS1jb21wb3J0ZW1lbnQtYWxpbWVudGFpcmUtZGUtbGVuZmFudC0yP210bV9jYW1wYWlnbj1yZWxhbmNlJTIwY2FzY2FsZXMmbXRtX2t3ZD1lcmVzLW5ld3NsZXR0ZXI\">ici<\/a> !<\/p>\n\n\n\n<p><\/p>\n","protected":false},"excerpt":{"rendered":"<p>La CPTS Ouest H\u00e9rault relaye une opportunit\u00e9 de formation destin\u00e9e aux professionnels de sant\u00e9 en lien avec la petite enfance : \u00ab Troubles du comportement alimentaire de l\u2019enfant \u00bb, organis\u00e9e par Er\u00e8s Formations. Cette formation en visioconf\u00e9rence se tiendra les 18, 19 et 20 juin 2025, de 9h \u00e0 12h30, et sera anim\u00e9e par Thomas Cascales (psychologue et psychanalyste sp\u00e9cialis\u00e9 en p\u00e9rinatalit\u00e9) et Sophie Dubedout (gastro-ent\u00e9rologue p\u00e9diatrique \u00e0 Toulouse).<\/p>\n","protected":false},"author":1,"featured_media":322,"comment_status":"closed","ping_status":"closed","sticky":false,"template":"","format":"standard","meta":{"site-sidebar-layout":"default","site-content-layout":"","ast-site-content-layout":"default","site-content-style":"default","site-sidebar-style":"default","ast-global-header-display":"","ast-banner-title-visibility":"","ast-main-header-display":"","ast-hfb-above-header-display":"","ast-hfb-below-header-display":"","ast-hfb-mobile-header-display":"","site-post-title":"","ast-breadcrumbs-content":"","ast-featured-img":"","footer-sml-layout":"","theme-transparent-header-meta":"","adv-header-id-meta":"","stick-header-meta":"","header-above-stick-meta":"","header-main-stick-meta":"","header-below-stick-meta":"","astra-migrate-meta-layouts":"default","ast-page-background-enabled":"default","ast-page-background-meta":{"desktop":{"background-color":"var(--ast-global-color-5)","background-image":"","background-repeat":"repeat","background-position":"center center","background-size":"auto","background-attachment":"scroll","background-type":"","background-media":"","overlay-type":"","overlay-color":"","overlay-opacity":"","overlay-gradient":""},"tablet":{"background-color":"","background-image":"","background-repeat":"repeat","background-position":"center center","background-size":"auto","background-attachment":"scroll","background-type":"","background-media":"","overlay-type":"","overlay-color":"","overlay-opacity":"","overlay-gradient":""},"mobile":{"background-color":"","background-image":"","background-repeat":"repeat","background-position":"center center","background-size":"auto","background-attachment":"scroll","background-type":"","background-media":"","overlay-type":"","overlay-color":"","overlay-opacity":"","overlay-gradient":""}},"ast-content-background-meta":{"desktop":{"background-color":"var(--ast-global-color-4)","background-image":"","background-repeat":"repeat","background-position":"center center","background-size":"auto","background-attachment":"scroll","background-type":"","background-media":"","overlay-type":"","overlay-color":"","overlay-opacity":"","overlay-gradient":""},"tablet":{"background-color":"var(--ast-global-color-4)","background-image":"","background-repeat":"repeat","background-position":"center center","background-size":"auto","background-attachment":"scroll","background-type":"","background-media":"","overlay-type":"","overlay-color":"","overlay-opacity":"","overlay-gradient":""},"mobile":{"background-color":"var(--ast-global-color-4)","background-image":"","background-repeat":"repeat","background-position":"center center","background-size":"auto","background-attachment":"scroll","background-type":"","background-media":"","overlay-type":"","overlay-color":"","overlay-opacity":"","overlay-gradient":""}},"footnotes":""},"categories":[39],"tags":[],"class_list":["post-321","post","type-post","status-publish","format-standard","has-post-thumbnail","hentry","category-national"],"yoast_head":"<!-- This site is optimized with the Yoast SEO plugin v27.5 - https:\/\/yoast.com\/product\/yoast-seo-wordpress\/ -->\n<title>Formation sur les troubles du comportement alimentaire de l\u2019enfant : une approche pluridisciplinaire \u00e0 distance - CPTS Ouest H\u00e9rault<\/title>\n<meta name=\"description\" content=\"Participez \u00e0 la formation en ligne sur les troubles du comportement alimentaire de l\u2019enfant, les 18-19-20 juin 2025 avec Thomas Cascales et Sophie Dubedout. Approche pluridisciplinaire, accessible \u00e0 tous les professionnels de la petite enfance.\" \/>\n<meta name=\"robots\" content=\"index, follow, max-snippet:-1, max-image-preview:large, max-video-preview:-1\" \/>\n<link rel=\"canonical\" href=\"https:\/\/cpts-ouest-herault.fr\/index.php\/2025\/06\/13\/formation-sur-les-troubles-du-comportement-alimentaire-de-lenfant-une-approche-pluridisciplinaire-a-distance\/\" \/>\n<meta property=\"og:locale\" content=\"fr_FR\" \/>\n<meta property=\"og:type\" content=\"article\" \/>\n<meta property=\"og:title\" content=\"Formation sur les troubles du comportement alimentaire de l\u2019enfant : une approche pluridisciplinaire \u00e0 distance - CPTS Ouest H\u00e9rault\" \/>\n<meta property=\"og:description\" content=\"Participez \u00e0 la formation en ligne sur les troubles du comportement alimentaire de l\u2019enfant, les 18-19-20 juin 2025 avec Thomas Cascales et Sophie Dubedout. Approche pluridisciplinaire, accessible \u00e0 tous les professionnels de la petite enfance.\" \/>\n<meta property=\"og:url\" content=\"https:\/\/cpts-ouest-herault.fr\/index.php\/2025\/06\/13\/formation-sur-les-troubles-du-comportement-alimentaire-de-lenfant-une-approche-pluridisciplinaire-a-distance\/\" \/>\n<meta property=\"og:site_name\" content=\"CPTS Ouest H\u00e9rault\" \/>\n<meta property=\"article:published_time\" content=\"2025-06-13T10:02:09+00:00\" \/>\n<meta property=\"article:modified_time\" content=\"2025-11-19T15:19:56+00:00\" \/>\n<meta property=\"og:image\" content=\"http:\/\/cpts-ouest-herault.fr\/wp-content\/uploads\/2025\/06\/Image-article-CPTS-1024x576.png\" \/>\n\t<meta property=\"og:image:width\" content=\"1024\" \/>\n\t<meta property=\"og:image:height\" content=\"576\" \/>\n\t<meta property=\"og:image:type\" content=\"image\/png\" \/>\n<meta name=\"author\" content=\"admin5120\" \/>\n<meta name=\"twitter:card\" content=\"summary_large_image\" \/>\n<meta name=\"twitter:label1\" content=\"\u00c9crit par\" \/>\n\t<meta name=\"twitter:data1\" content=\"admin5120\" \/>\n\t<meta name=\"twitter:label2\" content=\"Dur\u00e9e de lecture estim\u00e9e\" \/>\n\t<meta name=\"twitter:data2\" content=\"2 minutes\" \/>\n<script type=\"application\/ld+json\" class=\"yoast-schema-graph\">{\"@context\":\"https:\\\/\\\/schema.org\",\"@graph\":[{\"@type\":\"Article\",\"@id\":\"https:\\\/\\\/cpts-ouest-herault.fr\\\/index.php\\\/2025\\\/06\\\/13\\\/formation-sur-les-troubles-du-comportement-alimentaire-de-lenfant-une-approche-pluridisciplinaire-a-distance\\\/#article\",\"isPartOf\":{\"@id\":\"https:\\\/\\\/cpts-ouest-herault.fr\\\/index.php\\\/2025\\\/06\\\/13\\\/formation-sur-les-troubles-du-comportement-alimentaire-de-lenfant-une-approche-pluridisciplinaire-a-distance\\\/\"},\"author\":{\"name\":\"admin5120\",\"@id\":\"https:\\\/\\\/cpts-ouest-herault.fr\\\/#\\\/schema\\\/person\\\/e2ec38d33992d51933b7be4c23745642\"},\"headline\":\"Formation sur les troubles du comportement alimentaire de l\u2019enfant : une approche pluridisciplinaire \u00e0 distance\",\"datePublished\":\"2025-06-13T10:02:09+00:00\",\"dateModified\":\"2025-11-19T15:19:56+00:00\",\"mainEntityOfPage\":{\"@id\":\"https:\\\/\\\/cpts-ouest-herault.fr\\\/index.php\\\/2025\\\/06\\\/13\\\/formation-sur-les-troubles-du-comportement-alimentaire-de-lenfant-une-approche-pluridisciplinaire-a-distance\\\/\"},\"wordCount\":263,\"publisher\":{\"@id\":\"https:\\\/\\\/cpts-ouest-herault.fr\\\/#organization\"},\"image\":{\"@id\":\"https:\\\/\\\/cpts-ouest-herault.fr\\\/index.php\\\/2025\\\/06\\\/13\\\/formation-sur-les-troubles-du-comportement-alimentaire-de-lenfant-une-approche-pluridisciplinaire-a-distance\\\/#primaryimage\"},\"thumbnailUrl\":\"https:\\\/\\\/cpts-ouest-herault.fr\\\/wp-content\\\/uploads\\\/2025\\\/06\\\/Image-article-CPTS.png\",\"articleSection\":[\"Actualit\u00e9s r\u00e9gionales et nationales\"],\"inLanguage\":\"fr-FR\"},{\"@type\":\"WebPage\",\"@id\":\"https:\\\/\\\/cpts-ouest-herault.fr\\\/index.php\\\/2025\\\/06\\\/13\\\/formation-sur-les-troubles-du-comportement-alimentaire-de-lenfant-une-approche-pluridisciplinaire-a-distance\\\/\",\"url\":\"https:\\\/\\\/cpts-ouest-herault.fr\\\/index.php\\\/2025\\\/06\\\/13\\\/formation-sur-les-troubles-du-comportement-alimentaire-de-lenfant-une-approche-pluridisciplinaire-a-distance\\\/\",\"name\":\"Formation sur les troubles du comportement alimentaire de l\u2019enfant : une approche pluridisciplinaire \u00e0 distance - CPTS Ouest H\u00e9rault\",\"isPartOf\":{\"@id\":\"https:\\\/\\\/cpts-ouest-herault.fr\\\/#website\"},\"primaryImageOfPage\":{\"@id\":\"https:\\\/\\\/cpts-ouest-herault.fr\\\/index.php\\\/2025\\\/06\\\/13\\\/formation-sur-les-troubles-du-comportement-alimentaire-de-lenfant-une-approche-pluridisciplinaire-a-distance\\\/#primaryimage\"},\"image\":{\"@id\":\"https:\\\/\\\/cpts-ouest-herault.fr\\\/index.php\\\/2025\\\/06\\\/13\\\/formation-sur-les-troubles-du-comportement-alimentaire-de-lenfant-une-approche-pluridisciplinaire-a-distance\\\/#primaryimage\"},\"thumbnailUrl\":\"https:\\\/\\\/cpts-ouest-herault.fr\\\/wp-content\\\/uploads\\\/2025\\\/06\\\/Image-article-CPTS.png\",\"datePublished\":\"2025-06-13T10:02:09+00:00\",\"dateModified\":\"2025-11-19T15:19:56+00:00\",\"description\":\"Participez \u00e0 la formation en ligne sur les troubles du comportement alimentaire de l\u2019enfant, les 18-19-20 juin 2025 avec Thomas Cascales et Sophie Dubedout. Approche pluridisciplinaire, accessible \u00e0 tous les professionnels de la petite enfance.\",\"breadcrumb\":{\"@id\":\"https:\\\/\\\/cpts-ouest-herault.fr\\\/index.php\\\/2025\\\/06\\\/13\\\/formation-sur-les-troubles-du-comportement-alimentaire-de-lenfant-une-approche-pluridisciplinaire-a-distance\\\/#breadcrumb\"},\"inLanguage\":\"fr-FR\",\"potentialAction\":[{\"@type\":\"ReadAction\",\"target\":[\"https:\\\/\\\/cpts-ouest-herault.fr\\\/index.php\\\/2025\\\/06\\\/13\\\/formation-sur-les-troubles-du-comportement-alimentaire-de-lenfant-une-approche-pluridisciplinaire-a-distance\\\/\"]}]},{\"@type\":\"ImageObject\",\"inLanguage\":\"fr-FR\",\"@id\":\"https:\\\/\\\/cpts-ouest-herault.fr\\\/index.php\\\/2025\\\/06\\\/13\\\/formation-sur-les-troubles-du-comportement-alimentaire-de-lenfant-une-approche-pluridisciplinaire-a-distance\\\/#primaryimage\",\"url\":\"https:\\\/\\\/cpts-ouest-herault.fr\\\/wp-content\\\/uploads\\\/2025\\\/06\\\/Image-article-CPTS.png\",\"contentUrl\":\"https:\\\/\\\/cpts-ouest-herault.fr\\\/wp-content\\\/uploads\\\/2025\\\/06\\\/Image-article-CPTS.png\",\"width\":2560,\"height\":1440},{\"@type\":\"BreadcrumbList\",\"@id\":\"https:\\\/\\\/cpts-ouest-herault.fr\\\/index.php\\\/2025\\\/06\\\/13\\\/formation-sur-les-troubles-du-comportement-alimentaire-de-lenfant-une-approche-pluridisciplinaire-a-distance\\\/#breadcrumb\",\"itemListElement\":[{\"@type\":\"ListItem\",\"position\":1,\"name\":\"Accueil\",\"item\":\"https:\\\/\\\/cpts-ouest-herault.fr\\\/\"},{\"@type\":\"ListItem\",\"position\":2,\"name\":\"Formation sur les troubles du comportement alimentaire de l\u2019enfant : une approche pluridisciplinaire \u00e0 distance\"}]},{\"@type\":\"WebSite\",\"@id\":\"https:\\\/\\\/cpts-ouest-herault.fr\\\/#website\",\"url\":\"https:\\\/\\\/cpts-ouest-herault.fr\\\/\",\"name\":\"CPTS Ouest H\u00e9rault\",\"description\":\"\",\"publisher\":{\"@id\":\"https:\\\/\\\/cpts-ouest-herault.fr\\\/#organization\"},\"potentialAction\":[{\"@type\":\"SearchAction\",\"target\":{\"@type\":\"EntryPoint\",\"urlTemplate\":\"https:\\\/\\\/cpts-ouest-herault.fr\\\/?s={search_term_string}\"},\"query-input\":{\"@type\":\"PropertyValueSpecification\",\"valueRequired\":true,\"valueName\":\"search_term_string\"}}],\"inLanguage\":\"fr-FR\"},{\"@type\":\"Organization\",\"@id\":\"https:\\\/\\\/cpts-ouest-herault.fr\\\/#organization\",\"name\":\"CPTS Ouest H\u00e9rault\",\"url\":\"https:\\\/\\\/cpts-ouest-herault.fr\\\/\",\"logo\":{\"@type\":\"ImageObject\",\"inLanguage\":\"fr-FR\",\"@id\":\"https:\\\/\\\/cpts-ouest-herault.fr\\\/#\\\/schema\\\/logo\\\/image\\\/\",\"url\":\"https:\\\/\\\/cpts-ouest-herault.fr\\\/wp-content\\\/uploads\\\/2025\\\/03\\\/cropped-Logo-CPTS-Modifie.png\",\"contentUrl\":\"https:\\\/\\\/cpts-ouest-herault.fr\\\/wp-content\\\/uploads\\\/2025\\\/03\\\/cropped-Logo-CPTS-Modifie.png\",\"width\":175,\"height\":134,\"caption\":\"CPTS Ouest H\u00e9rault\"},\"image\":{\"@id\":\"https:\\\/\\\/cpts-ouest-herault.fr\\\/#\\\/schema\\\/logo\\\/image\\\/\"},\"sameAs\":[\"https:\\\/\\\/www.linkedin.com\\\/company\\\/cpts-ouest-herault\"]},{\"@type\":\"Person\",\"@id\":\"https:\\\/\\\/cpts-ouest-herault.fr\\\/#\\\/schema\\\/person\\\/e2ec38d33992d51933b7be4c23745642\",\"name\":\"admin5120\",\"image\":{\"@type\":\"ImageObject\",\"inLanguage\":\"fr-FR\",\"@id\":\"https:\\\/\\\/secure.gravatar.com\\\/avatar\\\/c4d1cc16ef704da6329a105955d8e3fdfff70d0b410a11925b48bc2d9e9309e1?s=96&d=mm&r=g\",\"url\":\"https:\\\/\\\/secure.gravatar.com\\\/avatar\\\/c4d1cc16ef704da6329a105955d8e3fdfff70d0b410a11925b48bc2d9e9309e1?s=96&d=mm&r=g\",\"contentUrl\":\"https:\\\/\\\/secure.gravatar.com\\\/avatar\\\/c4d1cc16ef704da6329a105955d8e3fdfff70d0b410a11925b48bc2d9e9309e1?s=96&d=mm&r=g\",\"caption\":\"admin5120\"},\"sameAs\":[\"http:\\\/\\\/cpts-ouest-herault.fr\"],\"url\":\"https:\\\/\\\/cpts-ouest-herault.fr\\\/index.php\\\/author\\\/admin5120\\\/\"}]}<\/script>\n<!-- \/ Yoast SEO plugin. -->","yoast_head_json":{"title":"Formation sur les troubles du comportement alimentaire de l\u2019enfant : une approche pluridisciplinaire \u00e0 distance - CPTS Ouest H\u00e9rault","description":"Participez \u00e0 la formation en ligne sur les troubles du comportement alimentaire de l\u2019enfant, les 18-19-20 juin 2025 avec Thomas Cascales et Sophie Dubedout. Approche pluridisciplinaire, accessible \u00e0 tous les professionnels de la petite enfance.","robots":{"index":"index","follow":"follow","max-snippet":"max-snippet:-1","max-image-preview":"max-image-preview:large","max-video-preview":"max-video-preview:-1"},"canonical":"https:\/\/cpts-ouest-herault.fr\/index.php\/2025\/06\/13\/formation-sur-les-troubles-du-comportement-alimentaire-de-lenfant-une-approche-pluridisciplinaire-a-distance\/","og_locale":"fr_FR","og_type":"article","og_title":"Formation sur les troubles du comportement alimentaire de l\u2019enfant : une approche pluridisciplinaire \u00e0 distance - CPTS Ouest H\u00e9rault","og_description":"Participez \u00e0 la formation en ligne sur les troubles du comportement alimentaire de l\u2019enfant, les 18-19-20 juin 2025 avec Thomas Cascales et Sophie Dubedout. Approche pluridisciplinaire, accessible \u00e0 tous les professionnels de la petite enfance.","og_url":"https:\/\/cpts-ouest-herault.fr\/index.php\/2025\/06\/13\/formation-sur-les-troubles-du-comportement-alimentaire-de-lenfant-une-approche-pluridisciplinaire-a-distance\/","og_site_name":"CPTS Ouest H\u00e9rault","article_published_time":"2025-06-13T10:02:09+00:00","article_modified_time":"2025-11-19T15:19:56+00:00","og_image":[{"width":1024,"height":576,"url":"http:\/\/cpts-ouest-herault.fr\/wp-content\/uploads\/2025\/06\/Image-article-CPTS-1024x576.png","type":"image\/png"}],"author":"admin5120","twitter_card":"summary_large_image","twitter_misc":{"\u00c9crit par":"admin5120","Dur\u00e9e de lecture estim\u00e9e":"2 minutes"},"schema":{"@context":"https:\/\/schema.org","@graph":[{"@type":"Article","@id":"https:\/\/cpts-ouest-herault.fr\/index.php\/2025\/06\/13\/formation-sur-les-troubles-du-comportement-alimentaire-de-lenfant-une-approche-pluridisciplinaire-a-distance\/#article","isPartOf":{"@id":"https:\/\/cpts-ouest-herault.fr\/index.php\/2025\/06\/13\/formation-sur-les-troubles-du-comportement-alimentaire-de-lenfant-une-approche-pluridisciplinaire-a-distance\/"},"author":{"name":"admin5120","@id":"https:\/\/cpts-ouest-herault.fr\/#\/schema\/person\/e2ec38d33992d51933b7be4c23745642"},"headline":"Formation sur les troubles du comportement alimentaire de l\u2019enfant : une approche pluridisciplinaire \u00e0 distance","datePublished":"2025-06-13T10:02:09+00:00","dateModified":"2025-11-19T15:19:56+00:00","mainEntityOfPage":{"@id":"https:\/\/cpts-ouest-herault.fr\/index.php\/2025\/06\/13\/formation-sur-les-troubles-du-comportement-alimentaire-de-lenfant-une-approche-pluridisciplinaire-a-distance\/"},"wordCount":263,"publisher":{"@id":"https:\/\/cpts-ouest-herault.fr\/#organization"},"image":{"@id":"https:\/\/cpts-ouest-herault.fr\/index.php\/2025\/06\/13\/formation-sur-les-troubles-du-comportement-alimentaire-de-lenfant-une-approche-pluridisciplinaire-a-distance\/#primaryimage"},"thumbnailUrl":"https:\/\/cpts-ouest-herault.fr\/wp-content\/uploads\/2025\/06\/Image-article-CPTS.png","articleSection":["Actualit\u00e9s r\u00e9gionales et nationales"],"inLanguage":"fr-FR"},{"@type":"WebPage","@id":"https:\/\/cpts-ouest-herault.fr\/index.php\/2025\/06\/13\/formation-sur-les-troubles-du-comportement-alimentaire-de-lenfant-une-approche-pluridisciplinaire-a-distance\/","url":"https:\/\/cpts-ouest-herault.fr\/index.php\/2025\/06\/13\/formation-sur-les-troubles-du-comportement-alimentaire-de-lenfant-une-approche-pluridisciplinaire-a-distance\/","name":"Formation sur les troubles du comportement alimentaire de l\u2019enfant : une approche pluridisciplinaire \u00e0 distance - CPTS Ouest H\u00e9rault","isPartOf":{"@id":"https:\/\/cpts-ouest-herault.fr\/#website"},"primaryImageOfPage":{"@id":"https:\/\/cpts-ouest-herault.fr\/index.php\/2025\/06\/13\/formation-sur-les-troubles-du-comportement-alimentaire-de-lenfant-une-approche-pluridisciplinaire-a-distance\/#primaryimage"},"image":{"@id":"https:\/\/cpts-ouest-herault.fr\/index.php\/2025\/06\/13\/formation-sur-les-troubles-du-comportement-alimentaire-de-lenfant-une-approche-pluridisciplinaire-a-distance\/#primaryimage"},"thumbnailUrl":"https:\/\/cpts-ouest-herault.fr\/wp-content\/uploads\/2025\/06\/Image-article-CPTS.png","datePublished":"2025-06-13T10:02:09+00:00","dateModified":"2025-11-19T15:19:56+00:00","description":"Participez \u00e0 la formation en ligne sur les troubles du comportement alimentaire de l\u2019enfant, les 18-19-20 juin 2025 avec Thomas Cascales et Sophie Dubedout. Approche pluridisciplinaire, accessible \u00e0 tous les professionnels de la petite enfance.","breadcrumb":{"@id":"https:\/\/cpts-ouest-herault.fr\/index.php\/2025\/06\/13\/formation-sur-les-troubles-du-comportement-alimentaire-de-lenfant-une-approche-pluridisciplinaire-a-distance\/#breadcrumb"},"inLanguage":"fr-FR","potentialAction":[{"@type":"ReadAction","target":["https:\/\/cpts-ouest-herault.fr\/index.php\/2025\/06\/13\/formation-sur-les-troubles-du-comportement-alimentaire-de-lenfant-une-approche-pluridisciplinaire-a-distance\/"]}]},{"@type":"ImageObject","inLanguage":"fr-FR","@id":"https:\/\/cpts-ouest-herault.fr\/index.php\/2025\/06\/13\/formation-sur-les-troubles-du-comportement-alimentaire-de-lenfant-une-approche-pluridisciplinaire-a-distance\/#primaryimage","url":"https:\/\/cpts-ouest-herault.fr\/wp-content\/uploads\/2025\/06\/Image-article-CPTS.png","contentUrl":"https:\/\/cpts-ouest-herault.fr\/wp-content\/uploads\/2025\/06\/Image-article-CPTS.png","width":2560,"height":1440},{"@type":"BreadcrumbList","@id":"https:\/\/cpts-ouest-herault.fr\/index.php\/2025\/06\/13\/formation-sur-les-troubles-du-comportement-alimentaire-de-lenfant-une-approche-pluridisciplinaire-a-distance\/#breadcrumb","itemListElement":[{"@type":"ListItem","position":1,"name":"Accueil","item":"https:\/\/cpts-ouest-herault.fr\/"},{"@type":"ListItem","position":2,"name":"Formation sur les troubles du comportement alimentaire de l\u2019enfant : une approche pluridisciplinaire \u00e0 distance"}]},{"@type":"WebSite","@id":"https:\/\/cpts-ouest-herault.fr\/#website","url":"https:\/\/cpts-ouest-herault.fr\/","name":"CPTS Ouest H\u00e9rault","description":"","publisher":{"@id":"https:\/\/cpts-ouest-herault.fr\/#organization"},"potentialAction":[{"@type":"SearchAction","target":{"@type":"EntryPoint","urlTemplate":"https:\/\/cpts-ouest-herault.fr\/?s={search_term_string}"},"query-input":{"@type":"PropertyValueSpecification","valueRequired":true,"valueName":"search_term_string"}}],"inLanguage":"fr-FR"},{"@type":"Organization","@id":"https:\/\/cpts-ouest-herault.fr\/#organization","name":"CPTS Ouest H\u00e9rault","url":"https:\/\/cpts-ouest-herault.fr\/","logo":{"@type":"ImageObject","inLanguage":"fr-FR","@id":"https:\/\/cpts-ouest-herault.fr\/#\/schema\/logo\/image\/","url":"https:\/\/cpts-ouest-herault.fr\/wp-content\/uploads\/2025\/03\/cropped-Logo-CPTS-Modifie.png","contentUrl":"https:\/\/cpts-ouest-herault.fr\/wp-content\/uploads\/2025\/03\/cropped-Logo-CPTS-Modifie.png","width":175,"height":134,"caption":"CPTS Ouest H\u00e9rault"},"image":{"@id":"https:\/\/cpts-ouest-herault.fr\/#\/schema\/logo\/image\/"},"sameAs":["https:\/\/www.linkedin.com\/company\/cpts-ouest-herault"]},{"@type":"Person","@id":"https:\/\/cpts-ouest-herault.fr\/#\/schema\/person\/e2ec38d33992d51933b7be4c23745642","name":"admin5120","image":{"@type":"ImageObject","inLanguage":"fr-FR","@id":"https:\/\/secure.gravatar.com\/avatar\/c4d1cc16ef704da6329a105955d8e3fdfff70d0b410a11925b48bc2d9e9309e1?s=96&d=mm&r=g","url":"https:\/\/secure.gravatar.com\/avatar\/c4d1cc16ef704da6329a105955d8e3fdfff70d0b410a11925b48bc2d9e9309e1?s=96&d=mm&r=g","contentUrl":"https:\/\/secure.gravatar.com\/avatar\/c4d1cc16ef704da6329a105955d8e3fdfff70d0b410a11925b48bc2d9e9309e1?s=96&d=mm&r=g","caption":"admin5120"},"sameAs":["http:\/\/cpts-ouest-herault.fr"],"url":"https:\/\/cpts-ouest-herault.fr\/index.php\/author\/admin5120\/"}]}},"_links":{"self":[{"href":"https:\/\/cpts-ouest-herault.fr\/index.php\/wp-json\/wp\/v2\/posts\/321","targetHints":{"allow":["GET"]}}],"collection":[{"href":"https:\/\/cpts-ouest-herault.fr\/index.php\/wp-json\/wp\/v2\/posts"}],"about":[{"href":"https:\/\/cpts-ouest-herault.fr\/index.php\/wp-json\/wp\/v2\/types\/post"}],"author":[{"embeddable":true,"href":"https:\/\/cpts-ouest-herault.fr\/index.php\/wp-json\/wp\/v2\/users\/1"}],"replies":[{"embeddable":true,"href":"https:\/\/cpts-ouest-herault.fr\/index.php\/wp-json\/wp\/v2\/comments?post=321"}],"version-history":[{"count":0,"href":"https:\/\/cpts-ouest-herault.fr\/index.php\/wp-json\/wp\/v2\/posts\/321\/revisions"}],"wp:featuredmedia":[{"embeddable":true,"href":"https:\/\/cpts-ouest-herault.fr\/index.php\/wp-json\/wp\/v2\/media\/322"}],"wp:attachment":[{"href":"https:\/\/cpts-ouest-herault.fr\/index.php\/wp-json\/wp\/v2\/media?parent=321"}],"wp:term":[{"taxonomy":"category","embeddable":true,"href":"https:\/\/cpts-ouest-herault.fr\/index.php\/wp-json\/wp\/v2\/categories?post=321"},{"taxonomy":"post_tag","embeddable":true,"href":"https:\/\/cpts-ouest-herault.fr\/index.php\/wp-json\/wp\/v2\/tags?post=321"}],"curies":[{"name":"wp","href":"https:\/\/api.w.org\/{rel}","templated":true}]}}