{"id":346,"date":"2025-07-22T09:08:48","date_gmt":"2025-07-22T07:08:48","guid":{"rendered":"https:\/\/cpts-ouest-herault.fr\/?p=346"},"modified":"2025-11-19T16:18:13","modified_gmt":"2025-11-19T15:18:13","slug":"recommandations-has-2025-sur-la-borreliose-de-lyme-vers-une-prise-en-charge-plus-claire-et-efficace","status":"publish","type":"post","link":"https:\/\/cpts-ouest-herault.fr\/index.php\/2025\/07\/22\/recommandations-has-2025-sur-la-borreliose-de-lyme-vers-une-prise-en-charge-plus-claire-et-efficace\/","title":{"rendered":"Recommandations HAS 2025 sur la borr\u00e9liose de Lyme : vers une prise en charge plus claire et efficace"},"content":{"rendered":"\n<h2 class=\"wp-block-heading\">Une mise \u00e0 jour n\u00e9cessaire dans un contexte d\u2019errance m\u00e9dicale<\/h2>\n\n\n\n<p>En f\u00e9vrier 2025, la <a href=\"https:\/\/www.has-sante.fr\/\">Haute Autorit\u00e9 de Sant\u00e9 (HAS)<\/a> a publi\u00e9 la premi\u00e8re partie de ses nouvelles recommandations concernant la borr\u00e9liose de Lyme et les autres maladies vectorielles \u00e0 tiques. Cette mise \u00e0 jour \u00e9tait attendue depuis longtemps, tant par les professionnels de sant\u00e9 que par les patients confront\u00e9s \u00e0 une pathologie encore mal connue, souvent sujette \u00e0 des interpr\u00e9tations divergentes. L\u2019objectif affich\u00e9 par la HAS est clair : offrir un cadre harmonis\u00e9, fond\u00e9 sur les preuves, pour am\u00e9liorer la pr\u00e9vention, affiner le diagnostic et garantir une prise en charge adapt\u00e9e des formes pr\u00e9coces de la maladie, notamment l\u2019\u00e9ryth\u00e8me migrant.<\/p>\n\n\n\n<p>Dans un contexte o\u00f9 l\u2019errance diagnostique, les traitements inadapt\u00e9s et les tensions entre discours scientifiques et croyances populaires fragilisent la relation m\u00e9decin-patient, cette actualisation apporte de la rigueur, de la m\u00e9thode et des rep\u00e8res solides. Elle repositionne aussi le r\u00f4le du m\u00e9decin g\u00e9n\u00e9raliste au c\u0153ur de la strat\u00e9gie de prise en charge des formes simples, tout en clarifiant les situations n\u00e9cessitant une expertise sp\u00e9cialis\u00e9e.<\/p>\n\n\n\n<h2 class=\"wp-block-heading\">Une maladie pr\u00e9sente partout en France, avec des zones \u00e0 risque accru<\/h2>\n\n\n\n<p>La borr\u00e9liose de Lyme est une infection bact\u00e9rienne due \u00e0 <em>Borrelia burgdorferi<\/em>, transmise \u00e0 l\u2019humain par la piq\u00fbre d\u2019une tique du genre <em>Ixodes ricinus<\/em>. En France, toutes les r\u00e9gions sont concern\u00e9es, bien que les zones bois\u00e9es de l\u2019Est, du Centre et du Grand-Ouest soient les plus expos\u00e9es. La transmission n\u2019est pas syst\u00e9matique : elle d\u00e9pend principalement de la dur\u00e9e d\u2019attachement de la tique, g\u00e9n\u00e9ralement au-del\u00e0 de 24 \u00e0 36 heures. L\u2019incidence, bien que variable selon les ann\u00e9es et les d\u00e9partements, reste significative, avec environ 51 cas pour 100 000 habitants en 2022, soit une estimation annuelle situ\u00e9e entre 28 000 et 40 000 cas.<\/p>\n\n\n\n<p>Cette r\u00e9alit\u00e9 \u00e9pid\u00e9miologique justifie pleinement l\u2019accent mis sur la pr\u00e9vention, qui demeure la premi\u00e8re ligne de d\u00e9fense face \u00e0 cette maladie.<\/p>\n\n\n\n<h2 class=\"wp-block-heading\">La pr\u00e9vention : un pilier fondamental, bas\u00e9 sur des gestes simples<\/h2>\n\n\n\n<p>La HAS rappelle que la pr\u00e9vention repose avant tout sur des mesures m\u00e9caniques et comportementales. Lors de toute activit\u00e9 en for\u00eat, dans les hautes herbes ou dans des zones \u00e0 risque, il est recommand\u00e9 de porter des v\u00eatements longs, couvrants et de couleur claire, qui permettent de rep\u00e9rer plus facilement les tiques. L\u2019utilisation de r\u00e9pulsifs \u00e0 base d\u2019icaridine ou de DEET, homologu\u00e9s avec une autorisation de mise sur le march\u00e9, est \u00e9galement recommand\u00e9e, y compris chez les enfants ou les femmes enceintes, \u00e0 condition de respecter les pr\u00e9cautions d\u2019usage.<\/p>\n\n\n\n<p>Une fois de retour \u00e0 domicile, l\u2019inspection minutieuse de tout le corps, y compris les zones difficiles \u00e0 voir comme les plis de peau, est indispensable. Si une tique est d\u00e9tect\u00e9e, elle doit \u00eatre retir\u00e9e le plus rapidement possible \u00e0 l\u2019aide d\u2019un tire-tique sp\u00e9cifique, sans produit anesth\u00e9siant ni \u00e9ther. Une d\u00e9sinfection locale est de mise, suivie d\u2019une p\u00e9riode d\u2019observation d\u2019un mois. Contrairement \u00e0 certaines id\u00e9es re\u00e7ues, ni la s\u00e9rologie imm\u00e9diate, ni l\u2019antibioprophylaxie ne sont indiqu\u00e9es \u00e0 ce stade.<\/p>\n\n\n\n<h2 class=\"wp-block-heading\">Diagnostic : un tr\u00e9pied clinique, contextuel et s\u00e9rologique<\/h2>\n\n\n\n<p>Pour \u00e9viter les diagnostics abusifs ou erron\u00e9s, la HAS insiste sur un sch\u00e9ma en trois temps. Le diagnostic doit s\u2019appuyer sur la notion d\u2019exposition \u00e0 un environnement \u00e0 risque, la pr\u00e9sence de signes cliniques compatibles et, dans les formes diss\u00e9min\u00e9es, sur une confirmation biologique par s\u00e9rologie. L\u2019\u00e9ryth\u00e8me migrant constitue la forme localis\u00e9e pr\u00e9coce typique : il s\u2019agit d\u2019une plaque rouge, s\u2019\u00e9largissant progressivement autour du point de piq\u00fbre, souvent indolore mais tr\u00e8s caract\u00e9ristique.<\/p>\n\n\n\n<p>Dans ce cas pr\u00e9cis, le diagnostic est exclusivement clinique. Les tests s\u00e9rologiques ne sont pas pertinents \u00e0 ce stade, car ils sont souvent faussement n\u00e9gatifs. Le traitement doit \u00eatre initi\u00e9 sans attendre. Il repose, chez l\u2019adulte, sur l\u2019administration de doxycycline 100 mg deux fois par jour pendant 10 jours, voire 14 jours si plusieurs \u00e9ryth\u00e8mes sont pr\u00e9sents. Pour les enfants ou les femmes enceintes, on privil\u00e9gie l\u2019amoxicilline, \u00e0 des posologies adapt\u00e9es \u00e0 l\u2019\u00e2ge et au poids.<\/p>\n\n\n\n<h2 class=\"wp-block-heading\">Que faire en cas de formes diss\u00e9min\u00e9es ou atypiques ?<\/h2>\n\n\n\n<p>Lorsque la maladie \u00e9volue ou que le diagnostic est pos\u00e9 \u00e0 un stade plus avanc\u00e9, la strat\u00e9gie th\u00e9rapeutique devient plus sp\u00e9cifique. Les formes diss\u00e9min\u00e9es peuvent se traduire par des atteintes neurologiques (m\u00e9ningite, paralysie faciale), articulaires (arthrites), cardiaques (troubles du rythme) ou m\u00eame ophtalmologiques. Dans ces cas-l\u00e0, une s\u00e9rologie positive est indispensable pour poser le diagnostic.<\/p>\n\n\n\n<p>Le traitement d\u00e9pend alors de la nature et de la gravit\u00e9 des sympt\u00f4mes. Il peut inclure des antibiotiques par voie orale ou intraveineuse, comme la ceftriaxone, selon des protocoles bien d\u00e9finis. L\u2019efficacit\u00e9 du traitement est g\u00e9n\u00e9ralement bonne si la prise en charge est pr\u00e9coce. Il n\u2019est pas n\u00e9cessaire de contr\u00f4ler la s\u00e9rologie apr\u00e8s le traitement. En revanche, si les sympt\u00f4mes persistent malgr\u00e9 une antibioth\u00e9rapie adapt\u00e9e, le patient doit \u00eatre orient\u00e9 vers un centre de comp\u00e9tence ou de r\u00e9f\u00e9rence d\u00e9di\u00e9 aux maladies vectorielles \u00e0 tiques. Ces structures permettent une prise en charge multidisciplinaire, \u00e9vitant le pi\u00e8ge des traitements prolong\u00e9s injustifi\u00e9s ou des diagnostics alternatifs non fond\u00e9s.<\/p>\n\n\n\n<h2 class=\"wp-block-heading\">Une prise en charge centr\u00e9e sur le bon sens clinique et la sp\u00e9cialisation progressive<\/h2>\n\n\n\n<p>Avec ces nouvelles recommandations, la HAS red\u00e9finit une ligne de conduite claire, accessible \u00e0 tous les professionnels de sant\u00e9. Le message est simple : lorsqu\u2019il y a suspicion de forme simple comme un \u00e9ryth\u00e8me migrant, le m\u00e9decin traitant est parfaitement l\u00e9gitime pour poser le diagnostic et initier le traitement, sans avoir besoin d\u2019investigations suppl\u00e9mentaires.<\/p>\n\n\n\n<p>Ce n\u2019est que dans les formes complexes, diss\u00e9min\u00e9es ou persistantes, qu\u2019un avis sp\u00e9cialis\u00e9 devient pertinent. Cette clarification devrait contribuer \u00e0 d\u00e9sengorger les structures hospitali\u00e8res tout en offrant aux patients un parcours de soins plus coh\u00e9rent, plus rapide et plus s\u00e9curis\u00e9.<\/p>\n\n\n\n<h2 class=\"wp-block-heading\">En attendant la partie 2 : cap sur les formes chroniques<\/h2>\n\n\n\n<p>La deuxi\u00e8me partie des recommandations est attendue prochainement. Elle devrait aborder la prise en charge des complications tardives, des formes chroniques suspect\u00e9es, ainsi que des cas atypiques souvent au c\u0153ur des controverses. Cette suite est particuli\u00e8rement importante pour mieux accompagner les patients souffrant de sympt\u00f4mes prolong\u00e9s, parfois invalidants, et souvent en rupture avec le syst\u00e8me de soins.<\/p>\n\n\n\n<p>D\u2019ici l\u00e0, les professionnels sont invit\u00e9s \u00e0 s\u2019approprier ces nouvelles directives, \u00e0 les appliquer au quotidien et \u00e0 participer activement \u00e0 une meilleure compr\u00e9hension de la maladie de Lyme. La pr\u00e9vention, le bon sens clinique, une antibioth\u00e9rapie adapt\u00e9e et une orientation raisonn\u00e9e constituent les piliers de cette prise en charge renouvel\u00e9e.<\/p>\n\n\n\n<div class=\"wp-block-buttons is-content-justification-center is-layout-flex wp-container-core-buttons-is-layout-a89b3969 wp-block-buttons-is-layout-flex\">\n<div class=\"wp-block-button\"><a class=\"wp-block-button__link wp-element-button\" href=\"https:\/\/www.univadis.fr\/viewarticle\/recommandations-has-2025-borr%C3%A9liose-lyme-partie-1-2025a1000goi?uuid=d159aa0a-60cc-4076-9315-0eb832c819f4&amp;ecd=mkm_ret_250719_uni-FR_ExcNews_etid5521593&amp;utm_source=&amp;utm_medium=email&amp;utm_campaign=2025.07.19_64744_fr%20excnews_lyme&amp;utm_content=5521593&amp;utm_term=\">Consulter l&rsquo;ensemble des recommandations<\/a><\/div>\n<\/div>\n\n\n\n<p><\/p>\n","protected":false},"excerpt":{"rendered":"<p>En f\u00e9vrier 2025, la Haute Autorit\u00e9 de Sant\u00e9 (HAS) a publi\u00e9 la premi\u00e8re partie de ses nouvelles recommandations concernant la borr\u00e9liose de Lyme et les autres maladies vectorielles \u00e0 tiques. <\/p>\n","protected":false},"author":1,"featured_media":347,"comment_status":"closed","ping_status":"closed","sticky":false,"template":"","format":"standard","meta":{"site-sidebar-layout":"default","site-content-layout":"","ast-site-content-layout":"default","site-content-style":"default","site-sidebar-style":"default","ast-global-header-display":"","ast-banner-title-visibility":"","ast-main-header-display":"","ast-hfb-above-header-display":"","ast-hfb-below-header-display":"","ast-hfb-mobile-header-display":"","site-post-title":"","ast-breadcrumbs-content":"","ast-featured-img":"","footer-sml-layout":"","theme-transparent-header-meta":"","adv-header-id-meta":"","stick-header-meta":"","header-above-stick-meta":"","header-main-stick-meta":"","header-below-stick-meta":"","astra-migrate-meta-layouts":"default","ast-page-background-enabled":"default","ast-page-background-meta":{"desktop":{"background-color":"var(--ast-global-color-5)","background-image":"","background-repeat":"repeat","background-position":"center center","background-size":"auto","background-attachment":"scroll","background-type":"","background-media":"","overlay-type":"","overlay-color":"","overlay-opacity":"","overlay-gradient":""},"tablet":{"background-color":"","background-image":"","background-repeat":"repeat","background-position":"center center","background-size":"auto","background-attachment":"scroll","background-type":"","background-media":"","overlay-type":"","overlay-color":"","overlay-opacity":"","overlay-gradient":""},"mobile":{"background-color":"","background-image":"","background-repeat":"repeat","background-position":"center center","background-size":"auto","background-attachment":"scroll","background-type":"","background-media":"","overlay-type":"","overlay-color":"","overlay-opacity":"","overlay-gradient":""}},"ast-content-background-meta":{"desktop":{"background-color":"var(--ast-global-color-4)","background-image":"","background-repeat":"repeat","background-position":"center center","background-size":"auto","background-attachment":"scroll","background-type":"","background-media":"","overlay-type":"","overlay-color":"","overlay-opacity":"","overlay-gradient":""},"tablet":{"background-color":"var(--ast-global-color-4)","background-image":"","background-repeat":"repeat","background-position":"center center","background-size":"auto","background-attachment":"scroll","background-type":"","background-media":"","overlay-type":"","overlay-color":"","overlay-opacity":"","overlay-gradient":""},"mobile":{"background-color":"var(--ast-global-color-4)","background-image":"","background-repeat":"repeat","background-position":"center center","background-size":"auto","background-attachment":"scroll","background-type":"","background-media":"","overlay-type":"","overlay-color":"","overlay-opacity":"","overlay-gradient":""}},"footnotes":""},"categories":[39],"tags":[],"class_list":["post-346","post","type-post","status-publish","format-standard","has-post-thumbnail","hentry","category-national"],"yoast_head":"<!-- This site is optimized with the Yoast SEO plugin v27.5 - https:\/\/yoast.com\/product\/yoast-seo-wordpress\/ -->\n<title>Recommandations HAS 2025 sur la borr\u00e9liose de Lyme : vers une prise en charge plus claire et efficace - CPTS Ouest H\u00e9rault<\/title>\n<meta name=\"description\" content=\"La HAS publie ses recommandations 2025 sur la borr\u00e9liose de Lyme : pr\u00e9vention, diagnostic, traitements pr\u00e9coces, ce qu\u2019il faut appliquer d\u00e8s maintenant.\" \/>\n<meta name=\"robots\" content=\"index, follow, max-snippet:-1, max-image-preview:large, max-video-preview:-1\" \/>\n<link rel=\"canonical\" href=\"https:\/\/cpts-ouest-herault.fr\/index.php\/2025\/07\/22\/recommandations-has-2025-sur-la-borreliose-de-lyme-vers-une-prise-en-charge-plus-claire-et-efficace\/\" \/>\n<meta property=\"og:locale\" content=\"fr_FR\" \/>\n<meta property=\"og:type\" content=\"article\" \/>\n<meta property=\"og:title\" content=\"Recommandations HAS 2025 sur la borr\u00e9liose de Lyme : vers une prise en charge plus claire et efficace - CPTS Ouest H\u00e9rault\" \/>\n<meta property=\"og:description\" content=\"La HAS publie ses recommandations 2025 sur la borr\u00e9liose de Lyme : pr\u00e9vention, diagnostic, traitements pr\u00e9coces, ce qu\u2019il faut appliquer d\u00e8s maintenant.\" \/>\n<meta property=\"og:url\" content=\"https:\/\/cpts-ouest-herault.fr\/index.php\/2025\/07\/22\/recommandations-has-2025-sur-la-borreliose-de-lyme-vers-une-prise-en-charge-plus-claire-et-efficace\/\" \/>\n<meta property=\"og:site_name\" content=\"CPTS Ouest H\u00e9rault\" \/>\n<meta property=\"article:published_time\" content=\"2025-07-22T07:08:48+00:00\" \/>\n<meta property=\"article:modified_time\" content=\"2025-11-19T15:18:13+00:00\" \/>\n<meta property=\"og:image\" content=\"http:\/\/cpts-ouest-herault.fr\/wp-content\/uploads\/2025\/07\/Image-article-CPTS-2-1024x576.png\" \/>\n\t<meta property=\"og:image:width\" content=\"1024\" \/>\n\t<meta property=\"og:image:height\" content=\"576\" \/>\n\t<meta property=\"og:image:type\" content=\"image\/png\" \/>\n<meta name=\"author\" content=\"admin5120\" \/>\n<meta name=\"twitter:card\" content=\"summary_large_image\" \/>\n<meta name=\"twitter:label1\" content=\"\u00c9crit par\" \/>\n\t<meta name=\"twitter:data1\" content=\"admin5120\" \/>\n\t<meta name=\"twitter:label2\" content=\"Dur\u00e9e de lecture estim\u00e9e\" \/>\n\t<meta name=\"twitter:data2\" content=\"6 minutes\" \/>\n<script type=\"application\/ld+json\" class=\"yoast-schema-graph\">{\"@context\":\"https:\\\/\\\/schema.org\",\"@graph\":[{\"@type\":\"Article\",\"@id\":\"https:\\\/\\\/cpts-ouest-herault.fr\\\/index.php\\\/2025\\\/07\\\/22\\\/recommandations-has-2025-sur-la-borreliose-de-lyme-vers-une-prise-en-charge-plus-claire-et-efficace\\\/#article\",\"isPartOf\":{\"@id\":\"https:\\\/\\\/cpts-ouest-herault.fr\\\/index.php\\\/2025\\\/07\\\/22\\\/recommandations-has-2025-sur-la-borreliose-de-lyme-vers-une-prise-en-charge-plus-claire-et-efficace\\\/\"},\"author\":{\"name\":\"admin5120\",\"@id\":\"https:\\\/\\\/cpts-ouest-herault.fr\\\/#\\\/schema\\\/person\\\/e2ec38d33992d51933b7be4c23745642\"},\"headline\":\"Recommandations HAS 2025 sur la borr\u00e9liose de Lyme : vers une prise en charge plus claire et efficace\",\"datePublished\":\"2025-07-22T07:08:48+00:00\",\"dateModified\":\"2025-11-19T15:18:13+00:00\",\"mainEntityOfPage\":{\"@id\":\"https:\\\/\\\/cpts-ouest-herault.fr\\\/index.php\\\/2025\\\/07\\\/22\\\/recommandations-has-2025-sur-la-borreliose-de-lyme-vers-une-prise-en-charge-plus-claire-et-efficace\\\/\"},\"wordCount\":1196,\"publisher\":{\"@id\":\"https:\\\/\\\/cpts-ouest-herault.fr\\\/#organization\"},\"image\":{\"@id\":\"https:\\\/\\\/cpts-ouest-herault.fr\\\/index.php\\\/2025\\\/07\\\/22\\\/recommandations-has-2025-sur-la-borreliose-de-lyme-vers-une-prise-en-charge-plus-claire-et-efficace\\\/#primaryimage\"},\"thumbnailUrl\":\"https:\\\/\\\/cpts-ouest-herault.fr\\\/wp-content\\\/uploads\\\/2025\\\/07\\\/Image-article-CPTS-2.png\",\"articleSection\":[\"Actualit\u00e9s r\u00e9gionales et nationales\"],\"inLanguage\":\"fr-FR\"},{\"@type\":\"WebPage\",\"@id\":\"https:\\\/\\\/cpts-ouest-herault.fr\\\/index.php\\\/2025\\\/07\\\/22\\\/recommandations-has-2025-sur-la-borreliose-de-lyme-vers-une-prise-en-charge-plus-claire-et-efficace\\\/\",\"url\":\"https:\\\/\\\/cpts-ouest-herault.fr\\\/index.php\\\/2025\\\/07\\\/22\\\/recommandations-has-2025-sur-la-borreliose-de-lyme-vers-une-prise-en-charge-plus-claire-et-efficace\\\/\",\"name\":\"Recommandations HAS 2025 sur la borr\u00e9liose de Lyme : vers une prise en charge plus claire et efficace - CPTS Ouest H\u00e9rault\",\"isPartOf\":{\"@id\":\"https:\\\/\\\/cpts-ouest-herault.fr\\\/#website\"},\"primaryImageOfPage\":{\"@id\":\"https:\\\/\\\/cpts-ouest-herault.fr\\\/index.php\\\/2025\\\/07\\\/22\\\/recommandations-has-2025-sur-la-borreliose-de-lyme-vers-une-prise-en-charge-plus-claire-et-efficace\\\/#primaryimage\"},\"image\":{\"@id\":\"https:\\\/\\\/cpts-ouest-herault.fr\\\/index.php\\\/2025\\\/07\\\/22\\\/recommandations-has-2025-sur-la-borreliose-de-lyme-vers-une-prise-en-charge-plus-claire-et-efficace\\\/#primaryimage\"},\"thumbnailUrl\":\"https:\\\/\\\/cpts-ouest-herault.fr\\\/wp-content\\\/uploads\\\/2025\\\/07\\\/Image-article-CPTS-2.png\",\"datePublished\":\"2025-07-22T07:08:48+00:00\",\"dateModified\":\"2025-11-19T15:18:13+00:00\",\"description\":\"La HAS publie ses recommandations 2025 sur la borr\u00e9liose de Lyme : pr\u00e9vention, diagnostic, traitements pr\u00e9coces, ce qu\u2019il faut appliquer d\u00e8s maintenant.\",\"breadcrumb\":{\"@id\":\"https:\\\/\\\/cpts-ouest-herault.fr\\\/index.php\\\/2025\\\/07\\\/22\\\/recommandations-has-2025-sur-la-borreliose-de-lyme-vers-une-prise-en-charge-plus-claire-et-efficace\\\/#breadcrumb\"},\"inLanguage\":\"fr-FR\",\"potentialAction\":[{\"@type\":\"ReadAction\",\"target\":[\"https:\\\/\\\/cpts-ouest-herault.fr\\\/index.php\\\/2025\\\/07\\\/22\\\/recommandations-has-2025-sur-la-borreliose-de-lyme-vers-une-prise-en-charge-plus-claire-et-efficace\\\/\"]}]},{\"@type\":\"ImageObject\",\"inLanguage\":\"fr-FR\",\"@id\":\"https:\\\/\\\/cpts-ouest-herault.fr\\\/index.php\\\/2025\\\/07\\\/22\\\/recommandations-has-2025-sur-la-borreliose-de-lyme-vers-une-prise-en-charge-plus-claire-et-efficace\\\/#primaryimage\",\"url\":\"https:\\\/\\\/cpts-ouest-herault.fr\\\/wp-content\\\/uploads\\\/2025\\\/07\\\/Image-article-CPTS-2.png\",\"contentUrl\":\"https:\\\/\\\/cpts-ouest-herault.fr\\\/wp-content\\\/uploads\\\/2025\\\/07\\\/Image-article-CPTS-2.png\",\"width\":2560,\"height\":1440},{\"@type\":\"BreadcrumbList\",\"@id\":\"https:\\\/\\\/cpts-ouest-herault.fr\\\/index.php\\\/2025\\\/07\\\/22\\\/recommandations-has-2025-sur-la-borreliose-de-lyme-vers-une-prise-en-charge-plus-claire-et-efficace\\\/#breadcrumb\",\"itemListElement\":[{\"@type\":\"ListItem\",\"position\":1,\"name\":\"Accueil\",\"item\":\"https:\\\/\\\/cpts-ouest-herault.fr\\\/\"},{\"@type\":\"ListItem\",\"position\":2,\"name\":\"Recommandations HAS 2025 sur la borr\u00e9liose de Lyme : vers une prise en charge plus claire et efficace\"}]},{\"@type\":\"WebSite\",\"@id\":\"https:\\\/\\\/cpts-ouest-herault.fr\\\/#website\",\"url\":\"https:\\\/\\\/cpts-ouest-herault.fr\\\/\",\"name\":\"CPTS Ouest H\u00e9rault\",\"description\":\"\",\"publisher\":{\"@id\":\"https:\\\/\\\/cpts-ouest-herault.fr\\\/#organization\"},\"potentialAction\":[{\"@type\":\"SearchAction\",\"target\":{\"@type\":\"EntryPoint\",\"urlTemplate\":\"https:\\\/\\\/cpts-ouest-herault.fr\\\/?s={search_term_string}\"},\"query-input\":{\"@type\":\"PropertyValueSpecification\",\"valueRequired\":true,\"valueName\":\"search_term_string\"}}],\"inLanguage\":\"fr-FR\"},{\"@type\":\"Organization\",\"@id\":\"https:\\\/\\\/cpts-ouest-herault.fr\\\/#organization\",\"name\":\"CPTS Ouest H\u00e9rault\",\"url\":\"https:\\\/\\\/cpts-ouest-herault.fr\\\/\",\"logo\":{\"@type\":\"ImageObject\",\"inLanguage\":\"fr-FR\",\"@id\":\"https:\\\/\\\/cpts-ouest-herault.fr\\\/#\\\/schema\\\/logo\\\/image\\\/\",\"url\":\"https:\\\/\\\/cpts-ouest-herault.fr\\\/wp-content\\\/uploads\\\/2025\\\/03\\\/cropped-Logo-CPTS-Modifie.png\",\"contentUrl\":\"https:\\\/\\\/cpts-ouest-herault.fr\\\/wp-content\\\/uploads\\\/2025\\\/03\\\/cropped-Logo-CPTS-Modifie.png\",\"width\":175,\"height\":134,\"caption\":\"CPTS Ouest H\u00e9rault\"},\"image\":{\"@id\":\"https:\\\/\\\/cpts-ouest-herault.fr\\\/#\\\/schema\\\/logo\\\/image\\\/\"},\"sameAs\":[\"https:\\\/\\\/www.linkedin.com\\\/company\\\/cpts-ouest-herault\"]},{\"@type\":\"Person\",\"@id\":\"https:\\\/\\\/cpts-ouest-herault.fr\\\/#\\\/schema\\\/person\\\/e2ec38d33992d51933b7be4c23745642\",\"name\":\"admin5120\",\"image\":{\"@type\":\"ImageObject\",\"inLanguage\":\"fr-FR\",\"@id\":\"https:\\\/\\\/secure.gravatar.com\\\/avatar\\\/c4d1cc16ef704da6329a105955d8e3fdfff70d0b410a11925b48bc2d9e9309e1?s=96&d=mm&r=g\",\"url\":\"https:\\\/\\\/secure.gravatar.com\\\/avatar\\\/c4d1cc16ef704da6329a105955d8e3fdfff70d0b410a11925b48bc2d9e9309e1?s=96&d=mm&r=g\",\"contentUrl\":\"https:\\\/\\\/secure.gravatar.com\\\/avatar\\\/c4d1cc16ef704da6329a105955d8e3fdfff70d0b410a11925b48bc2d9e9309e1?s=96&d=mm&r=g\",\"caption\":\"admin5120\"},\"sameAs\":[\"http:\\\/\\\/cpts-ouest-herault.fr\"],\"url\":\"https:\\\/\\\/cpts-ouest-herault.fr\\\/index.php\\\/author\\\/admin5120\\\/\"}]}<\/script>\n<!-- \/ Yoast SEO plugin. -->","yoast_head_json":{"title":"Recommandations HAS 2025 sur la borr\u00e9liose de Lyme : vers une prise en charge plus claire et efficace - CPTS Ouest H\u00e9rault","description":"La HAS publie ses recommandations 2025 sur la borr\u00e9liose de Lyme : pr\u00e9vention, diagnostic, traitements pr\u00e9coces, ce qu\u2019il faut appliquer d\u00e8s maintenant.","robots":{"index":"index","follow":"follow","max-snippet":"max-snippet:-1","max-image-preview":"max-image-preview:large","max-video-preview":"max-video-preview:-1"},"canonical":"https:\/\/cpts-ouest-herault.fr\/index.php\/2025\/07\/22\/recommandations-has-2025-sur-la-borreliose-de-lyme-vers-une-prise-en-charge-plus-claire-et-efficace\/","og_locale":"fr_FR","og_type":"article","og_title":"Recommandations HAS 2025 sur la borr\u00e9liose de Lyme : vers une prise en charge plus claire et efficace - CPTS Ouest H\u00e9rault","og_description":"La HAS publie ses recommandations 2025 sur la borr\u00e9liose de Lyme : pr\u00e9vention, diagnostic, traitements pr\u00e9coces, ce qu\u2019il faut appliquer d\u00e8s maintenant.","og_url":"https:\/\/cpts-ouest-herault.fr\/index.php\/2025\/07\/22\/recommandations-has-2025-sur-la-borreliose-de-lyme-vers-une-prise-en-charge-plus-claire-et-efficace\/","og_site_name":"CPTS Ouest H\u00e9rault","article_published_time":"2025-07-22T07:08:48+00:00","article_modified_time":"2025-11-19T15:18:13+00:00","og_image":[{"width":1024,"height":576,"url":"http:\/\/cpts-ouest-herault.fr\/wp-content\/uploads\/2025\/07\/Image-article-CPTS-2-1024x576.png","type":"image\/png"}],"author":"admin5120","twitter_card":"summary_large_image","twitter_misc":{"\u00c9crit par":"admin5120","Dur\u00e9e de lecture estim\u00e9e":"6 minutes"},"schema":{"@context":"https:\/\/schema.org","@graph":[{"@type":"Article","@id":"https:\/\/cpts-ouest-herault.fr\/index.php\/2025\/07\/22\/recommandations-has-2025-sur-la-borreliose-de-lyme-vers-une-prise-en-charge-plus-claire-et-efficace\/#article","isPartOf":{"@id":"https:\/\/cpts-ouest-herault.fr\/index.php\/2025\/07\/22\/recommandations-has-2025-sur-la-borreliose-de-lyme-vers-une-prise-en-charge-plus-claire-et-efficace\/"},"author":{"name":"admin5120","@id":"https:\/\/cpts-ouest-herault.fr\/#\/schema\/person\/e2ec38d33992d51933b7be4c23745642"},"headline":"Recommandations HAS 2025 sur la borr\u00e9liose de Lyme : vers une prise en charge plus claire et efficace","datePublished":"2025-07-22T07:08:48+00:00","dateModified":"2025-11-19T15:18:13+00:00","mainEntityOfPage":{"@id":"https:\/\/cpts-ouest-herault.fr\/index.php\/2025\/07\/22\/recommandations-has-2025-sur-la-borreliose-de-lyme-vers-une-prise-en-charge-plus-claire-et-efficace\/"},"wordCount":1196,"publisher":{"@id":"https:\/\/cpts-ouest-herault.fr\/#organization"},"image":{"@id":"https:\/\/cpts-ouest-herault.fr\/index.php\/2025\/07\/22\/recommandations-has-2025-sur-la-borreliose-de-lyme-vers-une-prise-en-charge-plus-claire-et-efficace\/#primaryimage"},"thumbnailUrl":"https:\/\/cpts-ouest-herault.fr\/wp-content\/uploads\/2025\/07\/Image-article-CPTS-2.png","articleSection":["Actualit\u00e9s r\u00e9gionales et nationales"],"inLanguage":"fr-FR"},{"@type":"WebPage","@id":"https:\/\/cpts-ouest-herault.fr\/index.php\/2025\/07\/22\/recommandations-has-2025-sur-la-borreliose-de-lyme-vers-une-prise-en-charge-plus-claire-et-efficace\/","url":"https:\/\/cpts-ouest-herault.fr\/index.php\/2025\/07\/22\/recommandations-has-2025-sur-la-borreliose-de-lyme-vers-une-prise-en-charge-plus-claire-et-efficace\/","name":"Recommandations HAS 2025 sur la borr\u00e9liose de Lyme : vers une prise en charge plus claire et efficace - CPTS Ouest H\u00e9rault","isPartOf":{"@id":"https:\/\/cpts-ouest-herault.fr\/#website"},"primaryImageOfPage":{"@id":"https:\/\/cpts-ouest-herault.fr\/index.php\/2025\/07\/22\/recommandations-has-2025-sur-la-borreliose-de-lyme-vers-une-prise-en-charge-plus-claire-et-efficace\/#primaryimage"},"image":{"@id":"https:\/\/cpts-ouest-herault.fr\/index.php\/2025\/07\/22\/recommandations-has-2025-sur-la-borreliose-de-lyme-vers-une-prise-en-charge-plus-claire-et-efficace\/#primaryimage"},"thumbnailUrl":"https:\/\/cpts-ouest-herault.fr\/wp-content\/uploads\/2025\/07\/Image-article-CPTS-2.png","datePublished":"2025-07-22T07:08:48+00:00","dateModified":"2025-11-19T15:18:13+00:00","description":"La HAS publie ses recommandations 2025 sur la borr\u00e9liose de Lyme : pr\u00e9vention, diagnostic, traitements pr\u00e9coces, ce qu\u2019il faut appliquer d\u00e8s maintenant.","breadcrumb":{"@id":"https:\/\/cpts-ouest-herault.fr\/index.php\/2025\/07\/22\/recommandations-has-2025-sur-la-borreliose-de-lyme-vers-une-prise-en-charge-plus-claire-et-efficace\/#breadcrumb"},"inLanguage":"fr-FR","potentialAction":[{"@type":"ReadAction","target":["https:\/\/cpts-ouest-herault.fr\/index.php\/2025\/07\/22\/recommandations-has-2025-sur-la-borreliose-de-lyme-vers-une-prise-en-charge-plus-claire-et-efficace\/"]}]},{"@type":"ImageObject","inLanguage":"fr-FR","@id":"https:\/\/cpts-ouest-herault.fr\/index.php\/2025\/07\/22\/recommandations-has-2025-sur-la-borreliose-de-lyme-vers-une-prise-en-charge-plus-claire-et-efficace\/#primaryimage","url":"https:\/\/cpts-ouest-herault.fr\/wp-content\/uploads\/2025\/07\/Image-article-CPTS-2.png","contentUrl":"https:\/\/cpts-ouest-herault.fr\/wp-content\/uploads\/2025\/07\/Image-article-CPTS-2.png","width":2560,"height":1440},{"@type":"BreadcrumbList","@id":"https:\/\/cpts-ouest-herault.fr\/index.php\/2025\/07\/22\/recommandations-has-2025-sur-la-borreliose-de-lyme-vers-une-prise-en-charge-plus-claire-et-efficace\/#breadcrumb","itemListElement":[{"@type":"ListItem","position":1,"name":"Accueil","item":"https:\/\/cpts-ouest-herault.fr\/"},{"@type":"ListItem","position":2,"name":"Recommandations HAS 2025 sur la borr\u00e9liose de Lyme : vers une prise en charge plus claire et efficace"}]},{"@type":"WebSite","@id":"https:\/\/cpts-ouest-herault.fr\/#website","url":"https:\/\/cpts-ouest-herault.fr\/","name":"CPTS Ouest H\u00e9rault","description":"","publisher":{"@id":"https:\/\/cpts-ouest-herault.fr\/#organization"},"potentialAction":[{"@type":"SearchAction","target":{"@type":"EntryPoint","urlTemplate":"https:\/\/cpts-ouest-herault.fr\/?s={search_term_string}"},"query-input":{"@type":"PropertyValueSpecification","valueRequired":true,"valueName":"search_term_string"}}],"inLanguage":"fr-FR"},{"@type":"Organization","@id":"https:\/\/cpts-ouest-herault.fr\/#organization","name":"CPTS Ouest H\u00e9rault","url":"https:\/\/cpts-ouest-herault.fr\/","logo":{"@type":"ImageObject","inLanguage":"fr-FR","@id":"https:\/\/cpts-ouest-herault.fr\/#\/schema\/logo\/image\/","url":"https:\/\/cpts-ouest-herault.fr\/wp-content\/uploads\/2025\/03\/cropped-Logo-CPTS-Modifie.png","contentUrl":"https:\/\/cpts-ouest-herault.fr\/wp-content\/uploads\/2025\/03\/cropped-Logo-CPTS-Modifie.png","width":175,"height":134,"caption":"CPTS Ouest H\u00e9rault"},"image":{"@id":"https:\/\/cpts-ouest-herault.fr\/#\/schema\/logo\/image\/"},"sameAs":["https:\/\/www.linkedin.com\/company\/cpts-ouest-herault"]},{"@type":"Person","@id":"https:\/\/cpts-ouest-herault.fr\/#\/schema\/person\/e2ec38d33992d51933b7be4c23745642","name":"admin5120","image":{"@type":"ImageObject","inLanguage":"fr-FR","@id":"https:\/\/secure.gravatar.com\/avatar\/c4d1cc16ef704da6329a105955d8e3fdfff70d0b410a11925b48bc2d9e9309e1?s=96&d=mm&r=g","url":"https:\/\/secure.gravatar.com\/avatar\/c4d1cc16ef704da6329a105955d8e3fdfff70d0b410a11925b48bc2d9e9309e1?s=96&d=mm&r=g","contentUrl":"https:\/\/secure.gravatar.com\/avatar\/c4d1cc16ef704da6329a105955d8e3fdfff70d0b410a11925b48bc2d9e9309e1?s=96&d=mm&r=g","caption":"admin5120"},"sameAs":["http:\/\/cpts-ouest-herault.fr"],"url":"https:\/\/cpts-ouest-herault.fr\/index.php\/author\/admin5120\/"}]}},"_links":{"self":[{"href":"https:\/\/cpts-ouest-herault.fr\/index.php\/wp-json\/wp\/v2\/posts\/346","targetHints":{"allow":["GET"]}}],"collection":[{"href":"https:\/\/cpts-ouest-herault.fr\/index.php\/wp-json\/wp\/v2\/posts"}],"about":[{"href":"https:\/\/cpts-ouest-herault.fr\/index.php\/wp-json\/wp\/v2\/types\/post"}],"author":[{"embeddable":true,"href":"https:\/\/cpts-ouest-herault.fr\/index.php\/wp-json\/wp\/v2\/users\/1"}],"replies":[{"embeddable":true,"href":"https:\/\/cpts-ouest-herault.fr\/index.php\/wp-json\/wp\/v2\/comments?post=346"}],"version-history":[{"count":0,"href":"https:\/\/cpts-ouest-herault.fr\/index.php\/wp-json\/wp\/v2\/posts\/346\/revisions"}],"wp:featuredmedia":[{"embeddable":true,"href":"https:\/\/cpts-ouest-herault.fr\/index.php\/wp-json\/wp\/v2\/media\/347"}],"wp:attachment":[{"href":"https:\/\/cpts-ouest-herault.fr\/index.php\/wp-json\/wp\/v2\/media?parent=346"}],"wp:term":[{"taxonomy":"category","embeddable":true,"href":"https:\/\/cpts-ouest-herault.fr\/index.php\/wp-json\/wp\/v2\/categories?post=346"},{"taxonomy":"post_tag","embeddable":true,"href":"https:\/\/cpts-ouest-herault.fr\/index.php\/wp-json\/wp\/v2\/tags?post=346"}],"curies":[{"name":"wp","href":"https:\/\/api.w.org\/{rel}","templated":true}]}}