{"id":356,"date":"2025-08-14T11:24:37","date_gmt":"2025-08-14T09:24:37","guid":{"rendered":"https:\/\/cpts-ouest-herault.fr\/?p=356"},"modified":"2025-11-19T16:18:13","modified_gmt":"2025-11-19T15:18:13","slug":"semaine-mondiale-de-lallaitement-maternel-2025-en-occitanie-une-mobilisation-regionale-du-13-au-19-octobre","status":"publish","type":"post","link":"https:\/\/cpts-ouest-herault.fr\/index.php\/2025\/08\/14\/semaine-mondiale-de-lallaitement-maternel-2025-en-occitanie-une-mobilisation-regionale-du-13-au-19-octobre\/","title":{"rendered":"Semaine Mondiale de l\u2019Allaitement Maternel 2025 en Occitanie : une mobilisation r\u00e9gionale du 13 au 19 octobre"},"content":{"rendered":"\n<p><strong>Participez \u00e0 la SMAM 2025 pour promouvoir l\u2019allaitement maternel et soutenir les familles sur le territoire occitan<\/strong><\/p>\n\n\n\n<hr class=\"wp-block-separator has-alpha-channel-opacity\"\/>\n\n\n\n<h2 class=\"wp-block-heading\">Du 13 au 19 octobre 2025 : une semaine d\u00e9di\u00e9e \u00e0 l\u2019allaitement maternel<\/h2>\n\n\n\n<p>La <strong>Semaine Mondiale de l\u2019Allaitement Maternel (SMAM)<\/strong> se tiendra cette ann\u00e9e <strong>du 13 au 19 octobre 2025<\/strong>, partout en France. Coordonn\u00e9e \u00e0 l\u2019\u00e9chelle nationale par la <a href=\"https:\/\/www.cofam-allaitement.org\/\">CoFAM<\/a> (Coordination Fran\u00e7aise pour l\u2019Allaitement Maternel), cette campagne vise \u00e0 <strong>promouvoir, soutenir et normaliser l\u2019allaitement maternel<\/strong>.<\/p>\n\n\n\n<p>En r\u00e9gion Occitanie, <strong>le <a href=\"https:\/\/www.perinatalite-occitanie.fr\/\">R\u00e9seau P\u00e9rinatalit\u00e9 Occitanie<\/a> (RPO)<\/strong> et <strong><a href=\"https:\/\/promotion-sante-occitanie.org\/\">Promotion Sant\u00e9 Occitanie<\/a><\/strong> s\u2019unissent pour structurer la mobilisation sur l\u2019ensemble du territoire, en valorisant les actions locales port\u00e9es par les professionnels, associations, collectivit\u00e9s et \u00e9tablissements de sant\u00e9.<\/p>\n\n\n\n<h2 class=\"wp-block-heading\">Priorit\u00e9 \u00e0 l\u2019allaitement : cr\u00e9er des syst\u00e8mes de soutien durables<\/h2>\n\n\n\n<p>Le th\u00e8me international de la SMAM 2025 met en lumi\u00e8re l\u2019importance de <strong>renforcer les structures de soutien \u00e0 l\u2019allaitement sur le long terme<\/strong> : dispositifs d\u2019accompagnement, implication des professionnels, accessibilit\u00e9 \u00e0 l\u2019information, engagement institutionnel\u2026 tout doit concourir \u00e0 cr\u00e9er un environnement favorable et durable pour les familles.<\/p>\n\n\n\n<p>En Occitanie, cela se traduit par :<\/p>\n\n\n\n<ul class=\"wp-block-list\">\n<li>La <strong>mise en r\u00e9seau des acteurs locaux<\/strong>,<\/li>\n\n\n\n<li>La <strong>valorisation des projets territoriaux<\/strong>,<\/li>\n\n\n\n<li>Et une <strong>diffusion coh\u00e9rente des messages de sant\u00e9 publique<\/strong>.<\/li>\n<\/ul>\n\n\n\n<h2 class=\"wp-block-heading\">Pourquoi s\u2019engager dans la SMAM 2025 en Occitanie ?<\/h2>\n\n\n\n<p>Participer \u00e0 la SMAM, c\u2019est rejoindre un mouvement collectif qui \u0153uvre pour une meilleure sant\u00e9 maternelle et infantile. Les objectifs sont nombreux :<\/p>\n\n\n\n<ul class=\"wp-block-list\">\n<li><strong>Informer et sensibiliser<\/strong> le grand public, les jeunes parents et les professionnels de sant\u00e9,<\/li>\n\n\n\n<li><strong>Mobiliser les acteurs du territoire<\/strong> pour accompagner les femmes dans leur projet d\u2019allaitement,<\/li>\n\n\n\n<li><strong>Mettre en lumi\u00e8re les dynamiques locales<\/strong>, initiatives et r\u00e9ussites du terrain,<\/li>\n\n\n\n<li><strong>Consolider les partenariats existants<\/strong> et encourager la cr\u00e9ation de nouvelles collaborations.<\/li>\n<\/ul>\n\n\n\n<p>En tant que professionnel de sant\u00e9, votre engagement compte : chaque action, chaque stand, chaque atelier peut avoir un impact concret.<\/p>\n\n\n\n<hr class=\"wp-block-separator has-alpha-channel-opacity\"\/>\n\n\n\n<h2 class=\"wp-block-heading\">Vous avez une id\u00e9e d\u2019action ?<\/h2>\n\n\n\n<p>Que vous soyez professionnel de sant\u00e9, structure m\u00e9dico-sociale, collectivit\u00e9 ou association, <strong>on est \u00e0 votre \u00e9coute<\/strong> pour :<\/p>\n\n\n\n<ul class=\"wp-block-list\">\n<li>Vous accompagner dans la conception de votre action,<\/li>\n\n\n\n<li>Relayer votre initiative aupr\u00e8s de nos partenaires locaux,<\/li>\n\n\n\n<li>Vous orienter vers les supports de communication disponibles,<\/li>\n\n\n\n<li>Et vous mettre en lien avec le RPO et Promotion Sant\u00e9 Occitanie pour un appui m\u00e9thodologique et logistique.<\/li>\n<\/ul>\n\n\n\n<div class=\"wp-block-buttons is-content-justification-center is-layout-flex wp-container-core-buttons-is-layout-a89b3969 wp-block-buttons-is-layout-flex\">\n<div class=\"wp-block-button\"><a class=\"wp-block-button__link wp-element-button\" href=\"https:\/\/forms.office.com\/pages\/responsepage.aspx?id=_8W1yoPirkG_D4eDHwHQ9IbyU6N1ytpIjNFBsELN8UNURFZOTFM0N1lCQVVEWUQ3NEdHWVRBM0s2Vy4u&amp;route=shorturl\">Je fais connaitre mon projet<\/a><\/div>\n<\/div>\n\n\n\n<h2 class=\"wp-block-heading\">Devenir partenaire, c\u2019est\u2026<\/h2>\n\n\n\n<ul class=\"wp-block-list\">\n<li>Porter collectivement les <strong>messages de promotion de l\u2019allaitement<\/strong>,<\/li>\n\n\n\n<li>Donner une <strong>visibilit\u00e9 r\u00e9gionale<\/strong> \u00e0 vos actions,<\/li>\n\n\n\n<li>Valoriser votre implication aupr\u00e8s des partenaires institutionnels,<\/li>\n\n\n\n<li>Faire rayonner <strong>la dynamique de sant\u00e9 publique du territoire<\/strong>.<\/li>\n<\/ul>\n\n\n\n<hr class=\"wp-block-separator has-alpha-channel-opacity\"\/>\n\n\n\n<h2 class=\"wp-block-heading\">Outils de communication disponibles pour la SMAM 2025<\/h2>\n\n\n\n<p>Pour faciliter l\u2019organisation d\u2019\u00e9v\u00e9nements et d\u2019actions locales, plusieurs <strong>supports de communication<\/strong> sont mis \u00e0 disposition : affiches, flyers, visuels pour les r\u00e9seaux sociaux, kits d\u2019animation\u2026<\/p>\n\n\n\n<div class=\"wp-block-buttons is-content-justification-center is-layout-flex wp-container-core-buttons-is-layout-a89b3969 wp-block-buttons-is-layout-flex\">\n<div class=\"wp-block-button\"><a class=\"wp-block-button__link wp-element-button\" href=\"https:\/\/r.mail.perinatalite-occitanie.fr\/mk\/cl\/f\/sh\/1f8JIKXx3IkdaCaCigRfA9EMDJ\/WW_tUsu9a3IQ\">Je t\u00e9l\u00e9charge les outils de communication<\/a><\/div>\n<\/div>\n","protected":false},"excerpt":{"rendered":"<p>La Semaine Mondiale de l\u2019Allaitement Maternel (SMAM) se tiendra cette ann\u00e9e du 13 au 19 octobre 2025, partout en France. Coordonn\u00e9e \u00e0 l\u2019\u00e9chelle nationale par la CoFAM (Coordination Fran\u00e7aise pour l\u2019Allaitement Maternel), cette campagne vise \u00e0 promouvoir, soutenir et normaliser l\u2019allaitement maternel.<\/p>\n","protected":false},"author":1,"featured_media":357,"comment_status":"closed","ping_status":"closed","sticky":false,"template":"","format":"standard","meta":{"site-sidebar-layout":"default","site-content-layout":"","ast-site-content-layout":"default","site-content-style":"default","site-sidebar-style":"default","ast-global-header-display":"","ast-banner-title-visibility":"","ast-main-header-display":"","ast-hfb-above-header-display":"","ast-hfb-below-header-display":"","ast-hfb-mobile-header-display":"","site-post-title":"","ast-breadcrumbs-content":"","ast-featured-img":"","footer-sml-layout":"","theme-transparent-header-meta":"","adv-header-id-meta":"","stick-header-meta":"","header-above-stick-meta":"","header-main-stick-meta":"","header-below-stick-meta":"","astra-migrate-meta-layouts":"default","ast-page-background-enabled":"default","ast-page-background-meta":{"desktop":{"background-color":"var(--ast-global-color-5)","background-image":"","background-repeat":"repeat","background-position":"center center","background-size":"auto","background-attachment":"scroll","background-type":"","background-media":"","overlay-type":"","overlay-color":"","overlay-opacity":"","overlay-gradient":""},"tablet":{"background-color":"","background-image":"","background-repeat":"repeat","background-position":"center center","background-size":"auto","background-attachment":"scroll","background-type":"","background-media":"","overlay-type":"","overlay-color":"","overlay-opacity":"","overlay-gradient":""},"mobile":{"background-color":"","background-image":"","background-repeat":"repeat","background-position":"center center","background-size":"auto","background-attachment":"scroll","background-type":"","background-media":"","overlay-type":"","overlay-color":"","overlay-opacity":"","overlay-gradient":""}},"ast-content-background-meta":{"desktop":{"background-color":"var(--ast-global-color-4)","background-image":"","background-repeat":"repeat","background-position":"center center","background-size":"auto","background-attachment":"scroll","background-type":"","background-media":"","overlay-type":"","overlay-color":"","overlay-opacity":"","overlay-gradient":""},"tablet":{"background-color":"var(--ast-global-color-4)","background-image":"","background-repeat":"repeat","background-position":"center center","background-size":"auto","background-attachment":"scroll","background-type":"","background-media":"","overlay-type":"","overlay-color":"","overlay-opacity":"","overlay-gradient":""},"mobile":{"background-color":"var(--ast-global-color-4)","background-image":"","background-repeat":"repeat","background-position":"center center","background-size":"auto","background-attachment":"scroll","background-type":"","background-media":"","overlay-type":"","overlay-color":"","overlay-opacity":"","overlay-gradient":""}},"footnotes":""},"categories":[39],"tags":[],"class_list":["post-356","post","type-post","status-publish","format-standard","has-post-thumbnail","hentry","category-national"],"yoast_head":"<!-- This site is optimized with the Yoast SEO plugin v27.5 - https:\/\/yoast.com\/product\/yoast-seo-wordpress\/ -->\n<title>Semaine Mondiale de l\u2019Allaitement Maternel 2025 en Occitanie : une mobilisation r\u00e9gionale du 13 au 19 octobre - CPTS Ouest H\u00e9rault<\/title>\n<meta name=\"description\" content=\"Participez \u00e0 la Semaine Mondiale de l\u2019Allaitement Maternel 2025 du 13 au 19 octobre en Occitanie. D\u00e9couvrez comment organiser ou relayer une action locale avec le soutien de la CPTS, du RPO et de Promotion Sant\u00e9 Occitanie.\" \/>\n<meta name=\"robots\" content=\"index, follow, max-snippet:-1, max-image-preview:large, max-video-preview:-1\" \/>\n<link rel=\"canonical\" href=\"https:\/\/cpts-ouest-herault.fr\/index.php\/2025\/08\/14\/semaine-mondiale-de-lallaitement-maternel-2025-en-occitanie-une-mobilisation-regionale-du-13-au-19-octobre\/\" \/>\n<meta property=\"og:locale\" content=\"fr_FR\" \/>\n<meta property=\"og:type\" content=\"article\" \/>\n<meta property=\"og:title\" content=\"Semaine Mondiale de l\u2019Allaitement Maternel 2025 en Occitanie : une mobilisation r\u00e9gionale du 13 au 19 octobre - CPTS Ouest H\u00e9rault\" \/>\n<meta property=\"og:description\" content=\"Participez \u00e0 la Semaine Mondiale de l\u2019Allaitement Maternel 2025 du 13 au 19 octobre en Occitanie. D\u00e9couvrez comment organiser ou relayer une action locale avec le soutien de la CPTS, du RPO et de Promotion Sant\u00e9 Occitanie.\" \/>\n<meta property=\"og:url\" content=\"https:\/\/cpts-ouest-herault.fr\/index.php\/2025\/08\/14\/semaine-mondiale-de-lallaitement-maternel-2025-en-occitanie-une-mobilisation-regionale-du-13-au-19-octobre\/\" \/>\n<meta property=\"og:site_name\" content=\"CPTS Ouest H\u00e9rault\" \/>\n<meta property=\"article:published_time\" content=\"2025-08-14T09:24:37+00:00\" \/>\n<meta property=\"article:modified_time\" content=\"2025-11-19T15:18:13+00:00\" \/>\n<meta property=\"og:image\" content=\"http:\/\/cpts-ouest-herault.fr\/wp-content\/uploads\/2025\/08\/Image-article-CPTS-2-1024x576.png\" \/>\n\t<meta property=\"og:image:width\" content=\"1024\" \/>\n\t<meta property=\"og:image:height\" content=\"576\" \/>\n\t<meta property=\"og:image:type\" content=\"image\/png\" \/>\n<meta name=\"author\" content=\"admin5120\" \/>\n<meta name=\"twitter:card\" content=\"summary_large_image\" \/>\n<meta name=\"twitter:label1\" content=\"\u00c9crit par\" \/>\n\t<meta name=\"twitter:data1\" content=\"admin5120\" \/>\n\t<meta name=\"twitter:label2\" content=\"Dur\u00e9e de lecture estim\u00e9e\" \/>\n\t<meta name=\"twitter:data2\" content=\"3 minutes\" \/>\n<script type=\"application\/ld+json\" class=\"yoast-schema-graph\">{\"@context\":\"https:\\\/\\\/schema.org\",\"@graph\":[{\"@type\":\"Article\",\"@id\":\"https:\\\/\\\/cpts-ouest-herault.fr\\\/index.php\\\/2025\\\/08\\\/14\\\/semaine-mondiale-de-lallaitement-maternel-2025-en-occitanie-une-mobilisation-regionale-du-13-au-19-octobre\\\/#article\",\"isPartOf\":{\"@id\":\"https:\\\/\\\/cpts-ouest-herault.fr\\\/index.php\\\/2025\\\/08\\\/14\\\/semaine-mondiale-de-lallaitement-maternel-2025-en-occitanie-une-mobilisation-regionale-du-13-au-19-octobre\\\/\"},\"author\":{\"name\":\"admin5120\",\"@id\":\"https:\\\/\\\/cpts-ouest-herault.fr\\\/#\\\/schema\\\/person\\\/e2ec38d33992d51933b7be4c23745642\"},\"headline\":\"Semaine Mondiale de l\u2019Allaitement Maternel 2025 en Occitanie : une mobilisation r\u00e9gionale du 13 au 19 octobre\",\"datePublished\":\"2025-08-14T09:24:37+00:00\",\"dateModified\":\"2025-11-19T15:18:13+00:00\",\"mainEntityOfPage\":{\"@id\":\"https:\\\/\\\/cpts-ouest-herault.fr\\\/index.php\\\/2025\\\/08\\\/14\\\/semaine-mondiale-de-lallaitement-maternel-2025-en-occitanie-une-mobilisation-regionale-du-13-au-19-octobre\\\/\"},\"wordCount\":475,\"publisher\":{\"@id\":\"https:\\\/\\\/cpts-ouest-herault.fr\\\/#organization\"},\"image\":{\"@id\":\"https:\\\/\\\/cpts-ouest-herault.fr\\\/index.php\\\/2025\\\/08\\\/14\\\/semaine-mondiale-de-lallaitement-maternel-2025-en-occitanie-une-mobilisation-regionale-du-13-au-19-octobre\\\/#primaryimage\"},\"thumbnailUrl\":\"https:\\\/\\\/cpts-ouest-herault.fr\\\/wp-content\\\/uploads\\\/2025\\\/08\\\/Image-article-CPTS-2.png\",\"articleSection\":[\"Actualit\u00e9s r\u00e9gionales et nationales\"],\"inLanguage\":\"fr-FR\"},{\"@type\":\"WebPage\",\"@id\":\"https:\\\/\\\/cpts-ouest-herault.fr\\\/index.php\\\/2025\\\/08\\\/14\\\/semaine-mondiale-de-lallaitement-maternel-2025-en-occitanie-une-mobilisation-regionale-du-13-au-19-octobre\\\/\",\"url\":\"https:\\\/\\\/cpts-ouest-herault.fr\\\/index.php\\\/2025\\\/08\\\/14\\\/semaine-mondiale-de-lallaitement-maternel-2025-en-occitanie-une-mobilisation-regionale-du-13-au-19-octobre\\\/\",\"name\":\"Semaine Mondiale de l\u2019Allaitement Maternel 2025 en Occitanie : une mobilisation r\u00e9gionale du 13 au 19 octobre - CPTS Ouest H\u00e9rault\",\"isPartOf\":{\"@id\":\"https:\\\/\\\/cpts-ouest-herault.fr\\\/#website\"},\"primaryImageOfPage\":{\"@id\":\"https:\\\/\\\/cpts-ouest-herault.fr\\\/index.php\\\/2025\\\/08\\\/14\\\/semaine-mondiale-de-lallaitement-maternel-2025-en-occitanie-une-mobilisation-regionale-du-13-au-19-octobre\\\/#primaryimage\"},\"image\":{\"@id\":\"https:\\\/\\\/cpts-ouest-herault.fr\\\/index.php\\\/2025\\\/08\\\/14\\\/semaine-mondiale-de-lallaitement-maternel-2025-en-occitanie-une-mobilisation-regionale-du-13-au-19-octobre\\\/#primaryimage\"},\"thumbnailUrl\":\"https:\\\/\\\/cpts-ouest-herault.fr\\\/wp-content\\\/uploads\\\/2025\\\/08\\\/Image-article-CPTS-2.png\",\"datePublished\":\"2025-08-14T09:24:37+00:00\",\"dateModified\":\"2025-11-19T15:18:13+00:00\",\"description\":\"Participez \u00e0 la Semaine Mondiale de l\u2019Allaitement Maternel 2025 du 13 au 19 octobre en Occitanie. D\u00e9couvrez comment organiser ou relayer une action locale avec le soutien de la CPTS, du RPO et de Promotion Sant\u00e9 Occitanie.\",\"breadcrumb\":{\"@id\":\"https:\\\/\\\/cpts-ouest-herault.fr\\\/index.php\\\/2025\\\/08\\\/14\\\/semaine-mondiale-de-lallaitement-maternel-2025-en-occitanie-une-mobilisation-regionale-du-13-au-19-octobre\\\/#breadcrumb\"},\"inLanguage\":\"fr-FR\",\"potentialAction\":[{\"@type\":\"ReadAction\",\"target\":[\"https:\\\/\\\/cpts-ouest-herault.fr\\\/index.php\\\/2025\\\/08\\\/14\\\/semaine-mondiale-de-lallaitement-maternel-2025-en-occitanie-une-mobilisation-regionale-du-13-au-19-octobre\\\/\"]}]},{\"@type\":\"ImageObject\",\"inLanguage\":\"fr-FR\",\"@id\":\"https:\\\/\\\/cpts-ouest-herault.fr\\\/index.php\\\/2025\\\/08\\\/14\\\/semaine-mondiale-de-lallaitement-maternel-2025-en-occitanie-une-mobilisation-regionale-du-13-au-19-octobre\\\/#primaryimage\",\"url\":\"https:\\\/\\\/cpts-ouest-herault.fr\\\/wp-content\\\/uploads\\\/2025\\\/08\\\/Image-article-CPTS-2.png\",\"contentUrl\":\"https:\\\/\\\/cpts-ouest-herault.fr\\\/wp-content\\\/uploads\\\/2025\\\/08\\\/Image-article-CPTS-2.png\",\"width\":2560,\"height\":1440},{\"@type\":\"BreadcrumbList\",\"@id\":\"https:\\\/\\\/cpts-ouest-herault.fr\\\/index.php\\\/2025\\\/08\\\/14\\\/semaine-mondiale-de-lallaitement-maternel-2025-en-occitanie-une-mobilisation-regionale-du-13-au-19-octobre\\\/#breadcrumb\",\"itemListElement\":[{\"@type\":\"ListItem\",\"position\":1,\"name\":\"Accueil\",\"item\":\"https:\\\/\\\/cpts-ouest-herault.fr\\\/\"},{\"@type\":\"ListItem\",\"position\":2,\"name\":\"Semaine Mondiale de l\u2019Allaitement Maternel 2025 en Occitanie : une mobilisation r\u00e9gionale du 13 au 19 octobre\"}]},{\"@type\":\"WebSite\",\"@id\":\"https:\\\/\\\/cpts-ouest-herault.fr\\\/#website\",\"url\":\"https:\\\/\\\/cpts-ouest-herault.fr\\\/\",\"name\":\"CPTS Ouest H\u00e9rault\",\"description\":\"\",\"publisher\":{\"@id\":\"https:\\\/\\\/cpts-ouest-herault.fr\\\/#organization\"},\"potentialAction\":[{\"@type\":\"SearchAction\",\"target\":{\"@type\":\"EntryPoint\",\"urlTemplate\":\"https:\\\/\\\/cpts-ouest-herault.fr\\\/?s={search_term_string}\"},\"query-input\":{\"@type\":\"PropertyValueSpecification\",\"valueRequired\":true,\"valueName\":\"search_term_string\"}}],\"inLanguage\":\"fr-FR\"},{\"@type\":\"Organization\",\"@id\":\"https:\\\/\\\/cpts-ouest-herault.fr\\\/#organization\",\"name\":\"CPTS Ouest H\u00e9rault\",\"url\":\"https:\\\/\\\/cpts-ouest-herault.fr\\\/\",\"logo\":{\"@type\":\"ImageObject\",\"inLanguage\":\"fr-FR\",\"@id\":\"https:\\\/\\\/cpts-ouest-herault.fr\\\/#\\\/schema\\\/logo\\\/image\\\/\",\"url\":\"https:\\\/\\\/cpts-ouest-herault.fr\\\/wp-content\\\/uploads\\\/2025\\\/03\\\/cropped-Logo-CPTS-Modifie.png\",\"contentUrl\":\"https:\\\/\\\/cpts-ouest-herault.fr\\\/wp-content\\\/uploads\\\/2025\\\/03\\\/cropped-Logo-CPTS-Modifie.png\",\"width\":175,\"height\":134,\"caption\":\"CPTS Ouest H\u00e9rault\"},\"image\":{\"@id\":\"https:\\\/\\\/cpts-ouest-herault.fr\\\/#\\\/schema\\\/logo\\\/image\\\/\"},\"sameAs\":[\"https:\\\/\\\/www.linkedin.com\\\/company\\\/cpts-ouest-herault\"]},{\"@type\":\"Person\",\"@id\":\"https:\\\/\\\/cpts-ouest-herault.fr\\\/#\\\/schema\\\/person\\\/e2ec38d33992d51933b7be4c23745642\",\"name\":\"admin5120\",\"image\":{\"@type\":\"ImageObject\",\"inLanguage\":\"fr-FR\",\"@id\":\"https:\\\/\\\/secure.gravatar.com\\\/avatar\\\/c4d1cc16ef704da6329a105955d8e3fdfff70d0b410a11925b48bc2d9e9309e1?s=96&d=mm&r=g\",\"url\":\"https:\\\/\\\/secure.gravatar.com\\\/avatar\\\/c4d1cc16ef704da6329a105955d8e3fdfff70d0b410a11925b48bc2d9e9309e1?s=96&d=mm&r=g\",\"contentUrl\":\"https:\\\/\\\/secure.gravatar.com\\\/avatar\\\/c4d1cc16ef704da6329a105955d8e3fdfff70d0b410a11925b48bc2d9e9309e1?s=96&d=mm&r=g\",\"caption\":\"admin5120\"},\"sameAs\":[\"http:\\\/\\\/cpts-ouest-herault.fr\"],\"url\":\"https:\\\/\\\/cpts-ouest-herault.fr\\\/index.php\\\/author\\\/admin5120\\\/\"}]}<\/script>\n<!-- \/ Yoast SEO plugin. -->","yoast_head_json":{"title":"Semaine Mondiale de l\u2019Allaitement Maternel 2025 en Occitanie : une mobilisation r\u00e9gionale du 13 au 19 octobre - CPTS Ouest H\u00e9rault","description":"Participez \u00e0 la Semaine Mondiale de l\u2019Allaitement Maternel 2025 du 13 au 19 octobre en Occitanie. D\u00e9couvrez comment organiser ou relayer une action locale avec le soutien de la CPTS, du RPO et de Promotion Sant\u00e9 Occitanie.","robots":{"index":"index","follow":"follow","max-snippet":"max-snippet:-1","max-image-preview":"max-image-preview:large","max-video-preview":"max-video-preview:-1"},"canonical":"https:\/\/cpts-ouest-herault.fr\/index.php\/2025\/08\/14\/semaine-mondiale-de-lallaitement-maternel-2025-en-occitanie-une-mobilisation-regionale-du-13-au-19-octobre\/","og_locale":"fr_FR","og_type":"article","og_title":"Semaine Mondiale de l\u2019Allaitement Maternel 2025 en Occitanie : une mobilisation r\u00e9gionale du 13 au 19 octobre - CPTS Ouest H\u00e9rault","og_description":"Participez \u00e0 la Semaine Mondiale de l\u2019Allaitement Maternel 2025 du 13 au 19 octobre en Occitanie. D\u00e9couvrez comment organiser ou relayer une action locale avec le soutien de la CPTS, du RPO et de Promotion Sant\u00e9 Occitanie.","og_url":"https:\/\/cpts-ouest-herault.fr\/index.php\/2025\/08\/14\/semaine-mondiale-de-lallaitement-maternel-2025-en-occitanie-une-mobilisation-regionale-du-13-au-19-octobre\/","og_site_name":"CPTS Ouest H\u00e9rault","article_published_time":"2025-08-14T09:24:37+00:00","article_modified_time":"2025-11-19T15:18:13+00:00","og_image":[{"width":1024,"height":576,"url":"http:\/\/cpts-ouest-herault.fr\/wp-content\/uploads\/2025\/08\/Image-article-CPTS-2-1024x576.png","type":"image\/png"}],"author":"admin5120","twitter_card":"summary_large_image","twitter_misc":{"\u00c9crit par":"admin5120","Dur\u00e9e de lecture estim\u00e9e":"3 minutes"},"schema":{"@context":"https:\/\/schema.org","@graph":[{"@type":"Article","@id":"https:\/\/cpts-ouest-herault.fr\/index.php\/2025\/08\/14\/semaine-mondiale-de-lallaitement-maternel-2025-en-occitanie-une-mobilisation-regionale-du-13-au-19-octobre\/#article","isPartOf":{"@id":"https:\/\/cpts-ouest-herault.fr\/index.php\/2025\/08\/14\/semaine-mondiale-de-lallaitement-maternel-2025-en-occitanie-une-mobilisation-regionale-du-13-au-19-octobre\/"},"author":{"name":"admin5120","@id":"https:\/\/cpts-ouest-herault.fr\/#\/schema\/person\/e2ec38d33992d51933b7be4c23745642"},"headline":"Semaine Mondiale de l\u2019Allaitement Maternel 2025 en Occitanie : une mobilisation r\u00e9gionale du 13 au 19 octobre","datePublished":"2025-08-14T09:24:37+00:00","dateModified":"2025-11-19T15:18:13+00:00","mainEntityOfPage":{"@id":"https:\/\/cpts-ouest-herault.fr\/index.php\/2025\/08\/14\/semaine-mondiale-de-lallaitement-maternel-2025-en-occitanie-une-mobilisation-regionale-du-13-au-19-octobre\/"},"wordCount":475,"publisher":{"@id":"https:\/\/cpts-ouest-herault.fr\/#organization"},"image":{"@id":"https:\/\/cpts-ouest-herault.fr\/index.php\/2025\/08\/14\/semaine-mondiale-de-lallaitement-maternel-2025-en-occitanie-une-mobilisation-regionale-du-13-au-19-octobre\/#primaryimage"},"thumbnailUrl":"https:\/\/cpts-ouest-herault.fr\/wp-content\/uploads\/2025\/08\/Image-article-CPTS-2.png","articleSection":["Actualit\u00e9s r\u00e9gionales et nationales"],"inLanguage":"fr-FR"},{"@type":"WebPage","@id":"https:\/\/cpts-ouest-herault.fr\/index.php\/2025\/08\/14\/semaine-mondiale-de-lallaitement-maternel-2025-en-occitanie-une-mobilisation-regionale-du-13-au-19-octobre\/","url":"https:\/\/cpts-ouest-herault.fr\/index.php\/2025\/08\/14\/semaine-mondiale-de-lallaitement-maternel-2025-en-occitanie-une-mobilisation-regionale-du-13-au-19-octobre\/","name":"Semaine Mondiale de l\u2019Allaitement Maternel 2025 en Occitanie : une mobilisation r\u00e9gionale du 13 au 19 octobre - CPTS Ouest H\u00e9rault","isPartOf":{"@id":"https:\/\/cpts-ouest-herault.fr\/#website"},"primaryImageOfPage":{"@id":"https:\/\/cpts-ouest-herault.fr\/index.php\/2025\/08\/14\/semaine-mondiale-de-lallaitement-maternel-2025-en-occitanie-une-mobilisation-regionale-du-13-au-19-octobre\/#primaryimage"},"image":{"@id":"https:\/\/cpts-ouest-herault.fr\/index.php\/2025\/08\/14\/semaine-mondiale-de-lallaitement-maternel-2025-en-occitanie-une-mobilisation-regionale-du-13-au-19-octobre\/#primaryimage"},"thumbnailUrl":"https:\/\/cpts-ouest-herault.fr\/wp-content\/uploads\/2025\/08\/Image-article-CPTS-2.png","datePublished":"2025-08-14T09:24:37+00:00","dateModified":"2025-11-19T15:18:13+00:00","description":"Participez \u00e0 la Semaine Mondiale de l\u2019Allaitement Maternel 2025 du 13 au 19 octobre en Occitanie. D\u00e9couvrez comment organiser ou relayer une action locale avec le soutien de la CPTS, du RPO et de Promotion Sant\u00e9 Occitanie.","breadcrumb":{"@id":"https:\/\/cpts-ouest-herault.fr\/index.php\/2025\/08\/14\/semaine-mondiale-de-lallaitement-maternel-2025-en-occitanie-une-mobilisation-regionale-du-13-au-19-octobre\/#breadcrumb"},"inLanguage":"fr-FR","potentialAction":[{"@type":"ReadAction","target":["https:\/\/cpts-ouest-herault.fr\/index.php\/2025\/08\/14\/semaine-mondiale-de-lallaitement-maternel-2025-en-occitanie-une-mobilisation-regionale-du-13-au-19-octobre\/"]}]},{"@type":"ImageObject","inLanguage":"fr-FR","@id":"https:\/\/cpts-ouest-herault.fr\/index.php\/2025\/08\/14\/semaine-mondiale-de-lallaitement-maternel-2025-en-occitanie-une-mobilisation-regionale-du-13-au-19-octobre\/#primaryimage","url":"https:\/\/cpts-ouest-herault.fr\/wp-content\/uploads\/2025\/08\/Image-article-CPTS-2.png","contentUrl":"https:\/\/cpts-ouest-herault.fr\/wp-content\/uploads\/2025\/08\/Image-article-CPTS-2.png","width":2560,"height":1440},{"@type":"BreadcrumbList","@id":"https:\/\/cpts-ouest-herault.fr\/index.php\/2025\/08\/14\/semaine-mondiale-de-lallaitement-maternel-2025-en-occitanie-une-mobilisation-regionale-du-13-au-19-octobre\/#breadcrumb","itemListElement":[{"@type":"ListItem","position":1,"name":"Accueil","item":"https:\/\/cpts-ouest-herault.fr\/"},{"@type":"ListItem","position":2,"name":"Semaine Mondiale de l\u2019Allaitement Maternel 2025 en Occitanie : une mobilisation r\u00e9gionale du 13 au 19 octobre"}]},{"@type":"WebSite","@id":"https:\/\/cpts-ouest-herault.fr\/#website","url":"https:\/\/cpts-ouest-herault.fr\/","name":"CPTS Ouest H\u00e9rault","description":"","publisher":{"@id":"https:\/\/cpts-ouest-herault.fr\/#organization"},"potentialAction":[{"@type":"SearchAction","target":{"@type":"EntryPoint","urlTemplate":"https:\/\/cpts-ouest-herault.fr\/?s={search_term_string}"},"query-input":{"@type":"PropertyValueSpecification","valueRequired":true,"valueName":"search_term_string"}}],"inLanguage":"fr-FR"},{"@type":"Organization","@id":"https:\/\/cpts-ouest-herault.fr\/#organization","name":"CPTS Ouest H\u00e9rault","url":"https:\/\/cpts-ouest-herault.fr\/","logo":{"@type":"ImageObject","inLanguage":"fr-FR","@id":"https:\/\/cpts-ouest-herault.fr\/#\/schema\/logo\/image\/","url":"https:\/\/cpts-ouest-herault.fr\/wp-content\/uploads\/2025\/03\/cropped-Logo-CPTS-Modifie.png","contentUrl":"https:\/\/cpts-ouest-herault.fr\/wp-content\/uploads\/2025\/03\/cropped-Logo-CPTS-Modifie.png","width":175,"height":134,"caption":"CPTS Ouest H\u00e9rault"},"image":{"@id":"https:\/\/cpts-ouest-herault.fr\/#\/schema\/logo\/image\/"},"sameAs":["https:\/\/www.linkedin.com\/company\/cpts-ouest-herault"]},{"@type":"Person","@id":"https:\/\/cpts-ouest-herault.fr\/#\/schema\/person\/e2ec38d33992d51933b7be4c23745642","name":"admin5120","image":{"@type":"ImageObject","inLanguage":"fr-FR","@id":"https:\/\/secure.gravatar.com\/avatar\/c4d1cc16ef704da6329a105955d8e3fdfff70d0b410a11925b48bc2d9e9309e1?s=96&d=mm&r=g","url":"https:\/\/secure.gravatar.com\/avatar\/c4d1cc16ef704da6329a105955d8e3fdfff70d0b410a11925b48bc2d9e9309e1?s=96&d=mm&r=g","contentUrl":"https:\/\/secure.gravatar.com\/avatar\/c4d1cc16ef704da6329a105955d8e3fdfff70d0b410a11925b48bc2d9e9309e1?s=96&d=mm&r=g","caption":"admin5120"},"sameAs":["http:\/\/cpts-ouest-herault.fr"],"url":"https:\/\/cpts-ouest-herault.fr\/index.php\/author\/admin5120\/"}]}},"_links":{"self":[{"href":"https:\/\/cpts-ouest-herault.fr\/index.php\/wp-json\/wp\/v2\/posts\/356","targetHints":{"allow":["GET"]}}],"collection":[{"href":"https:\/\/cpts-ouest-herault.fr\/index.php\/wp-json\/wp\/v2\/posts"}],"about":[{"href":"https:\/\/cpts-ouest-herault.fr\/index.php\/wp-json\/wp\/v2\/types\/post"}],"author":[{"embeddable":true,"href":"https:\/\/cpts-ouest-herault.fr\/index.php\/wp-json\/wp\/v2\/users\/1"}],"replies":[{"embeddable":true,"href":"https:\/\/cpts-ouest-herault.fr\/index.php\/wp-json\/wp\/v2\/comments?post=356"}],"version-history":[{"count":0,"href":"https:\/\/cpts-ouest-herault.fr\/index.php\/wp-json\/wp\/v2\/posts\/356\/revisions"}],"wp:featuredmedia":[{"embeddable":true,"href":"https:\/\/cpts-ouest-herault.fr\/index.php\/wp-json\/wp\/v2\/media\/357"}],"wp:attachment":[{"href":"https:\/\/cpts-ouest-herault.fr\/index.php\/wp-json\/wp\/v2\/media?parent=356"}],"wp:term":[{"taxonomy":"category","embeddable":true,"href":"https:\/\/cpts-ouest-herault.fr\/index.php\/wp-json\/wp\/v2\/categories?post=356"},{"taxonomy":"post_tag","embeddable":true,"href":"https:\/\/cpts-ouest-herault.fr\/index.php\/wp-json\/wp\/v2\/tags?post=356"}],"curies":[{"name":"wp","href":"https:\/\/api.w.org\/{rel}","templated":true}]}}