{"id":362,"date":"2025-08-19T21:28:52","date_gmt":"2025-08-19T19:28:52","guid":{"rendered":"https:\/\/cpts-ouest-herault.fr\/?p=362"},"modified":"2025-11-19T16:18:13","modified_gmt":"2025-11-19T15:18:13","slug":"semaine-de-la-securite-des-patients-2025-mobilisons-nous-pour-la-securite-des-plus-jeunes","status":"publish","type":"post","link":"https:\/\/cpts-ouest-herault.fr\/index.php\/2025\/08\/19\/semaine-de-la-securite-des-patients-2025-mobilisons-nous-pour-la-securite-des-plus-jeunes\/","title":{"rendered":"Semaine de la S\u00e9curit\u00e9 des Patients 2025 : mobilisons-nous pour la s\u00e9curit\u00e9 des plus jeunes !"},"content":{"rendered":"\n<h2 class=\"wp-block-heading\">Th\u00e8me 2025 : \u00ab La s\u00e9curit\u00e9 des patients d\u00e8s le d\u00e9but de la vie \u00bb<\/h2>\n\n\n\n<p>\u00c0 l\u2019occasion de l\u2019\u00e9dition 2025 de la <strong>Semaine de la S\u00e9curit\u00e9 des Patients (SSP)<\/strong>, quatre acteurs r\u00e9gionaux de sant\u00e9 \u2014 <strong>le <a href=\"https:\/\/cpias-occitanie.fr\/\">CPIAS Occitanie<\/a><\/strong>, <strong>l\u2019<a href=\"https:\/\/omedit-mip.jimdofree.com\/\">OMEDIT Occitanie<\/a><\/strong>, <strong>le <a href=\"https:\/\/www.perinatalite-occitanie.fr\/\">R\u00e9seau P\u00e9rinatalit\u00e9 Occitanie<\/a> (RPO)<\/strong> et <strong>la <a href=\"https:\/\/www.sra-occitanie.fr\/\">SRA Occitanie<\/a><\/strong> \u2014 s\u2019unissent pour proposer une semaine d\u00e9di\u00e9e \u00e0 la <strong>s\u00e9curit\u00e9 des soins d\u00e8s la naissance<\/strong>.<\/p>\n\n\n\n<p><strong>Du 15 au 19 septembre 2025<\/strong>, une s\u00e9rie d\u2019\u00e9v\u00e9nements th\u00e9matiques est propos\u00e9e pour sensibiliser les professionnels de sant\u00e9, les usagers et les \u00e9tablissements \u00e0 l\u2019importance d\u2019un parcours s\u00e9curis\u00e9 pour les <strong>nouveau-n\u00e9s<\/strong>, les <strong>parturientes<\/strong> (femmes en travail) et les <strong>enfants<\/strong> d\u00e8s les premi\u00e8res \u00e9tapes de vie.<\/p>\n\n\n\n<h2 class=\"wp-block-heading\">Un programme riche et engag\u00e9<\/h2>\n\n\n\n<p>Chaque journ\u00e9e de la semaine abordera un <strong>enjeu cl\u00e9 de la s\u00e9curit\u00e9 des soins en p\u00e9rinatalit\u00e9<\/strong> :<\/p>\n\n\n\n<h4 class=\"wp-block-heading\"><strong>Lundi 15 septembre<\/strong><\/h4>\n\n\n\n<ul class=\"wp-block-list\">\n<li>\u00c0 la crois\u00e9e des risques : m\u00e8re, enfant, soignant<\/li>\n\n\n\n<li>Pr\u00e9sentation des nouveaux attendus de la certification V6 sur la prise en charge des parturientes<\/li>\n<\/ul>\n\n\n\n<h4 class=\"wp-block-heading\"><strong>Mardi 16 septembre<\/strong><\/h4>\n\n\n\n<ul class=\"wp-block-list\">\n<li>Bon usage du m\u00e9dicament, d\u00e8s le d\u00e9but, c\u2019est gagnant !<\/li>\n\n\n\n<li>Dans le labyrinthe de la vie : \u00e0 chaque \u00e9tape, prot\u00e9gez la sant\u00e9 de votre enfant<\/li>\n<\/ul>\n\n\n\n<h4 class=\"wp-block-heading\"><strong>Mercredi 17 septembre<\/strong><\/h4>\n\n\n\n<ul class=\"wp-block-list\">\n<li>S\u00e9curit\u00e9 des nouveau-n\u00e9s : enjeux de coordination en contexte obst\u00e9trical complexe<\/li>\n<\/ul>\n\n\n\n<h4 class=\"wp-block-heading\"><strong>Jeudi 18 septembre<\/strong><\/h4>\n\n\n\n<ul class=\"wp-block-list\">\n<li>D\u00e8s le berceau, l\u2019hygi\u00e8ne fait grandir en s\u00e9curit\u00e9 !<\/li>\n<\/ul>\n\n\n\n<h4 class=\"wp-block-heading\"><strong>Vendredi 19 septembre<\/strong><\/h4>\n\n\n\n<ul class=\"wp-block-list\">\n<li>Du risque \u00e0 la ma\u00eetrise : zoom sur les EIG (\u00c9v\u00e9nements Ind\u00e9sirables Graves) chez le nouveau-n\u00e9<\/li>\n\n\n\n<li>Retour d\u2019exp\u00e9rience (REX) de la Clinique Rive Gauche sur un parcours s\u00e9curis\u00e9<\/li>\n<\/ul>\n\n\n\n<h2 class=\"wp-block-heading\">Pourquoi participer ?<\/h2>\n\n\n\n<p><strong>Professionnels de sant\u00e9<\/strong>, cette semaine est une opportunit\u00e9 pour renforcer vos pratiques, partager vos exp\u00e9riences et mettre en \u0153uvre des actions concr\u00e8tes autour de la <strong>qualit\u00e9 et la s\u00e9curit\u00e9 des soins<\/strong> en maternit\u00e9, n\u00e9onatalogie et p\u00e9diatrie.<\/p>\n\n\n\n<p><strong>Usagers et patients<\/strong>, vous \u00eates \u00e9galement invit\u00e9s \u00e0 vous informer, vous sensibiliser et devenir acteurs de votre parcours de soin.<\/p>\n\n\n\n<hr class=\"wp-block-separator has-alpha-channel-opacity\"\/>\n\n\n\n<h3 class=\"wp-block-heading\"><strong>Participez activement !<\/strong><\/h3>\n\n\n\n<p><strong>Inscrivez-vous aux diff\u00e9rentes actions<\/strong> propos\u00e9es tout au long de la semaine via le lien d\u2019inscription officiel : https:\/\/www.sra-occitanie.fr\/evenements\/semaine-de-la-securite-des-patients<\/p>\n\n\n\n<p>Int\u00e9grez ces rendez-vous \u00e0 vos activit\u00e9s en \u00e9tablissements ou cabinets pour faire de cette <strong>Semaine de la S\u00e9curit\u00e9 des Patients<\/strong> un moment fort autour de la <strong>s\u00e9curit\u00e9 des plus jeunes<\/strong>.<\/p>\n\n\n\n<figure class=\"wp-block-image alignwide size-full\"><img loading=\"lazy\" decoding=\"async\" width=\"640\" height=\"194\" src=\"https:\/\/cpts-ouest-herault.fr\/wp-content\/uploads\/2025\/08\/image003-1.png\" alt=\"\" class=\"wp-image-364\" srcset=\"https:\/\/cpts-ouest-herault.fr\/wp-content\/uploads\/2025\/08\/image003-1.png 640w, https:\/\/cpts-ouest-herault.fr\/wp-content\/uploads\/2025\/08\/image003-1-300x91.png 300w\" sizes=\"auto, (max-width: 640px) 100vw, 640px\" \/><\/figure>\n","protected":false},"excerpt":{"rendered":"<p>\u00c0 l\u2019occasion de l\u2019\u00e9dition 2025 de la Semaine de la S\u00e9curit\u00e9 des Patients (SSP), quatre acteurs r\u00e9gionaux de sant\u00e9 \u2014 le CPIAS Occitanie, l\u2019OMEDIT Occitanie, le R\u00e9seau P\u00e9rinatalit\u00e9 Occitanie (RPO) et la SRA Occitanie \u2014 s\u2019unissent pour proposer une semaine d\u00e9di\u00e9e \u00e0 la s\u00e9curit\u00e9 des soins d\u00e8s la naissance.<\/p>\n","protected":false},"author":1,"featured_media":365,"comment_status":"closed","ping_status":"closed","sticky":false,"template":"","format":"standard","meta":{"site-sidebar-layout":"default","site-content-layout":"","ast-site-content-layout":"default","site-content-style":"default","site-sidebar-style":"default","ast-global-header-display":"","ast-banner-title-visibility":"","ast-main-header-display":"","ast-hfb-above-header-display":"","ast-hfb-below-header-display":"","ast-hfb-mobile-header-display":"","site-post-title":"","ast-breadcrumbs-content":"","ast-featured-img":"","footer-sml-layout":"","theme-transparent-header-meta":"","adv-header-id-meta":"","stick-header-meta":"","header-above-stick-meta":"","header-main-stick-meta":"","header-below-stick-meta":"","astra-migrate-meta-layouts":"default","ast-page-background-enabled":"default","ast-page-background-meta":{"desktop":{"background-color":"var(--ast-global-color-5)","background-image":"","background-repeat":"repeat","background-position":"center center","background-size":"auto","background-attachment":"scroll","background-type":"","background-media":"","overlay-type":"","overlay-color":"","overlay-opacity":"","overlay-gradient":""},"tablet":{"background-color":"","background-image":"","background-repeat":"repeat","background-position":"center center","background-size":"auto","background-attachment":"scroll","background-type":"","background-media":"","overlay-type":"","overlay-color":"","overlay-opacity":"","overlay-gradient":""},"mobile":{"background-color":"","background-image":"","background-repeat":"repeat","background-position":"center center","background-size":"auto","background-attachment":"scroll","background-type":"","background-media":"","overlay-type":"","overlay-color":"","overlay-opacity":"","overlay-gradient":""}},"ast-content-background-meta":{"desktop":{"background-color":"var(--ast-global-color-4)","background-image":"","background-repeat":"repeat","background-position":"center center","background-size":"auto","background-attachment":"scroll","background-type":"","background-media":"","overlay-type":"","overlay-color":"","overlay-opacity":"","overlay-gradient":""},"tablet":{"background-color":"var(--ast-global-color-4)","background-image":"","background-repeat":"repeat","background-position":"center center","background-size":"auto","background-attachment":"scroll","background-type":"","background-media":"","overlay-type":"","overlay-color":"","overlay-opacity":"","overlay-gradient":""},"mobile":{"background-color":"var(--ast-global-color-4)","background-image":"","background-repeat":"repeat","background-position":"center center","background-size":"auto","background-attachment":"scroll","background-type":"","background-media":"","overlay-type":"","overlay-color":"","overlay-opacity":"","overlay-gradient":""}},"footnotes":""},"categories":[39],"tags":[],"class_list":["post-362","post","type-post","status-publish","format-standard","has-post-thumbnail","hentry","category-national"],"yoast_head":"<!-- This site is optimized with the Yoast SEO plugin v27.4 - https:\/\/yoast.com\/product\/yoast-seo-wordpress\/ -->\n<title>Semaine de la S\u00e9curit\u00e9 des Patients 2025 : mobilisons-nous pour la s\u00e9curit\u00e9 des plus jeunes ! - CPTS Ouest H\u00e9rault<\/title>\n<meta name=\"description\" content=\"Participez \u00e0 la Semaine de la S\u00e9curit\u00e9 des Patients 2025 en Occitanie ! Du 15 au 19 septembre, une s\u00e9rie de rendez-vous autour de la s\u00e9curit\u00e9 des soins en p\u00e9rinatalit\u00e9 et p\u00e9diatrie.\" \/>\n<meta name=\"robots\" content=\"index, follow, max-snippet:-1, max-image-preview:large, max-video-preview:-1\" \/>\n<link rel=\"canonical\" href=\"https:\/\/cpts-ouest-herault.fr\/index.php\/2025\/08\/19\/semaine-de-la-securite-des-patients-2025-mobilisons-nous-pour-la-securite-des-plus-jeunes\/\" \/>\n<meta property=\"og:locale\" content=\"fr_FR\" \/>\n<meta property=\"og:type\" content=\"article\" \/>\n<meta property=\"og:title\" content=\"Semaine de la S\u00e9curit\u00e9 des Patients 2025 : mobilisons-nous pour la s\u00e9curit\u00e9 des plus jeunes ! - CPTS Ouest H\u00e9rault\" \/>\n<meta property=\"og:description\" content=\"Participez \u00e0 la Semaine de la S\u00e9curit\u00e9 des Patients 2025 en Occitanie ! Du 15 au 19 septembre, une s\u00e9rie de rendez-vous autour de la s\u00e9curit\u00e9 des soins en p\u00e9rinatalit\u00e9 et p\u00e9diatrie.\" \/>\n<meta property=\"og:url\" content=\"https:\/\/cpts-ouest-herault.fr\/index.php\/2025\/08\/19\/semaine-de-la-securite-des-patients-2025-mobilisons-nous-pour-la-securite-des-plus-jeunes\/\" \/>\n<meta property=\"og:site_name\" content=\"CPTS Ouest H\u00e9rault\" \/>\n<meta property=\"article:published_time\" content=\"2025-08-19T19:28:52+00:00\" \/>\n<meta property=\"article:modified_time\" content=\"2025-11-19T15:18:13+00:00\" \/>\n<meta property=\"og:image\" content=\"http:\/\/cpts-ouest-herault.fr\/wp-content\/uploads\/2025\/08\/Capture-decran-2025-08-19-212755.png\" \/>\n\t<meta property=\"og:image:width\" content=\"268\" \/>\n\t<meta property=\"og:image:height\" content=\"239\" \/>\n\t<meta property=\"og:image:type\" content=\"image\/png\" \/>\n<meta name=\"author\" content=\"admin5120\" \/>\n<meta name=\"twitter:card\" content=\"summary_large_image\" \/>\n<meta name=\"twitter:label1\" content=\"\u00c9crit par\" \/>\n\t<meta name=\"twitter:data1\" content=\"admin5120\" \/>\n\t<meta name=\"twitter:label2\" content=\"Dur\u00e9e de lecture estim\u00e9e\" \/>\n\t<meta name=\"twitter:data2\" content=\"3 minutes\" \/>\n<script type=\"application\/ld+json\" class=\"yoast-schema-graph\">{\"@context\":\"https:\\\/\\\/schema.org\",\"@graph\":[{\"@type\":\"Article\",\"@id\":\"https:\\\/\\\/cpts-ouest-herault.fr\\\/index.php\\\/2025\\\/08\\\/19\\\/semaine-de-la-securite-des-patients-2025-mobilisons-nous-pour-la-securite-des-plus-jeunes\\\/#article\",\"isPartOf\":{\"@id\":\"https:\\\/\\\/cpts-ouest-herault.fr\\\/index.php\\\/2025\\\/08\\\/19\\\/semaine-de-la-securite-des-patients-2025-mobilisons-nous-pour-la-securite-des-plus-jeunes\\\/\"},\"author\":{\"name\":\"admin5120\",\"@id\":\"https:\\\/\\\/cpts-ouest-herault.fr\\\/#\\\/schema\\\/person\\\/e2ec38d33992d51933b7be4c23745642\"},\"headline\":\"Semaine de la S\u00e9curit\u00e9 des Patients 2025 : mobilisons-nous pour la s\u00e9curit\u00e9 des plus jeunes !\",\"datePublished\":\"2025-08-19T19:28:52+00:00\",\"dateModified\":\"2025-11-19T15:18:13+00:00\",\"mainEntityOfPage\":{\"@id\":\"https:\\\/\\\/cpts-ouest-herault.fr\\\/index.php\\\/2025\\\/08\\\/19\\\/semaine-de-la-securite-des-patients-2025-mobilisons-nous-pour-la-securite-des-plus-jeunes\\\/\"},\"wordCount\":405,\"publisher\":{\"@id\":\"https:\\\/\\\/cpts-ouest-herault.fr\\\/#organization\"},\"image\":{\"@id\":\"https:\\\/\\\/cpts-ouest-herault.fr\\\/index.php\\\/2025\\\/08\\\/19\\\/semaine-de-la-securite-des-patients-2025-mobilisons-nous-pour-la-securite-des-plus-jeunes\\\/#primaryimage\"},\"thumbnailUrl\":\"https:\\\/\\\/cpts-ouest-herault.fr\\\/wp-content\\\/uploads\\\/2025\\\/08\\\/Capture-decran-2025-08-19-212755.png\",\"articleSection\":[\"Actualit\u00e9s r\u00e9gionales et nationales\"],\"inLanguage\":\"fr-FR\"},{\"@type\":\"WebPage\",\"@id\":\"https:\\\/\\\/cpts-ouest-herault.fr\\\/index.php\\\/2025\\\/08\\\/19\\\/semaine-de-la-securite-des-patients-2025-mobilisons-nous-pour-la-securite-des-plus-jeunes\\\/\",\"url\":\"https:\\\/\\\/cpts-ouest-herault.fr\\\/index.php\\\/2025\\\/08\\\/19\\\/semaine-de-la-securite-des-patients-2025-mobilisons-nous-pour-la-securite-des-plus-jeunes\\\/\",\"name\":\"Semaine de la S\u00e9curit\u00e9 des Patients 2025 : mobilisons-nous pour la s\u00e9curit\u00e9 des plus jeunes ! - CPTS Ouest H\u00e9rault\",\"isPartOf\":{\"@id\":\"https:\\\/\\\/cpts-ouest-herault.fr\\\/#website\"},\"primaryImageOfPage\":{\"@id\":\"https:\\\/\\\/cpts-ouest-herault.fr\\\/index.php\\\/2025\\\/08\\\/19\\\/semaine-de-la-securite-des-patients-2025-mobilisons-nous-pour-la-securite-des-plus-jeunes\\\/#primaryimage\"},\"image\":{\"@id\":\"https:\\\/\\\/cpts-ouest-herault.fr\\\/index.php\\\/2025\\\/08\\\/19\\\/semaine-de-la-securite-des-patients-2025-mobilisons-nous-pour-la-securite-des-plus-jeunes\\\/#primaryimage\"},\"thumbnailUrl\":\"https:\\\/\\\/cpts-ouest-herault.fr\\\/wp-content\\\/uploads\\\/2025\\\/08\\\/Capture-decran-2025-08-19-212755.png\",\"datePublished\":\"2025-08-19T19:28:52+00:00\",\"dateModified\":\"2025-11-19T15:18:13+00:00\",\"description\":\"Participez \u00e0 la Semaine de la S\u00e9curit\u00e9 des Patients 2025 en Occitanie ! Du 15 au 19 septembre, une s\u00e9rie de rendez-vous autour de la s\u00e9curit\u00e9 des soins en p\u00e9rinatalit\u00e9 et p\u00e9diatrie.\",\"breadcrumb\":{\"@id\":\"https:\\\/\\\/cpts-ouest-herault.fr\\\/index.php\\\/2025\\\/08\\\/19\\\/semaine-de-la-securite-des-patients-2025-mobilisons-nous-pour-la-securite-des-plus-jeunes\\\/#breadcrumb\"},\"inLanguage\":\"fr-FR\",\"potentialAction\":[{\"@type\":\"ReadAction\",\"target\":[\"https:\\\/\\\/cpts-ouest-herault.fr\\\/index.php\\\/2025\\\/08\\\/19\\\/semaine-de-la-securite-des-patients-2025-mobilisons-nous-pour-la-securite-des-plus-jeunes\\\/\"]}]},{\"@type\":\"ImageObject\",\"inLanguage\":\"fr-FR\",\"@id\":\"https:\\\/\\\/cpts-ouest-herault.fr\\\/index.php\\\/2025\\\/08\\\/19\\\/semaine-de-la-securite-des-patients-2025-mobilisons-nous-pour-la-securite-des-plus-jeunes\\\/#primaryimage\",\"url\":\"https:\\\/\\\/cpts-ouest-herault.fr\\\/wp-content\\\/uploads\\\/2025\\\/08\\\/Capture-decran-2025-08-19-212755.png\",\"contentUrl\":\"https:\\\/\\\/cpts-ouest-herault.fr\\\/wp-content\\\/uploads\\\/2025\\\/08\\\/Capture-decran-2025-08-19-212755.png\",\"width\":268,\"height\":239},{\"@type\":\"BreadcrumbList\",\"@id\":\"https:\\\/\\\/cpts-ouest-herault.fr\\\/index.php\\\/2025\\\/08\\\/19\\\/semaine-de-la-securite-des-patients-2025-mobilisons-nous-pour-la-securite-des-plus-jeunes\\\/#breadcrumb\",\"itemListElement\":[{\"@type\":\"ListItem\",\"position\":1,\"name\":\"Accueil\",\"item\":\"https:\\\/\\\/cpts-ouest-herault.fr\\\/\"},{\"@type\":\"ListItem\",\"position\":2,\"name\":\"Semaine de la S\u00e9curit\u00e9 des Patients 2025 : mobilisons-nous pour la s\u00e9curit\u00e9 des plus jeunes !\"}]},{\"@type\":\"WebSite\",\"@id\":\"https:\\\/\\\/cpts-ouest-herault.fr\\\/#website\",\"url\":\"https:\\\/\\\/cpts-ouest-herault.fr\\\/\",\"name\":\"CPTS Ouest H\u00e9rault\",\"description\":\"\",\"publisher\":{\"@id\":\"https:\\\/\\\/cpts-ouest-herault.fr\\\/#organization\"},\"potentialAction\":[{\"@type\":\"SearchAction\",\"target\":{\"@type\":\"EntryPoint\",\"urlTemplate\":\"https:\\\/\\\/cpts-ouest-herault.fr\\\/?s={search_term_string}\"},\"query-input\":{\"@type\":\"PropertyValueSpecification\",\"valueRequired\":true,\"valueName\":\"search_term_string\"}}],\"inLanguage\":\"fr-FR\"},{\"@type\":\"Organization\",\"@id\":\"https:\\\/\\\/cpts-ouest-herault.fr\\\/#organization\",\"name\":\"CPTS Ouest H\u00e9rault\",\"url\":\"https:\\\/\\\/cpts-ouest-herault.fr\\\/\",\"logo\":{\"@type\":\"ImageObject\",\"inLanguage\":\"fr-FR\",\"@id\":\"https:\\\/\\\/cpts-ouest-herault.fr\\\/#\\\/schema\\\/logo\\\/image\\\/\",\"url\":\"https:\\\/\\\/cpts-ouest-herault.fr\\\/wp-content\\\/uploads\\\/2025\\\/03\\\/cropped-Logo-CPTS-Modifie.png\",\"contentUrl\":\"https:\\\/\\\/cpts-ouest-herault.fr\\\/wp-content\\\/uploads\\\/2025\\\/03\\\/cropped-Logo-CPTS-Modifie.png\",\"width\":175,\"height\":134,\"caption\":\"CPTS Ouest H\u00e9rault\"},\"image\":{\"@id\":\"https:\\\/\\\/cpts-ouest-herault.fr\\\/#\\\/schema\\\/logo\\\/image\\\/\"},\"sameAs\":[\"https:\\\/\\\/www.linkedin.com\\\/company\\\/cpts-ouest-herault\"]},{\"@type\":\"Person\",\"@id\":\"https:\\\/\\\/cpts-ouest-herault.fr\\\/#\\\/schema\\\/person\\\/e2ec38d33992d51933b7be4c23745642\",\"name\":\"admin5120\",\"image\":{\"@type\":\"ImageObject\",\"inLanguage\":\"fr-FR\",\"@id\":\"https:\\\/\\\/secure.gravatar.com\\\/avatar\\\/c4d1cc16ef704da6329a105955d8e3fdfff70d0b410a11925b48bc2d9e9309e1?s=96&d=mm&r=g\",\"url\":\"https:\\\/\\\/secure.gravatar.com\\\/avatar\\\/c4d1cc16ef704da6329a105955d8e3fdfff70d0b410a11925b48bc2d9e9309e1?s=96&d=mm&r=g\",\"contentUrl\":\"https:\\\/\\\/secure.gravatar.com\\\/avatar\\\/c4d1cc16ef704da6329a105955d8e3fdfff70d0b410a11925b48bc2d9e9309e1?s=96&d=mm&r=g\",\"caption\":\"admin5120\"},\"sameAs\":[\"http:\\\/\\\/cpts-ouest-herault.fr\"],\"url\":\"https:\\\/\\\/cpts-ouest-herault.fr\\\/index.php\\\/author\\\/admin5120\\\/\"}]}<\/script>\n<!-- \/ Yoast SEO plugin. -->","yoast_head_json":{"title":"Semaine de la S\u00e9curit\u00e9 des Patients 2025 : mobilisons-nous pour la s\u00e9curit\u00e9 des plus jeunes ! - CPTS Ouest H\u00e9rault","description":"Participez \u00e0 la Semaine de la S\u00e9curit\u00e9 des Patients 2025 en Occitanie ! Du 15 au 19 septembre, une s\u00e9rie de rendez-vous autour de la s\u00e9curit\u00e9 des soins en p\u00e9rinatalit\u00e9 et p\u00e9diatrie.","robots":{"index":"index","follow":"follow","max-snippet":"max-snippet:-1","max-image-preview":"max-image-preview:large","max-video-preview":"max-video-preview:-1"},"canonical":"https:\/\/cpts-ouest-herault.fr\/index.php\/2025\/08\/19\/semaine-de-la-securite-des-patients-2025-mobilisons-nous-pour-la-securite-des-plus-jeunes\/","og_locale":"fr_FR","og_type":"article","og_title":"Semaine de la S\u00e9curit\u00e9 des Patients 2025 : mobilisons-nous pour la s\u00e9curit\u00e9 des plus jeunes ! - CPTS Ouest H\u00e9rault","og_description":"Participez \u00e0 la Semaine de la S\u00e9curit\u00e9 des Patients 2025 en Occitanie ! Du 15 au 19 septembre, une s\u00e9rie de rendez-vous autour de la s\u00e9curit\u00e9 des soins en p\u00e9rinatalit\u00e9 et p\u00e9diatrie.","og_url":"https:\/\/cpts-ouest-herault.fr\/index.php\/2025\/08\/19\/semaine-de-la-securite-des-patients-2025-mobilisons-nous-pour-la-securite-des-plus-jeunes\/","og_site_name":"CPTS Ouest H\u00e9rault","article_published_time":"2025-08-19T19:28:52+00:00","article_modified_time":"2025-11-19T15:18:13+00:00","og_image":[{"width":268,"height":239,"url":"http:\/\/cpts-ouest-herault.fr\/wp-content\/uploads\/2025\/08\/Capture-decran-2025-08-19-212755.png","type":"image\/png"}],"author":"admin5120","twitter_card":"summary_large_image","twitter_misc":{"\u00c9crit par":"admin5120","Dur\u00e9e de lecture estim\u00e9e":"3 minutes"},"schema":{"@context":"https:\/\/schema.org","@graph":[{"@type":"Article","@id":"https:\/\/cpts-ouest-herault.fr\/index.php\/2025\/08\/19\/semaine-de-la-securite-des-patients-2025-mobilisons-nous-pour-la-securite-des-plus-jeunes\/#article","isPartOf":{"@id":"https:\/\/cpts-ouest-herault.fr\/index.php\/2025\/08\/19\/semaine-de-la-securite-des-patients-2025-mobilisons-nous-pour-la-securite-des-plus-jeunes\/"},"author":{"name":"admin5120","@id":"https:\/\/cpts-ouest-herault.fr\/#\/schema\/person\/e2ec38d33992d51933b7be4c23745642"},"headline":"Semaine de la S\u00e9curit\u00e9 des Patients 2025 : mobilisons-nous pour la s\u00e9curit\u00e9 des plus jeunes !","datePublished":"2025-08-19T19:28:52+00:00","dateModified":"2025-11-19T15:18:13+00:00","mainEntityOfPage":{"@id":"https:\/\/cpts-ouest-herault.fr\/index.php\/2025\/08\/19\/semaine-de-la-securite-des-patients-2025-mobilisons-nous-pour-la-securite-des-plus-jeunes\/"},"wordCount":405,"publisher":{"@id":"https:\/\/cpts-ouest-herault.fr\/#organization"},"image":{"@id":"https:\/\/cpts-ouest-herault.fr\/index.php\/2025\/08\/19\/semaine-de-la-securite-des-patients-2025-mobilisons-nous-pour-la-securite-des-plus-jeunes\/#primaryimage"},"thumbnailUrl":"https:\/\/cpts-ouest-herault.fr\/wp-content\/uploads\/2025\/08\/Capture-decran-2025-08-19-212755.png","articleSection":["Actualit\u00e9s r\u00e9gionales et nationales"],"inLanguage":"fr-FR"},{"@type":"WebPage","@id":"https:\/\/cpts-ouest-herault.fr\/index.php\/2025\/08\/19\/semaine-de-la-securite-des-patients-2025-mobilisons-nous-pour-la-securite-des-plus-jeunes\/","url":"https:\/\/cpts-ouest-herault.fr\/index.php\/2025\/08\/19\/semaine-de-la-securite-des-patients-2025-mobilisons-nous-pour-la-securite-des-plus-jeunes\/","name":"Semaine de la S\u00e9curit\u00e9 des Patients 2025 : mobilisons-nous pour la s\u00e9curit\u00e9 des plus jeunes ! - CPTS Ouest H\u00e9rault","isPartOf":{"@id":"https:\/\/cpts-ouest-herault.fr\/#website"},"primaryImageOfPage":{"@id":"https:\/\/cpts-ouest-herault.fr\/index.php\/2025\/08\/19\/semaine-de-la-securite-des-patients-2025-mobilisons-nous-pour-la-securite-des-plus-jeunes\/#primaryimage"},"image":{"@id":"https:\/\/cpts-ouest-herault.fr\/index.php\/2025\/08\/19\/semaine-de-la-securite-des-patients-2025-mobilisons-nous-pour-la-securite-des-plus-jeunes\/#primaryimage"},"thumbnailUrl":"https:\/\/cpts-ouest-herault.fr\/wp-content\/uploads\/2025\/08\/Capture-decran-2025-08-19-212755.png","datePublished":"2025-08-19T19:28:52+00:00","dateModified":"2025-11-19T15:18:13+00:00","description":"Participez \u00e0 la Semaine de la S\u00e9curit\u00e9 des Patients 2025 en Occitanie ! Du 15 au 19 septembre, une s\u00e9rie de rendez-vous autour de la s\u00e9curit\u00e9 des soins en p\u00e9rinatalit\u00e9 et p\u00e9diatrie.","breadcrumb":{"@id":"https:\/\/cpts-ouest-herault.fr\/index.php\/2025\/08\/19\/semaine-de-la-securite-des-patients-2025-mobilisons-nous-pour-la-securite-des-plus-jeunes\/#breadcrumb"},"inLanguage":"fr-FR","potentialAction":[{"@type":"ReadAction","target":["https:\/\/cpts-ouest-herault.fr\/index.php\/2025\/08\/19\/semaine-de-la-securite-des-patients-2025-mobilisons-nous-pour-la-securite-des-plus-jeunes\/"]}]},{"@type":"ImageObject","inLanguage":"fr-FR","@id":"https:\/\/cpts-ouest-herault.fr\/index.php\/2025\/08\/19\/semaine-de-la-securite-des-patients-2025-mobilisons-nous-pour-la-securite-des-plus-jeunes\/#primaryimage","url":"https:\/\/cpts-ouest-herault.fr\/wp-content\/uploads\/2025\/08\/Capture-decran-2025-08-19-212755.png","contentUrl":"https:\/\/cpts-ouest-herault.fr\/wp-content\/uploads\/2025\/08\/Capture-decran-2025-08-19-212755.png","width":268,"height":239},{"@type":"BreadcrumbList","@id":"https:\/\/cpts-ouest-herault.fr\/index.php\/2025\/08\/19\/semaine-de-la-securite-des-patients-2025-mobilisons-nous-pour-la-securite-des-plus-jeunes\/#breadcrumb","itemListElement":[{"@type":"ListItem","position":1,"name":"Accueil","item":"https:\/\/cpts-ouest-herault.fr\/"},{"@type":"ListItem","position":2,"name":"Semaine de la S\u00e9curit\u00e9 des Patients 2025 : mobilisons-nous pour la s\u00e9curit\u00e9 des plus jeunes !"}]},{"@type":"WebSite","@id":"https:\/\/cpts-ouest-herault.fr\/#website","url":"https:\/\/cpts-ouest-herault.fr\/","name":"CPTS Ouest H\u00e9rault","description":"","publisher":{"@id":"https:\/\/cpts-ouest-herault.fr\/#organization"},"potentialAction":[{"@type":"SearchAction","target":{"@type":"EntryPoint","urlTemplate":"https:\/\/cpts-ouest-herault.fr\/?s={search_term_string}"},"query-input":{"@type":"PropertyValueSpecification","valueRequired":true,"valueName":"search_term_string"}}],"inLanguage":"fr-FR"},{"@type":"Organization","@id":"https:\/\/cpts-ouest-herault.fr\/#organization","name":"CPTS Ouest H\u00e9rault","url":"https:\/\/cpts-ouest-herault.fr\/","logo":{"@type":"ImageObject","inLanguage":"fr-FR","@id":"https:\/\/cpts-ouest-herault.fr\/#\/schema\/logo\/image\/","url":"https:\/\/cpts-ouest-herault.fr\/wp-content\/uploads\/2025\/03\/cropped-Logo-CPTS-Modifie.png","contentUrl":"https:\/\/cpts-ouest-herault.fr\/wp-content\/uploads\/2025\/03\/cropped-Logo-CPTS-Modifie.png","width":175,"height":134,"caption":"CPTS Ouest H\u00e9rault"},"image":{"@id":"https:\/\/cpts-ouest-herault.fr\/#\/schema\/logo\/image\/"},"sameAs":["https:\/\/www.linkedin.com\/company\/cpts-ouest-herault"]},{"@type":"Person","@id":"https:\/\/cpts-ouest-herault.fr\/#\/schema\/person\/e2ec38d33992d51933b7be4c23745642","name":"admin5120","image":{"@type":"ImageObject","inLanguage":"fr-FR","@id":"https:\/\/secure.gravatar.com\/avatar\/c4d1cc16ef704da6329a105955d8e3fdfff70d0b410a11925b48bc2d9e9309e1?s=96&d=mm&r=g","url":"https:\/\/secure.gravatar.com\/avatar\/c4d1cc16ef704da6329a105955d8e3fdfff70d0b410a11925b48bc2d9e9309e1?s=96&d=mm&r=g","contentUrl":"https:\/\/secure.gravatar.com\/avatar\/c4d1cc16ef704da6329a105955d8e3fdfff70d0b410a11925b48bc2d9e9309e1?s=96&d=mm&r=g","caption":"admin5120"},"sameAs":["http:\/\/cpts-ouest-herault.fr"],"url":"https:\/\/cpts-ouest-herault.fr\/index.php\/author\/admin5120\/"}]}},"_links":{"self":[{"href":"https:\/\/cpts-ouest-herault.fr\/index.php\/wp-json\/wp\/v2\/posts\/362","targetHints":{"allow":["GET"]}}],"collection":[{"href":"https:\/\/cpts-ouest-herault.fr\/index.php\/wp-json\/wp\/v2\/posts"}],"about":[{"href":"https:\/\/cpts-ouest-herault.fr\/index.php\/wp-json\/wp\/v2\/types\/post"}],"author":[{"embeddable":true,"href":"https:\/\/cpts-ouest-herault.fr\/index.php\/wp-json\/wp\/v2\/users\/1"}],"replies":[{"embeddable":true,"href":"https:\/\/cpts-ouest-herault.fr\/index.php\/wp-json\/wp\/v2\/comments?post=362"}],"version-history":[{"count":0,"href":"https:\/\/cpts-ouest-herault.fr\/index.php\/wp-json\/wp\/v2\/posts\/362\/revisions"}],"wp:featuredmedia":[{"embeddable":true,"href":"https:\/\/cpts-ouest-herault.fr\/index.php\/wp-json\/wp\/v2\/media\/365"}],"wp:attachment":[{"href":"https:\/\/cpts-ouest-herault.fr\/index.php\/wp-json\/wp\/v2\/media?parent=362"}],"wp:term":[{"taxonomy":"category","embeddable":true,"href":"https:\/\/cpts-ouest-herault.fr\/index.php\/wp-json\/wp\/v2\/categories?post=362"},{"taxonomy":"post_tag","embeddable":true,"href":"https:\/\/cpts-ouest-herault.fr\/index.php\/wp-json\/wp\/v2\/tags?post=362"}],"curies":[{"name":"wp","href":"https:\/\/api.w.org\/{rel}","templated":true}]}}