{"id":372,"date":"2025-08-27T12:31:42","date_gmt":"2025-08-27T10:31:42","guid":{"rendered":"https:\/\/cpts-ouest-herault.fr\/?p=372"},"modified":"2025-11-19T16:17:17","modified_gmt":"2025-11-19T15:17:17","slug":"prendre-soin-de-ceux-qui-soignent-la-cpts-ouest-herault-sengage-aux-cotes-de-lassociation-sps","status":"publish","type":"post","link":"https:\/\/cpts-ouest-herault.fr\/index.php\/2025\/08\/27\/prendre-soin-de-ceux-qui-soignent-la-cpts-ouest-herault-sengage-aux-cotes-de-lassociation-sps\/","title":{"rendered":"Prendre soin de ceux qui soignent : la CPTS Ouest H\u00e9rault s&#8217;engage aux c\u00f4t\u00e9s de l&#8217;association SPS"},"content":{"rendered":"\n<p>Chers professionnels de sant\u00e9,<\/p>\n\n\n\n<p>Notre vie professionnelle est parfois compliqu\u00e9e, surcharg\u00e9e, entour\u00e9e de patients pas toujours aimables, voire agressifs&nbsp;!<\/p>\n\n\n\n<p>Face \u00e0 nos difficult\u00e9s, nous avons parfois du mal \u00e0 nous exprimer, \u00e0 partager nos ressentis et nos angoisses. De nombreux professionnels sont agress\u00e9s physiquement, moralement par des patients, par des familles de patients, \u00e0 domicile, au sein de leur cabinet\u2026<\/p>\n\n\n\n<p>Ces situations rendent notre exercice encore plus difficile et ont tendance \u00e0 nous laisser glisser vers un burn-out.<\/p>\n\n\n\n<p>La loi du 25 juin 2025 a permis de faciliter les d\u00e9p\u00f4ts de plaintes et a aggrav\u00e9 les peines encourues par ces agresseurs.<\/p>\n\n\n\n<p>La CPTS Ouest H\u00e9rault a souhait\u00e9 devenir partenaire de l\u2019association SPS (soins aux professionnels de sant\u00e9) afin que chaque professionnel de sant\u00e9 adh\u00e9rent \u00e0 la CPTS puisse avoir acc\u00e8s au site, \u00e0 l\u2019\u00e9coute de professionnel, et une r\u00e9ponse \u00e0 de nombreuses interrogations.<\/p>\n\n\n\n<p>Les identifiants qui vous permettront d\u2019acc\u00e9der au site de la Maison des Professionnels de sant\u00e9, afin de se sentir moins seul dans les difficult\u00e9s, seront diffus\u00e9s aux adh\u00e9rents sur Plexus.<\/p>\n\n\n\n<p>Bonne lecture<\/p>\n\n\n\n<p>Dr Laurence Safont, Pr\u00e9sidente <\/p>\n\n\n\n<h2 class=\"wp-block-heading\">Un partenariat pour soutenir les professionnels de sant\u00e9 en souffrance<\/h2>\n\n\n\n<p>Face \u00e0 la charge mentale, aux agressions (verbales ou physiques), \u00e0 la fatigue chronique et aux difficult\u00e9s du quotidien, <strong>la sant\u00e9 mentale des professionnels de sant\u00e9<\/strong> est plus que jamais un enjeu crucial. Burn-out, \u00e9puisement, isolement\u2026 Ces r\u00e9alit\u00e9s invisibles p\u00e8sent lourdement sur les soignants, souvent contraints de &#8220;tenir bon&#8221; sans soutien suffisant.<\/p>\n\n\n\n<p>Pour r\u00e9pondre \u00e0 cette urgence, <strong>la CPTS Ouest H\u00e9rault a sign\u00e9 une convention de partenariat avec l\u2019association SPS \u2013 Soins aux Professionnels de Sant\u00e9<\/strong>, reconnue d\u2019int\u00e9r\u00eat g\u00e9n\u00e9ral et sp\u00e9cialis\u00e9e dans la pr\u00e9vention et l\u2019accompagnement des professionnels de sant\u00e9 en souffrance.<\/p>\n\n\n\n<h2 class=\"wp-block-heading\">Un acc\u00e8s \u00e9largi aux ressources SPS pour tous les adh\u00e9rents<\/h2>\n\n\n\n<p>Gr\u00e2ce \u00e0 ce partenariat, <strong>tous les professionnels de sant\u00e9 adh\u00e9rents \u00e0 la CPTS Ouest H\u00e9rault<\/strong> b\u00e9n\u00e9ficieront d\u2019un acc\u00e8s privil\u00e9gi\u00e9 aux dispositifs SPS, notamment via la <strong>Maison des professionnels de sant\u00e9<\/strong> (plateforme en ligne d\u00e9di\u00e9e), accessible sur <a href=\"https:\/\/www.asso-sps.fr\/\">www.asso-sps.fr<\/a>.<\/p>\n\n\n\n<p>Les identifiants d\u2019acc\u00e8s seront transmis prochainement via <strong>Plexus<\/strong>, espace de travail de la CPTS.<\/p>\n\n\n\n<p>Les services propos\u00e9s incluent :<\/p>\n\n\n\n<ul class=\"wp-block-list\">\n<li><strong>Un num\u00e9ro vert 0 805 23 23 36<\/strong> : \u00e9coute 7j\/7, 24h\/24, assur\u00e9e par des psychologues sp\u00e9cialis\u00e9s.<\/li>\n\n\n\n<li><strong>Des consultations psychologiques prises en charge<\/strong> (jusqu\u2019\u00e0 50\u20ac pour les deux premi\u00e8res s\u00e9ances).<\/li>\n\n\n\n<li><strong>Un r\u00e9seau national de professionnels de sant\u00e9 mentale<\/strong> form\u00e9s aux risques psychosociaux.<\/li>\n\n\n\n<li><strong>Des groupes de parole, formations, ateliers de pr\u00e9vention<\/strong> (JADES \/ eJADES).<\/li>\n\n\n\n<li><strong>Des fiches pratiques, des autotests bien-\u00eatre<\/strong>, et des outils pour \u00e9valuer et pr\u00e9venir l&#8217;\u00e9puisement professionnel.<\/li>\n<\/ul>\n\n\n\n<h2 class=\"wp-block-heading\">Une convention au service du mieux-\u00eatre des soignants<\/h2>\n\n\n\n<p>Ce partenariat s\u2019inscrit dans la mission optionnelle des CPTS : <strong>&#8220;accompagner les professionnels de sant\u00e9 sur le territoire&#8221;<\/strong>.<\/p>\n\n\n\n<p>\u00c0 travers cette collaboration, la CPTS Ouest H\u00e9rault souhaite :<\/p>\n\n\n\n<ul class=\"wp-block-list\">\n<li>Favoriser la <strong>pr\u00e9vention des risques psychosociaux (RPS)<\/strong><\/li>\n\n\n\n<li>Encourager les soignants \u00e0 <strong>prendre soin de leur propre sant\u00e9<\/strong><\/li>\n\n\n\n<li>Briser l\u2019isolement et offrir <strong>un espace d\u2019\u00e9coute et de ressources<\/strong><\/li>\n\n\n\n<li><strong>Sensibiliser et former<\/strong> autour du bien-\u00eatre au travail<\/li>\n<\/ul>\n\n\n\n<p><strong>\ud83d\udce5 En savoir plus<\/strong><\/p>\n\n\n\n<p>Consultez la <a href=\"https:\/\/www.asso-sps.fr\/\">fiche des services SPS 2025 (PDF)<\/a><br>Acc\u00e9dez \u00e0 toutes les ressources sur <a href=\"https:\/\/www.asso-sps.fr\">www.asso-sps.fr<\/a><\/p>\n\n\n\n<p><em>\u00ab Il est temps de prendre soin de ceux qui prennent soin des autres. Ce partenariat est une \u00e9tape importante vers une meilleure reconnaissance et un meilleur accompagnement des professionnels de sant\u00e9 du territoire. \u00bb<\/em><\/p>\n","protected":false},"excerpt":{"rendered":"<p>Face \u00e0 la charge mentale, aux agressions (verbales ou physiques), \u00e0 la fatigue chronique et aux difficult\u00e9s du quotidien, la sant\u00e9 mentale des professionnels de sant\u00e9 est plus que jamais un enjeu crucial. Burn-out, \u00e9puisement, isolement\u2026 Ces r\u00e9alit\u00e9s invisibles p\u00e8sent lourdement sur les soignants, souvent contraints de &#8220;tenir bon&#8221; sans soutien suffisant.<\/p>\n","protected":false},"author":1,"featured_media":373,"comment_status":"closed","ping_status":"closed","sticky":false,"template":"","format":"standard","meta":{"site-sidebar-layout":"default","site-content-layout":"","ast-site-content-layout":"default","site-content-style":"default","site-sidebar-style":"default","ast-global-header-display":"","ast-banner-title-visibility":"","ast-main-header-display":"","ast-hfb-above-header-display":"","ast-hfb-below-header-display":"","ast-hfb-mobile-header-display":"","site-post-title":"","ast-breadcrumbs-content":"","ast-featured-img":"","footer-sml-layout":"","theme-transparent-header-meta":"","adv-header-id-meta":"","stick-header-meta":"","header-above-stick-meta":"","header-main-stick-meta":"","header-below-stick-meta":"","astra-migrate-meta-layouts":"default","ast-page-background-enabled":"default","ast-page-background-meta":{"desktop":{"background-color":"var(--ast-global-color-5)","background-image":"","background-repeat":"repeat","background-position":"center center","background-size":"auto","background-attachment":"scroll","background-type":"","background-media":"","overlay-type":"","overlay-color":"","overlay-opacity":"","overlay-gradient":""},"tablet":{"background-color":"","background-image":"","background-repeat":"repeat","background-position":"center center","background-size":"auto","background-attachment":"scroll","background-type":"","background-media":"","overlay-type":"","overlay-color":"","overlay-opacity":"","overlay-gradient":""},"mobile":{"background-color":"","background-image":"","background-repeat":"repeat","background-position":"center center","background-size":"auto","background-attachment":"scroll","background-type":"","background-media":"","overlay-type":"","overlay-color":"","overlay-opacity":"","overlay-gradient":""}},"ast-content-background-meta":{"desktop":{"background-color":"var(--ast-global-color-4)","background-image":"","background-repeat":"repeat","background-position":"center center","background-size":"auto","background-attachment":"scroll","background-type":"","background-media":"","overlay-type":"","overlay-color":"","overlay-opacity":"","overlay-gradient":""},"tablet":{"background-color":"var(--ast-global-color-4)","background-image":"","background-repeat":"repeat","background-position":"center center","background-size":"auto","background-attachment":"scroll","background-type":"","background-media":"","overlay-type":"","overlay-color":"","overlay-opacity":"","overlay-gradient":""},"mobile":{"background-color":"var(--ast-global-color-4)","background-image":"","background-repeat":"repeat","background-position":"center center","background-size":"auto","background-attachment":"scroll","background-type":"","background-media":"","overlay-type":"","overlay-color":"","overlay-opacity":"","overlay-gradient":""}},"footnotes":""},"categories":[38],"tags":[],"class_list":["post-372","post","type-post","status-publish","format-standard","has-post-thumbnail","hentry","category-cpts"],"yoast_head":"<!-- This site is optimized with the Yoast SEO plugin v27.4 - https:\/\/yoast.com\/product\/yoast-seo-wordpress\/ -->\n<title>Prendre soin de ceux qui soignent : la CPTS Ouest H\u00e9rault s&#039;engage aux c\u00f4t\u00e9s de l&#039;association SPS - CPTS Ouest H\u00e9rault<\/title>\n<meta name=\"description\" content=\"La CPTS Ouest H\u00e9rault signe un partenariat avec l\u2019association SPS pour accompagner les professionnels de sant\u00e9 en souffrance et pr\u00e9venir les risques psychosociaux.\" \/>\n<meta name=\"robots\" content=\"index, follow, max-snippet:-1, max-image-preview:large, max-video-preview:-1\" \/>\n<link rel=\"canonical\" href=\"https:\/\/cpts-ouest-herault.fr\/index.php\/2025\/08\/27\/prendre-soin-de-ceux-qui-soignent-la-cpts-ouest-herault-sengage-aux-cotes-de-lassociation-sps\/\" \/>\n<meta property=\"og:locale\" content=\"fr_FR\" \/>\n<meta property=\"og:type\" content=\"article\" \/>\n<meta property=\"og:title\" content=\"Prendre soin de ceux qui soignent : la CPTS Ouest H\u00e9rault s&#039;engage aux c\u00f4t\u00e9s de l&#039;association SPS - CPTS Ouest H\u00e9rault\" \/>\n<meta property=\"og:description\" content=\"La CPTS Ouest H\u00e9rault signe un partenariat avec l\u2019association SPS pour accompagner les professionnels de sant\u00e9 en souffrance et pr\u00e9venir les risques psychosociaux.\" \/>\n<meta property=\"og:url\" content=\"https:\/\/cpts-ouest-herault.fr\/index.php\/2025\/08\/27\/prendre-soin-de-ceux-qui-soignent-la-cpts-ouest-herault-sengage-aux-cotes-de-lassociation-sps\/\" \/>\n<meta property=\"og:site_name\" content=\"CPTS Ouest H\u00e9rault\" \/>\n<meta property=\"article:published_time\" content=\"2025-08-27T10:31:42+00:00\" \/>\n<meta property=\"article:modified_time\" content=\"2025-11-19T15:17:17+00:00\" \/>\n<meta property=\"og:image\" content=\"http:\/\/cpts-ouest-herault.fr\/wp-content\/uploads\/2025\/08\/Image-article-CPTS-1024x576.png\" \/>\n\t<meta property=\"og:image:width\" content=\"1024\" \/>\n\t<meta property=\"og:image:height\" content=\"576\" \/>\n\t<meta property=\"og:image:type\" content=\"image\/png\" \/>\n<meta name=\"author\" content=\"admin5120\" \/>\n<meta name=\"twitter:card\" content=\"summary_large_image\" \/>\n<meta name=\"twitter:label1\" content=\"\u00c9crit par\" \/>\n\t<meta name=\"twitter:data1\" content=\"admin5120\" \/>\n\t<meta name=\"twitter:label2\" content=\"Dur\u00e9e de lecture estim\u00e9e\" \/>\n\t<meta name=\"twitter:data2\" content=\"3 minutes\" \/>\n<script type=\"application\/ld+json\" class=\"yoast-schema-graph\">{\"@context\":\"https:\\\/\\\/schema.org\",\"@graph\":[{\"@type\":\"Article\",\"@id\":\"https:\\\/\\\/cpts-ouest-herault.fr\\\/index.php\\\/2025\\\/08\\\/27\\\/prendre-soin-de-ceux-qui-soignent-la-cpts-ouest-herault-sengage-aux-cotes-de-lassociation-sps\\\/#article\",\"isPartOf\":{\"@id\":\"https:\\\/\\\/cpts-ouest-herault.fr\\\/index.php\\\/2025\\\/08\\\/27\\\/prendre-soin-de-ceux-qui-soignent-la-cpts-ouest-herault-sengage-aux-cotes-de-lassociation-sps\\\/\"},\"author\":{\"name\":\"admin5120\",\"@id\":\"https:\\\/\\\/cpts-ouest-herault.fr\\\/#\\\/schema\\\/person\\\/e2ec38d33992d51933b7be4c23745642\"},\"headline\":\"Prendre soin de ceux qui soignent : la CPTS Ouest H\u00e9rault s&#8217;engage aux c\u00f4t\u00e9s de l&#8217;association SPS\",\"datePublished\":\"2025-08-27T10:31:42+00:00\",\"dateModified\":\"2025-11-19T15:17:17+00:00\",\"mainEntityOfPage\":{\"@id\":\"https:\\\/\\\/cpts-ouest-herault.fr\\\/index.php\\\/2025\\\/08\\\/27\\\/prendre-soin-de-ceux-qui-soignent-la-cpts-ouest-herault-sengage-aux-cotes-de-lassociation-sps\\\/\"},\"wordCount\":600,\"publisher\":{\"@id\":\"https:\\\/\\\/cpts-ouest-herault.fr\\\/#organization\"},\"image\":{\"@id\":\"https:\\\/\\\/cpts-ouest-herault.fr\\\/index.php\\\/2025\\\/08\\\/27\\\/prendre-soin-de-ceux-qui-soignent-la-cpts-ouest-herault-sengage-aux-cotes-de-lassociation-sps\\\/#primaryimage\"},\"thumbnailUrl\":\"https:\\\/\\\/cpts-ouest-herault.fr\\\/wp-content\\\/uploads\\\/2025\\\/08\\\/Image-article-CPTS.png\",\"articleSection\":[\"Actualit\u00e9s CPTS\"],\"inLanguage\":\"fr-FR\"},{\"@type\":\"WebPage\",\"@id\":\"https:\\\/\\\/cpts-ouest-herault.fr\\\/index.php\\\/2025\\\/08\\\/27\\\/prendre-soin-de-ceux-qui-soignent-la-cpts-ouest-herault-sengage-aux-cotes-de-lassociation-sps\\\/\",\"url\":\"https:\\\/\\\/cpts-ouest-herault.fr\\\/index.php\\\/2025\\\/08\\\/27\\\/prendre-soin-de-ceux-qui-soignent-la-cpts-ouest-herault-sengage-aux-cotes-de-lassociation-sps\\\/\",\"name\":\"Prendre soin de ceux qui soignent : la CPTS Ouest H\u00e9rault s'engage aux c\u00f4t\u00e9s de l'association SPS - CPTS Ouest H\u00e9rault\",\"isPartOf\":{\"@id\":\"https:\\\/\\\/cpts-ouest-herault.fr\\\/#website\"},\"primaryImageOfPage\":{\"@id\":\"https:\\\/\\\/cpts-ouest-herault.fr\\\/index.php\\\/2025\\\/08\\\/27\\\/prendre-soin-de-ceux-qui-soignent-la-cpts-ouest-herault-sengage-aux-cotes-de-lassociation-sps\\\/#primaryimage\"},\"image\":{\"@id\":\"https:\\\/\\\/cpts-ouest-herault.fr\\\/index.php\\\/2025\\\/08\\\/27\\\/prendre-soin-de-ceux-qui-soignent-la-cpts-ouest-herault-sengage-aux-cotes-de-lassociation-sps\\\/#primaryimage\"},\"thumbnailUrl\":\"https:\\\/\\\/cpts-ouest-herault.fr\\\/wp-content\\\/uploads\\\/2025\\\/08\\\/Image-article-CPTS.png\",\"datePublished\":\"2025-08-27T10:31:42+00:00\",\"dateModified\":\"2025-11-19T15:17:17+00:00\",\"description\":\"La CPTS Ouest H\u00e9rault signe un partenariat avec l\u2019association SPS pour accompagner les professionnels de sant\u00e9 en souffrance et pr\u00e9venir les risques psychosociaux.\",\"breadcrumb\":{\"@id\":\"https:\\\/\\\/cpts-ouest-herault.fr\\\/index.php\\\/2025\\\/08\\\/27\\\/prendre-soin-de-ceux-qui-soignent-la-cpts-ouest-herault-sengage-aux-cotes-de-lassociation-sps\\\/#breadcrumb\"},\"inLanguage\":\"fr-FR\",\"potentialAction\":[{\"@type\":\"ReadAction\",\"target\":[\"https:\\\/\\\/cpts-ouest-herault.fr\\\/index.php\\\/2025\\\/08\\\/27\\\/prendre-soin-de-ceux-qui-soignent-la-cpts-ouest-herault-sengage-aux-cotes-de-lassociation-sps\\\/\"]}]},{\"@type\":\"ImageObject\",\"inLanguage\":\"fr-FR\",\"@id\":\"https:\\\/\\\/cpts-ouest-herault.fr\\\/index.php\\\/2025\\\/08\\\/27\\\/prendre-soin-de-ceux-qui-soignent-la-cpts-ouest-herault-sengage-aux-cotes-de-lassociation-sps\\\/#primaryimage\",\"url\":\"https:\\\/\\\/cpts-ouest-herault.fr\\\/wp-content\\\/uploads\\\/2025\\\/08\\\/Image-article-CPTS.png\",\"contentUrl\":\"https:\\\/\\\/cpts-ouest-herault.fr\\\/wp-content\\\/uploads\\\/2025\\\/08\\\/Image-article-CPTS.png\",\"width\":2560,\"height\":1440},{\"@type\":\"BreadcrumbList\",\"@id\":\"https:\\\/\\\/cpts-ouest-herault.fr\\\/index.php\\\/2025\\\/08\\\/27\\\/prendre-soin-de-ceux-qui-soignent-la-cpts-ouest-herault-sengage-aux-cotes-de-lassociation-sps\\\/#breadcrumb\",\"itemListElement\":[{\"@type\":\"ListItem\",\"position\":1,\"name\":\"Accueil\",\"item\":\"https:\\\/\\\/cpts-ouest-herault.fr\\\/\"},{\"@type\":\"ListItem\",\"position\":2,\"name\":\"Prendre soin de ceux qui soignent : la CPTS Ouest H\u00e9rault s&#8217;engage aux c\u00f4t\u00e9s de l&#8217;association SPS\"}]},{\"@type\":\"WebSite\",\"@id\":\"https:\\\/\\\/cpts-ouest-herault.fr\\\/#website\",\"url\":\"https:\\\/\\\/cpts-ouest-herault.fr\\\/\",\"name\":\"CPTS Ouest H\u00e9rault\",\"description\":\"\",\"publisher\":{\"@id\":\"https:\\\/\\\/cpts-ouest-herault.fr\\\/#organization\"},\"potentialAction\":[{\"@type\":\"SearchAction\",\"target\":{\"@type\":\"EntryPoint\",\"urlTemplate\":\"https:\\\/\\\/cpts-ouest-herault.fr\\\/?s={search_term_string}\"},\"query-input\":{\"@type\":\"PropertyValueSpecification\",\"valueRequired\":true,\"valueName\":\"search_term_string\"}}],\"inLanguage\":\"fr-FR\"},{\"@type\":\"Organization\",\"@id\":\"https:\\\/\\\/cpts-ouest-herault.fr\\\/#organization\",\"name\":\"CPTS Ouest H\u00e9rault\",\"url\":\"https:\\\/\\\/cpts-ouest-herault.fr\\\/\",\"logo\":{\"@type\":\"ImageObject\",\"inLanguage\":\"fr-FR\",\"@id\":\"https:\\\/\\\/cpts-ouest-herault.fr\\\/#\\\/schema\\\/logo\\\/image\\\/\",\"url\":\"https:\\\/\\\/cpts-ouest-herault.fr\\\/wp-content\\\/uploads\\\/2025\\\/03\\\/cropped-Logo-CPTS-Modifie.png\",\"contentUrl\":\"https:\\\/\\\/cpts-ouest-herault.fr\\\/wp-content\\\/uploads\\\/2025\\\/03\\\/cropped-Logo-CPTS-Modifie.png\",\"width\":175,\"height\":134,\"caption\":\"CPTS Ouest H\u00e9rault\"},\"image\":{\"@id\":\"https:\\\/\\\/cpts-ouest-herault.fr\\\/#\\\/schema\\\/logo\\\/image\\\/\"},\"sameAs\":[\"https:\\\/\\\/www.linkedin.com\\\/company\\\/cpts-ouest-herault\"]},{\"@type\":\"Person\",\"@id\":\"https:\\\/\\\/cpts-ouest-herault.fr\\\/#\\\/schema\\\/person\\\/e2ec38d33992d51933b7be4c23745642\",\"name\":\"admin5120\",\"image\":{\"@type\":\"ImageObject\",\"inLanguage\":\"fr-FR\",\"@id\":\"https:\\\/\\\/secure.gravatar.com\\\/avatar\\\/c4d1cc16ef704da6329a105955d8e3fdfff70d0b410a11925b48bc2d9e9309e1?s=96&d=mm&r=g\",\"url\":\"https:\\\/\\\/secure.gravatar.com\\\/avatar\\\/c4d1cc16ef704da6329a105955d8e3fdfff70d0b410a11925b48bc2d9e9309e1?s=96&d=mm&r=g\",\"contentUrl\":\"https:\\\/\\\/secure.gravatar.com\\\/avatar\\\/c4d1cc16ef704da6329a105955d8e3fdfff70d0b410a11925b48bc2d9e9309e1?s=96&d=mm&r=g\",\"caption\":\"admin5120\"},\"sameAs\":[\"http:\\\/\\\/cpts-ouest-herault.fr\"],\"url\":\"https:\\\/\\\/cpts-ouest-herault.fr\\\/index.php\\\/author\\\/admin5120\\\/\"}]}<\/script>\n<!-- \/ Yoast SEO plugin. -->","yoast_head_json":{"title":"Prendre soin de ceux qui soignent : la CPTS Ouest H\u00e9rault s'engage aux c\u00f4t\u00e9s de l'association SPS - CPTS Ouest H\u00e9rault","description":"La CPTS Ouest H\u00e9rault signe un partenariat avec l\u2019association SPS pour accompagner les professionnels de sant\u00e9 en souffrance et pr\u00e9venir les risques psychosociaux.","robots":{"index":"index","follow":"follow","max-snippet":"max-snippet:-1","max-image-preview":"max-image-preview:large","max-video-preview":"max-video-preview:-1"},"canonical":"https:\/\/cpts-ouest-herault.fr\/index.php\/2025\/08\/27\/prendre-soin-de-ceux-qui-soignent-la-cpts-ouest-herault-sengage-aux-cotes-de-lassociation-sps\/","og_locale":"fr_FR","og_type":"article","og_title":"Prendre soin de ceux qui soignent : la CPTS Ouest H\u00e9rault s'engage aux c\u00f4t\u00e9s de l'association SPS - CPTS Ouest H\u00e9rault","og_description":"La CPTS Ouest H\u00e9rault signe un partenariat avec l\u2019association SPS pour accompagner les professionnels de sant\u00e9 en souffrance et pr\u00e9venir les risques psychosociaux.","og_url":"https:\/\/cpts-ouest-herault.fr\/index.php\/2025\/08\/27\/prendre-soin-de-ceux-qui-soignent-la-cpts-ouest-herault-sengage-aux-cotes-de-lassociation-sps\/","og_site_name":"CPTS Ouest H\u00e9rault","article_published_time":"2025-08-27T10:31:42+00:00","article_modified_time":"2025-11-19T15:17:17+00:00","og_image":[{"width":1024,"height":576,"url":"http:\/\/cpts-ouest-herault.fr\/wp-content\/uploads\/2025\/08\/Image-article-CPTS-1024x576.png","type":"image\/png"}],"author":"admin5120","twitter_card":"summary_large_image","twitter_misc":{"\u00c9crit par":"admin5120","Dur\u00e9e de lecture estim\u00e9e":"3 minutes"},"schema":{"@context":"https:\/\/schema.org","@graph":[{"@type":"Article","@id":"https:\/\/cpts-ouest-herault.fr\/index.php\/2025\/08\/27\/prendre-soin-de-ceux-qui-soignent-la-cpts-ouest-herault-sengage-aux-cotes-de-lassociation-sps\/#article","isPartOf":{"@id":"https:\/\/cpts-ouest-herault.fr\/index.php\/2025\/08\/27\/prendre-soin-de-ceux-qui-soignent-la-cpts-ouest-herault-sengage-aux-cotes-de-lassociation-sps\/"},"author":{"name":"admin5120","@id":"https:\/\/cpts-ouest-herault.fr\/#\/schema\/person\/e2ec38d33992d51933b7be4c23745642"},"headline":"Prendre soin de ceux qui soignent : la CPTS Ouest H\u00e9rault s&#8217;engage aux c\u00f4t\u00e9s de l&#8217;association SPS","datePublished":"2025-08-27T10:31:42+00:00","dateModified":"2025-11-19T15:17:17+00:00","mainEntityOfPage":{"@id":"https:\/\/cpts-ouest-herault.fr\/index.php\/2025\/08\/27\/prendre-soin-de-ceux-qui-soignent-la-cpts-ouest-herault-sengage-aux-cotes-de-lassociation-sps\/"},"wordCount":600,"publisher":{"@id":"https:\/\/cpts-ouest-herault.fr\/#organization"},"image":{"@id":"https:\/\/cpts-ouest-herault.fr\/index.php\/2025\/08\/27\/prendre-soin-de-ceux-qui-soignent-la-cpts-ouest-herault-sengage-aux-cotes-de-lassociation-sps\/#primaryimage"},"thumbnailUrl":"https:\/\/cpts-ouest-herault.fr\/wp-content\/uploads\/2025\/08\/Image-article-CPTS.png","articleSection":["Actualit\u00e9s CPTS"],"inLanguage":"fr-FR"},{"@type":"WebPage","@id":"https:\/\/cpts-ouest-herault.fr\/index.php\/2025\/08\/27\/prendre-soin-de-ceux-qui-soignent-la-cpts-ouest-herault-sengage-aux-cotes-de-lassociation-sps\/","url":"https:\/\/cpts-ouest-herault.fr\/index.php\/2025\/08\/27\/prendre-soin-de-ceux-qui-soignent-la-cpts-ouest-herault-sengage-aux-cotes-de-lassociation-sps\/","name":"Prendre soin de ceux qui soignent : la CPTS Ouest H\u00e9rault s'engage aux c\u00f4t\u00e9s de l'association SPS - CPTS Ouest H\u00e9rault","isPartOf":{"@id":"https:\/\/cpts-ouest-herault.fr\/#website"},"primaryImageOfPage":{"@id":"https:\/\/cpts-ouest-herault.fr\/index.php\/2025\/08\/27\/prendre-soin-de-ceux-qui-soignent-la-cpts-ouest-herault-sengage-aux-cotes-de-lassociation-sps\/#primaryimage"},"image":{"@id":"https:\/\/cpts-ouest-herault.fr\/index.php\/2025\/08\/27\/prendre-soin-de-ceux-qui-soignent-la-cpts-ouest-herault-sengage-aux-cotes-de-lassociation-sps\/#primaryimage"},"thumbnailUrl":"https:\/\/cpts-ouest-herault.fr\/wp-content\/uploads\/2025\/08\/Image-article-CPTS.png","datePublished":"2025-08-27T10:31:42+00:00","dateModified":"2025-11-19T15:17:17+00:00","description":"La CPTS Ouest H\u00e9rault signe un partenariat avec l\u2019association SPS pour accompagner les professionnels de sant\u00e9 en souffrance et pr\u00e9venir les risques psychosociaux.","breadcrumb":{"@id":"https:\/\/cpts-ouest-herault.fr\/index.php\/2025\/08\/27\/prendre-soin-de-ceux-qui-soignent-la-cpts-ouest-herault-sengage-aux-cotes-de-lassociation-sps\/#breadcrumb"},"inLanguage":"fr-FR","potentialAction":[{"@type":"ReadAction","target":["https:\/\/cpts-ouest-herault.fr\/index.php\/2025\/08\/27\/prendre-soin-de-ceux-qui-soignent-la-cpts-ouest-herault-sengage-aux-cotes-de-lassociation-sps\/"]}]},{"@type":"ImageObject","inLanguage":"fr-FR","@id":"https:\/\/cpts-ouest-herault.fr\/index.php\/2025\/08\/27\/prendre-soin-de-ceux-qui-soignent-la-cpts-ouest-herault-sengage-aux-cotes-de-lassociation-sps\/#primaryimage","url":"https:\/\/cpts-ouest-herault.fr\/wp-content\/uploads\/2025\/08\/Image-article-CPTS.png","contentUrl":"https:\/\/cpts-ouest-herault.fr\/wp-content\/uploads\/2025\/08\/Image-article-CPTS.png","width":2560,"height":1440},{"@type":"BreadcrumbList","@id":"https:\/\/cpts-ouest-herault.fr\/index.php\/2025\/08\/27\/prendre-soin-de-ceux-qui-soignent-la-cpts-ouest-herault-sengage-aux-cotes-de-lassociation-sps\/#breadcrumb","itemListElement":[{"@type":"ListItem","position":1,"name":"Accueil","item":"https:\/\/cpts-ouest-herault.fr\/"},{"@type":"ListItem","position":2,"name":"Prendre soin de ceux qui soignent : la CPTS Ouest H\u00e9rault s&#8217;engage aux c\u00f4t\u00e9s de l&#8217;association SPS"}]},{"@type":"WebSite","@id":"https:\/\/cpts-ouest-herault.fr\/#website","url":"https:\/\/cpts-ouest-herault.fr\/","name":"CPTS Ouest H\u00e9rault","description":"","publisher":{"@id":"https:\/\/cpts-ouest-herault.fr\/#organization"},"potentialAction":[{"@type":"SearchAction","target":{"@type":"EntryPoint","urlTemplate":"https:\/\/cpts-ouest-herault.fr\/?s={search_term_string}"},"query-input":{"@type":"PropertyValueSpecification","valueRequired":true,"valueName":"search_term_string"}}],"inLanguage":"fr-FR"},{"@type":"Organization","@id":"https:\/\/cpts-ouest-herault.fr\/#organization","name":"CPTS Ouest H\u00e9rault","url":"https:\/\/cpts-ouest-herault.fr\/","logo":{"@type":"ImageObject","inLanguage":"fr-FR","@id":"https:\/\/cpts-ouest-herault.fr\/#\/schema\/logo\/image\/","url":"https:\/\/cpts-ouest-herault.fr\/wp-content\/uploads\/2025\/03\/cropped-Logo-CPTS-Modifie.png","contentUrl":"https:\/\/cpts-ouest-herault.fr\/wp-content\/uploads\/2025\/03\/cropped-Logo-CPTS-Modifie.png","width":175,"height":134,"caption":"CPTS Ouest H\u00e9rault"},"image":{"@id":"https:\/\/cpts-ouest-herault.fr\/#\/schema\/logo\/image\/"},"sameAs":["https:\/\/www.linkedin.com\/company\/cpts-ouest-herault"]},{"@type":"Person","@id":"https:\/\/cpts-ouest-herault.fr\/#\/schema\/person\/e2ec38d33992d51933b7be4c23745642","name":"admin5120","image":{"@type":"ImageObject","inLanguage":"fr-FR","@id":"https:\/\/secure.gravatar.com\/avatar\/c4d1cc16ef704da6329a105955d8e3fdfff70d0b410a11925b48bc2d9e9309e1?s=96&d=mm&r=g","url":"https:\/\/secure.gravatar.com\/avatar\/c4d1cc16ef704da6329a105955d8e3fdfff70d0b410a11925b48bc2d9e9309e1?s=96&d=mm&r=g","contentUrl":"https:\/\/secure.gravatar.com\/avatar\/c4d1cc16ef704da6329a105955d8e3fdfff70d0b410a11925b48bc2d9e9309e1?s=96&d=mm&r=g","caption":"admin5120"},"sameAs":["http:\/\/cpts-ouest-herault.fr"],"url":"https:\/\/cpts-ouest-herault.fr\/index.php\/author\/admin5120\/"}]}},"_links":{"self":[{"href":"https:\/\/cpts-ouest-herault.fr\/index.php\/wp-json\/wp\/v2\/posts\/372","targetHints":{"allow":["GET"]}}],"collection":[{"href":"https:\/\/cpts-ouest-herault.fr\/index.php\/wp-json\/wp\/v2\/posts"}],"about":[{"href":"https:\/\/cpts-ouest-herault.fr\/index.php\/wp-json\/wp\/v2\/types\/post"}],"author":[{"embeddable":true,"href":"https:\/\/cpts-ouest-herault.fr\/index.php\/wp-json\/wp\/v2\/users\/1"}],"replies":[{"embeddable":true,"href":"https:\/\/cpts-ouest-herault.fr\/index.php\/wp-json\/wp\/v2\/comments?post=372"}],"version-history":[{"count":0,"href":"https:\/\/cpts-ouest-herault.fr\/index.php\/wp-json\/wp\/v2\/posts\/372\/revisions"}],"wp:featuredmedia":[{"embeddable":true,"href":"https:\/\/cpts-ouest-herault.fr\/index.php\/wp-json\/wp\/v2\/media\/373"}],"wp:attachment":[{"href":"https:\/\/cpts-ouest-herault.fr\/index.php\/wp-json\/wp\/v2\/media?parent=372"}],"wp:term":[{"taxonomy":"category","embeddable":true,"href":"https:\/\/cpts-ouest-herault.fr\/index.php\/wp-json\/wp\/v2\/categories?post=372"},{"taxonomy":"post_tag","embeddable":true,"href":"https:\/\/cpts-ouest-herault.fr\/index.php\/wp-json\/wp\/v2\/tags?post=372"}],"curies":[{"name":"wp","href":"https:\/\/api.w.org\/{rel}","templated":true}]}}