{"id":374,"date":"2025-08-28T09:45:19","date_gmt":"2025-08-28T07:45:19","guid":{"rendered":"https:\/\/cpts-ouest-herault.fr\/?p=374"},"modified":"2025-11-19T16:18:13","modified_gmt":"2025-11-19T15:18:13","slug":"sejours-bien-etre-pour-douleurs-chroniques-et-gestion-du-stress-deux-programmes-accessibles-et-encadres","status":"publish","type":"post","link":"https:\/\/cpts-ouest-herault.fr\/index.php\/2025\/08\/28\/sejours-bien-etre-pour-douleurs-chroniques-et-gestion-du-stress-deux-programmes-accessibles-et-encadres\/","title":{"rendered":"S\u00e9jours bien-\u00eatre pour douleurs chroniques et gestion du stress : deux programmes accessibles et encadr\u00e9s"},"content":{"rendered":"\n<h3 class=\"wp-block-heading\">Deux s\u00e9jours bien-\u00eatre \u00e0 destination de personnes fragilis\u00e9es<\/h3>\n\n\n\n<p>Certaines personnes vivant avec une <strong>douleur chronique<\/strong>, un <strong>stress intense<\/strong>, ou un <strong>\u00e9puisement physique ou moral<\/strong> ont des difficult\u00e9s \u00e0 acc\u00e9der \u00e0 des temps de r\u00e9pit adapt\u00e9s \u00e0 leurs besoins.<br>Pour r\u00e9pondre \u00e0 cette r\u00e9alit\u00e9, <strong><a href=\"https:\/\/parenthesesportsante.fr\/contact\/\">Parenth\u00e8se Sport Sant\u00e9<\/a><\/strong> propose deux s\u00e9jours bien-\u00eatre encadr\u00e9s, con\u00e7us pour favoriser la d\u00e9tente, l\u2019apaisement et la reconnexion \u00e0 soi.<\/p>\n\n\n\n<p>Il reste encore quelques places disponibles pour ces deux sessions organis\u00e9es en septembre et octobre 2025.<\/p>\n\n\n\n<h2 class=\"wp-block-heading\"><strong>\u00c0 qui s\u2019adressent ces s\u00e9jours ?<\/strong><\/h2>\n\n\n\n<p>Ces s\u00e9jours s\u2019adressent aux personnes :<\/p>\n\n\n\n<ul class=\"wp-block-list\">\n<li>Souffrant de douleurs chroniques (pathologies inflammatoires, douleurs musculosquelettiques, etc.),<\/li>\n\n\n\n<li>Pr\u00e9sentant des signes d\u2019\u00e9puisement ou de surcharge,<\/li>\n\n\n\n<li>Expos\u00e9es \u00e0 un stress chronique ou \u00e0 un contexte difficile (aider un proche, isolement, situation professionnelle tendue\u2026),<\/li>\n\n\n\n<li>En recherche d\u2019un moment de <strong>r\u00e9pit physique et mental<\/strong> dans un cadre s\u00e9curis\u00e9.<\/li>\n<\/ul>\n\n\n\n<p>Professionnels de sant\u00e9, travailleurs sociaux, aidants ou repr\u00e9sentants d\u2019organismes d\u2019accompagnement : vous pouvez <strong>faire circuler cette information<\/strong> aupr\u00e8s des personnes concern\u00e9es ou de leurs proches.<\/p>\n\n\n\n<h2 class=\"wp-block-heading\"><strong>Deux s\u00e9jours compl\u00e9mentaires<\/strong><\/h2>\n\n\n\n<h3 class=\"wp-block-heading\">S\u00e9jour \u201cDouleurs chroniques\u201d \u2013 Tri\u00e8ves (38)<\/h3>\n\n\n\n<ul class=\"wp-block-list\">\n<li><strong>Dates<\/strong> : du 22 au 26 septembre 2025<\/li>\n\n\n\n<li><strong>Lieu<\/strong> : cadre naturel apaisant \u00e0 proximit\u00e9 de Grenoble<\/li>\n\n\n\n<li><strong>Transport<\/strong> : arriv\u00e9es facilit\u00e9es depuis Grenoble<\/li>\n<\/ul>\n\n\n\n<p><strong>Objectifs du s\u00e9jour<\/strong> :<\/p>\n\n\n\n<ul class=\"wp-block-list\">\n<li>Proposer des activit\u00e9s physiques douces adapt\u00e9es aux capacit\u00e9s de chacun,<\/li>\n\n\n\n<li>Favoriser la relaxation et l\u2019\u00e9coute de soi,<\/li>\n\n\n\n<li>Offrir un espace d\u2019\u00e9change entre pairs,<\/li>\n\n\n\n<li>Soutenir l\u2019autonomie et la reprise de confiance.<\/li>\n<\/ul>\n\n\n\n<div class=\"wp-block-buttons is-content-justification-center is-layout-flex wp-container-core-buttons-is-layout-a89b3969 wp-block-buttons-is-layout-flex\">\n<div class=\"wp-block-button\"><a class=\"wp-block-button__link wp-element-button\" href=\"https:\/\/dp0w5.r.ah.d.sendibm5.com\/mk\/cl\/f\/sh\/SMK1E8tHeG13EYP9Mp8p96mWe0d5\/PPvSU31GUbLQ\">T\u00e9l\u00e9charger le programme<\/a><\/div>\n<\/div>\n\n\n\n<h3 class=\"wp-block-heading\">S\u00e9jour \u201cGestion du stress\u201d \u2013 Ard\u00e8che (07)<\/h3>\n\n\n\n<ul class=\"wp-block-list\">\n<li><strong>Dates<\/strong> : du 8 au 10 octobre 2025<\/li>\n\n\n\n<li><strong>Lieu<\/strong> : environnement naturel propice au calme et au ressourcement<\/li>\n\n\n\n<li><strong>Format<\/strong> : s\u00e9jour court, accessible \u00e0 un public large<\/li>\n<\/ul>\n\n\n\n<p><strong>Objectifs du s\u00e9jour<\/strong> :<\/p>\n\n\n\n<ul class=\"wp-block-list\">\n<li>Permettre un <strong>d\u00e9crochage du quotidien<\/strong>,<\/li>\n\n\n\n<li>Explorer des <strong>pratiques de relaxation et de pleine conscience<\/strong>,<\/li>\n\n\n\n<li>D\u00e9velopper des <strong>ressources personnelles de gestion du stress<\/strong>,<\/li>\n\n\n\n<li>Renforcer le lien social dans un cadre bienveillant.<\/li>\n<\/ul>\n\n\n\n<div class=\"wp-block-buttons is-content-justification-center is-layout-flex wp-container-core-buttons-is-layout-a89b3969 wp-block-buttons-is-layout-flex\">\n<div class=\"wp-block-button\"><a class=\"wp-block-button__link wp-element-button\" href=\"https:\/\/dp0w5.r.ah.d.sendibm5.com\/mk\/cl\/f\/sh\/SMK1E8tHeG7ughE6XzIJEw5GcJDL\/NgcZPSFsMmWU\">T\u00e9l\u00e9charger le programme<\/a><\/div>\n<\/div>\n\n\n\n<h2 class=\"wp-block-heading\"><strong>Un accompagnement structur\u00e9 et accessible<\/strong><\/h2>\n\n\n\n<p>Ces s\u00e9jours ne sont ni m\u00e9dicaux ni purement touristiques. Ils s\u2019inscrivent dans une logique de <strong>pr\u00e9vention sant\u00e9<\/strong>, en offrant un <strong>accompagnement par des professionnels qualifi\u00e9s<\/strong>, dans une <strong>ambiance propice au r\u00e9pit<\/strong>, \u00e0 la d\u00e9tente et \u00e0 la revalorisation de soi.<\/p>\n\n\n\n<h2 class=\"wp-block-heading\"><strong>Comment transmettre l\u2019information ?<\/strong><\/h2>\n\n\n\n<p>Vous travaillez aupr\u00e8s de <strong>publics fragilis\u00e9s<\/strong> ? Vous \u00eates professionnel dans le secteur m\u00e9dico-social, associatif ou de la sant\u00e9 ? Vous accompagnez des aidants ?<br><strong>Vous pouvez contribuer \u00e0 faire conna\u00eetre ces s\u00e9jours<\/strong> en transmettant cette information aux personnes concern\u00e9es ou \u00e0 leurs structures d\u2019accueil.<\/p>\n\n\n\n<p><\/p>\n","protected":false},"excerpt":{"rendered":"<p>Certaines personnes vivant avec une douleur chronique, un stress intense, ou un \u00e9puisement physique ou moral ont des difficult\u00e9s \u00e0 acc\u00e9der \u00e0 des temps de r\u00e9pit adapt\u00e9s \u00e0 leurs besoins.<br \/>\nPour r\u00e9pondre \u00e0 cette r\u00e9alit\u00e9, Parenth\u00e8se Sport Sant\u00e9 propose deux s\u00e9jours bien-\u00eatre encadr\u00e9s, con\u00e7us pour favoriser la d\u00e9tente, l\u2019apaisement et la reconnexion \u00e0 soi.<\/p>\n","protected":false},"author":1,"featured_media":375,"comment_status":"closed","ping_status":"closed","sticky":false,"template":"","format":"standard","meta":{"site-sidebar-layout":"default","site-content-layout":"","ast-site-content-layout":"default","site-content-style":"default","site-sidebar-style":"default","ast-global-header-display":"","ast-banner-title-visibility":"","ast-main-header-display":"","ast-hfb-above-header-display":"","ast-hfb-below-header-display":"","ast-hfb-mobile-header-display":"","site-post-title":"","ast-breadcrumbs-content":"","ast-featured-img":"","footer-sml-layout":"","theme-transparent-header-meta":"","adv-header-id-meta":"","stick-header-meta":"","header-above-stick-meta":"","header-main-stick-meta":"","header-below-stick-meta":"","astra-migrate-meta-layouts":"default","ast-page-background-enabled":"default","ast-page-background-meta":{"desktop":{"background-color":"var(--ast-global-color-5)","background-image":"","background-repeat":"repeat","background-position":"center center","background-size":"auto","background-attachment":"scroll","background-type":"","background-media":"","overlay-type":"","overlay-color":"","overlay-opacity":"","overlay-gradient":""},"tablet":{"background-color":"","background-image":"","background-repeat":"repeat","background-position":"center center","background-size":"auto","background-attachment":"scroll","background-type":"","background-media":"","overlay-type":"","overlay-color":"","overlay-opacity":"","overlay-gradient":""},"mobile":{"background-color":"","background-image":"","background-repeat":"repeat","background-position":"center center","background-size":"auto","background-attachment":"scroll","background-type":"","background-media":"","overlay-type":"","overlay-color":"","overlay-opacity":"","overlay-gradient":""}},"ast-content-background-meta":{"desktop":{"background-color":"var(--ast-global-color-4)","background-image":"","background-repeat":"repeat","background-position":"center center","background-size":"auto","background-attachment":"scroll","background-type":"","background-media":"","overlay-type":"","overlay-color":"","overlay-opacity":"","overlay-gradient":""},"tablet":{"background-color":"var(--ast-global-color-4)","background-image":"","background-repeat":"repeat","background-position":"center center","background-size":"auto","background-attachment":"scroll","background-type":"","background-media":"","overlay-type":"","overlay-color":"","overlay-opacity":"","overlay-gradient":""},"mobile":{"background-color":"var(--ast-global-color-4)","background-image":"","background-repeat":"repeat","background-position":"center center","background-size":"auto","background-attachment":"scroll","background-type":"","background-media":"","overlay-type":"","overlay-color":"","overlay-opacity":"","overlay-gradient":""}},"footnotes":""},"categories":[39],"tags":[],"class_list":["post-374","post","type-post","status-publish","format-standard","has-post-thumbnail","hentry","category-national"],"yoast_head":"<!-- This site is optimized with the Yoast SEO plugin v27.4 - https:\/\/yoast.com\/product\/yoast-seo-wordpress\/ -->\n<title>S\u00e9jours bien-\u00eatre pour douleurs chroniques et gestion du stress : deux programmes accessibles et encadr\u00e9s - CPTS Ouest H\u00e9rault<\/title>\n<meta name=\"description\" content=\"Deux s\u00e9jours bien-\u00eatre pour douleurs chroniques et stress : formats encadr\u00e9s, accessibles, et adapt\u00e9s aux personnes fragilis\u00e9es. R\u00e9servez ou partagez l\u2019info.\" \/>\n<meta name=\"robots\" content=\"index, follow, max-snippet:-1, max-image-preview:large, max-video-preview:-1\" \/>\n<link rel=\"canonical\" href=\"https:\/\/cpts-ouest-herault.fr\/index.php\/2025\/08\/28\/sejours-bien-etre-pour-douleurs-chroniques-et-gestion-du-stress-deux-programmes-accessibles-et-encadres\/\" \/>\n<meta property=\"og:locale\" content=\"fr_FR\" \/>\n<meta property=\"og:type\" content=\"article\" \/>\n<meta property=\"og:title\" content=\"S\u00e9jours bien-\u00eatre pour douleurs chroniques et gestion du stress : deux programmes accessibles et encadr\u00e9s - CPTS Ouest H\u00e9rault\" \/>\n<meta property=\"og:description\" content=\"Deux s\u00e9jours bien-\u00eatre pour douleurs chroniques et stress : formats encadr\u00e9s, accessibles, et adapt\u00e9s aux personnes fragilis\u00e9es. R\u00e9servez ou partagez l\u2019info.\" \/>\n<meta property=\"og:url\" content=\"https:\/\/cpts-ouest-herault.fr\/index.php\/2025\/08\/28\/sejours-bien-etre-pour-douleurs-chroniques-et-gestion-du-stress-deux-programmes-accessibles-et-encadres\/\" \/>\n<meta property=\"og:site_name\" content=\"CPTS Ouest H\u00e9rault\" \/>\n<meta property=\"article:published_time\" content=\"2025-08-28T07:45:19+00:00\" \/>\n<meta property=\"article:modified_time\" content=\"2025-11-19T15:18:13+00:00\" \/>\n<meta property=\"og:image\" content=\"http:\/\/cpts-ouest-herault.fr\/wp-content\/uploads\/2025\/08\/Image-article-CPTS-1-1-1024x576.png\" \/>\n\t<meta property=\"og:image:width\" content=\"1024\" \/>\n\t<meta property=\"og:image:height\" content=\"576\" \/>\n\t<meta property=\"og:image:type\" content=\"image\/png\" \/>\n<meta name=\"author\" content=\"admin5120\" \/>\n<meta name=\"twitter:card\" content=\"summary_large_image\" \/>\n<meta name=\"twitter:label1\" content=\"\u00c9crit par\" \/>\n\t<meta name=\"twitter:data1\" content=\"admin5120\" \/>\n\t<meta name=\"twitter:label2\" content=\"Dur\u00e9e de lecture estim\u00e9e\" \/>\n\t<meta name=\"twitter:data2\" content=\"3 minutes\" \/>\n<script type=\"application\/ld+json\" class=\"yoast-schema-graph\">{\"@context\":\"https:\\\/\\\/schema.org\",\"@graph\":[{\"@type\":\"Article\",\"@id\":\"https:\\\/\\\/cpts-ouest-herault.fr\\\/index.php\\\/2025\\\/08\\\/28\\\/sejours-bien-etre-pour-douleurs-chroniques-et-gestion-du-stress-deux-programmes-accessibles-et-encadres\\\/#article\",\"isPartOf\":{\"@id\":\"https:\\\/\\\/cpts-ouest-herault.fr\\\/index.php\\\/2025\\\/08\\\/28\\\/sejours-bien-etre-pour-douleurs-chroniques-et-gestion-du-stress-deux-programmes-accessibles-et-encadres\\\/\"},\"author\":{\"name\":\"admin5120\",\"@id\":\"https:\\\/\\\/cpts-ouest-herault.fr\\\/#\\\/schema\\\/person\\\/e2ec38d33992d51933b7be4c23745642\"},\"headline\":\"S\u00e9jours bien-\u00eatre pour douleurs chroniques et gestion du stress : deux programmes accessibles et encadr\u00e9s\",\"datePublished\":\"2025-08-28T07:45:19+00:00\",\"dateModified\":\"2025-11-19T15:18:13+00:00\",\"mainEntityOfPage\":{\"@id\":\"https:\\\/\\\/cpts-ouest-herault.fr\\\/index.php\\\/2025\\\/08\\\/28\\\/sejours-bien-etre-pour-douleurs-chroniques-et-gestion-du-stress-deux-programmes-accessibles-et-encadres\\\/\"},\"wordCount\":441,\"publisher\":{\"@id\":\"https:\\\/\\\/cpts-ouest-herault.fr\\\/#organization\"},\"image\":{\"@id\":\"https:\\\/\\\/cpts-ouest-herault.fr\\\/index.php\\\/2025\\\/08\\\/28\\\/sejours-bien-etre-pour-douleurs-chroniques-et-gestion-du-stress-deux-programmes-accessibles-et-encadres\\\/#primaryimage\"},\"thumbnailUrl\":\"https:\\\/\\\/cpts-ouest-herault.fr\\\/wp-content\\\/uploads\\\/2025\\\/08\\\/Image-article-CPTS-1-1.png\",\"articleSection\":[\"Actualit\u00e9s r\u00e9gionales et nationales\"],\"inLanguage\":\"fr-FR\"},{\"@type\":\"WebPage\",\"@id\":\"https:\\\/\\\/cpts-ouest-herault.fr\\\/index.php\\\/2025\\\/08\\\/28\\\/sejours-bien-etre-pour-douleurs-chroniques-et-gestion-du-stress-deux-programmes-accessibles-et-encadres\\\/\",\"url\":\"https:\\\/\\\/cpts-ouest-herault.fr\\\/index.php\\\/2025\\\/08\\\/28\\\/sejours-bien-etre-pour-douleurs-chroniques-et-gestion-du-stress-deux-programmes-accessibles-et-encadres\\\/\",\"name\":\"S\u00e9jours bien-\u00eatre pour douleurs chroniques et gestion du stress : deux programmes accessibles et encadr\u00e9s - CPTS Ouest H\u00e9rault\",\"isPartOf\":{\"@id\":\"https:\\\/\\\/cpts-ouest-herault.fr\\\/#website\"},\"primaryImageOfPage\":{\"@id\":\"https:\\\/\\\/cpts-ouest-herault.fr\\\/index.php\\\/2025\\\/08\\\/28\\\/sejours-bien-etre-pour-douleurs-chroniques-et-gestion-du-stress-deux-programmes-accessibles-et-encadres\\\/#primaryimage\"},\"image\":{\"@id\":\"https:\\\/\\\/cpts-ouest-herault.fr\\\/index.php\\\/2025\\\/08\\\/28\\\/sejours-bien-etre-pour-douleurs-chroniques-et-gestion-du-stress-deux-programmes-accessibles-et-encadres\\\/#primaryimage\"},\"thumbnailUrl\":\"https:\\\/\\\/cpts-ouest-herault.fr\\\/wp-content\\\/uploads\\\/2025\\\/08\\\/Image-article-CPTS-1-1.png\",\"datePublished\":\"2025-08-28T07:45:19+00:00\",\"dateModified\":\"2025-11-19T15:18:13+00:00\",\"description\":\"Deux s\u00e9jours bien-\u00eatre pour douleurs chroniques et stress : formats encadr\u00e9s, accessibles, et adapt\u00e9s aux personnes fragilis\u00e9es. R\u00e9servez ou partagez l\u2019info.\",\"breadcrumb\":{\"@id\":\"https:\\\/\\\/cpts-ouest-herault.fr\\\/index.php\\\/2025\\\/08\\\/28\\\/sejours-bien-etre-pour-douleurs-chroniques-et-gestion-du-stress-deux-programmes-accessibles-et-encadres\\\/#breadcrumb\"},\"inLanguage\":\"fr-FR\",\"potentialAction\":[{\"@type\":\"ReadAction\",\"target\":[\"https:\\\/\\\/cpts-ouest-herault.fr\\\/index.php\\\/2025\\\/08\\\/28\\\/sejours-bien-etre-pour-douleurs-chroniques-et-gestion-du-stress-deux-programmes-accessibles-et-encadres\\\/\"]}]},{\"@type\":\"ImageObject\",\"inLanguage\":\"fr-FR\",\"@id\":\"https:\\\/\\\/cpts-ouest-herault.fr\\\/index.php\\\/2025\\\/08\\\/28\\\/sejours-bien-etre-pour-douleurs-chroniques-et-gestion-du-stress-deux-programmes-accessibles-et-encadres\\\/#primaryimage\",\"url\":\"https:\\\/\\\/cpts-ouest-herault.fr\\\/wp-content\\\/uploads\\\/2025\\\/08\\\/Image-article-CPTS-1-1.png\",\"contentUrl\":\"https:\\\/\\\/cpts-ouest-herault.fr\\\/wp-content\\\/uploads\\\/2025\\\/08\\\/Image-article-CPTS-1-1.png\",\"width\":2560,\"height\":1440},{\"@type\":\"BreadcrumbList\",\"@id\":\"https:\\\/\\\/cpts-ouest-herault.fr\\\/index.php\\\/2025\\\/08\\\/28\\\/sejours-bien-etre-pour-douleurs-chroniques-et-gestion-du-stress-deux-programmes-accessibles-et-encadres\\\/#breadcrumb\",\"itemListElement\":[{\"@type\":\"ListItem\",\"position\":1,\"name\":\"Accueil\",\"item\":\"https:\\\/\\\/cpts-ouest-herault.fr\\\/\"},{\"@type\":\"ListItem\",\"position\":2,\"name\":\"S\u00e9jours bien-\u00eatre pour douleurs chroniques et gestion du stress : deux programmes accessibles et encadr\u00e9s\"}]},{\"@type\":\"WebSite\",\"@id\":\"https:\\\/\\\/cpts-ouest-herault.fr\\\/#website\",\"url\":\"https:\\\/\\\/cpts-ouest-herault.fr\\\/\",\"name\":\"CPTS Ouest H\u00e9rault\",\"description\":\"\",\"publisher\":{\"@id\":\"https:\\\/\\\/cpts-ouest-herault.fr\\\/#organization\"},\"potentialAction\":[{\"@type\":\"SearchAction\",\"target\":{\"@type\":\"EntryPoint\",\"urlTemplate\":\"https:\\\/\\\/cpts-ouest-herault.fr\\\/?s={search_term_string}\"},\"query-input\":{\"@type\":\"PropertyValueSpecification\",\"valueRequired\":true,\"valueName\":\"search_term_string\"}}],\"inLanguage\":\"fr-FR\"},{\"@type\":\"Organization\",\"@id\":\"https:\\\/\\\/cpts-ouest-herault.fr\\\/#organization\",\"name\":\"CPTS Ouest H\u00e9rault\",\"url\":\"https:\\\/\\\/cpts-ouest-herault.fr\\\/\",\"logo\":{\"@type\":\"ImageObject\",\"inLanguage\":\"fr-FR\",\"@id\":\"https:\\\/\\\/cpts-ouest-herault.fr\\\/#\\\/schema\\\/logo\\\/image\\\/\",\"url\":\"https:\\\/\\\/cpts-ouest-herault.fr\\\/wp-content\\\/uploads\\\/2025\\\/03\\\/cropped-Logo-CPTS-Modifie.png\",\"contentUrl\":\"https:\\\/\\\/cpts-ouest-herault.fr\\\/wp-content\\\/uploads\\\/2025\\\/03\\\/cropped-Logo-CPTS-Modifie.png\",\"width\":175,\"height\":134,\"caption\":\"CPTS Ouest H\u00e9rault\"},\"image\":{\"@id\":\"https:\\\/\\\/cpts-ouest-herault.fr\\\/#\\\/schema\\\/logo\\\/image\\\/\"},\"sameAs\":[\"https:\\\/\\\/www.linkedin.com\\\/company\\\/cpts-ouest-herault\"]},{\"@type\":\"Person\",\"@id\":\"https:\\\/\\\/cpts-ouest-herault.fr\\\/#\\\/schema\\\/person\\\/e2ec38d33992d51933b7be4c23745642\",\"name\":\"admin5120\",\"image\":{\"@type\":\"ImageObject\",\"inLanguage\":\"fr-FR\",\"@id\":\"https:\\\/\\\/secure.gravatar.com\\\/avatar\\\/c4d1cc16ef704da6329a105955d8e3fdfff70d0b410a11925b48bc2d9e9309e1?s=96&d=mm&r=g\",\"url\":\"https:\\\/\\\/secure.gravatar.com\\\/avatar\\\/c4d1cc16ef704da6329a105955d8e3fdfff70d0b410a11925b48bc2d9e9309e1?s=96&d=mm&r=g\",\"contentUrl\":\"https:\\\/\\\/secure.gravatar.com\\\/avatar\\\/c4d1cc16ef704da6329a105955d8e3fdfff70d0b410a11925b48bc2d9e9309e1?s=96&d=mm&r=g\",\"caption\":\"admin5120\"},\"sameAs\":[\"http:\\\/\\\/cpts-ouest-herault.fr\"],\"url\":\"https:\\\/\\\/cpts-ouest-herault.fr\\\/index.php\\\/author\\\/admin5120\\\/\"}]}<\/script>\n<!-- \/ Yoast SEO plugin. -->","yoast_head_json":{"title":"S\u00e9jours bien-\u00eatre pour douleurs chroniques et gestion du stress : deux programmes accessibles et encadr\u00e9s - CPTS Ouest H\u00e9rault","description":"Deux s\u00e9jours bien-\u00eatre pour douleurs chroniques et stress : formats encadr\u00e9s, accessibles, et adapt\u00e9s aux personnes fragilis\u00e9es. R\u00e9servez ou partagez l\u2019info.","robots":{"index":"index","follow":"follow","max-snippet":"max-snippet:-1","max-image-preview":"max-image-preview:large","max-video-preview":"max-video-preview:-1"},"canonical":"https:\/\/cpts-ouest-herault.fr\/index.php\/2025\/08\/28\/sejours-bien-etre-pour-douleurs-chroniques-et-gestion-du-stress-deux-programmes-accessibles-et-encadres\/","og_locale":"fr_FR","og_type":"article","og_title":"S\u00e9jours bien-\u00eatre pour douleurs chroniques et gestion du stress : deux programmes accessibles et encadr\u00e9s - CPTS Ouest H\u00e9rault","og_description":"Deux s\u00e9jours bien-\u00eatre pour douleurs chroniques et stress : formats encadr\u00e9s, accessibles, et adapt\u00e9s aux personnes fragilis\u00e9es. R\u00e9servez ou partagez l\u2019info.","og_url":"https:\/\/cpts-ouest-herault.fr\/index.php\/2025\/08\/28\/sejours-bien-etre-pour-douleurs-chroniques-et-gestion-du-stress-deux-programmes-accessibles-et-encadres\/","og_site_name":"CPTS Ouest H\u00e9rault","article_published_time":"2025-08-28T07:45:19+00:00","article_modified_time":"2025-11-19T15:18:13+00:00","og_image":[{"width":1024,"height":576,"url":"http:\/\/cpts-ouest-herault.fr\/wp-content\/uploads\/2025\/08\/Image-article-CPTS-1-1-1024x576.png","type":"image\/png"}],"author":"admin5120","twitter_card":"summary_large_image","twitter_misc":{"\u00c9crit par":"admin5120","Dur\u00e9e de lecture estim\u00e9e":"3 minutes"},"schema":{"@context":"https:\/\/schema.org","@graph":[{"@type":"Article","@id":"https:\/\/cpts-ouest-herault.fr\/index.php\/2025\/08\/28\/sejours-bien-etre-pour-douleurs-chroniques-et-gestion-du-stress-deux-programmes-accessibles-et-encadres\/#article","isPartOf":{"@id":"https:\/\/cpts-ouest-herault.fr\/index.php\/2025\/08\/28\/sejours-bien-etre-pour-douleurs-chroniques-et-gestion-du-stress-deux-programmes-accessibles-et-encadres\/"},"author":{"name":"admin5120","@id":"https:\/\/cpts-ouest-herault.fr\/#\/schema\/person\/e2ec38d33992d51933b7be4c23745642"},"headline":"S\u00e9jours bien-\u00eatre pour douleurs chroniques et gestion du stress : deux programmes accessibles et encadr\u00e9s","datePublished":"2025-08-28T07:45:19+00:00","dateModified":"2025-11-19T15:18:13+00:00","mainEntityOfPage":{"@id":"https:\/\/cpts-ouest-herault.fr\/index.php\/2025\/08\/28\/sejours-bien-etre-pour-douleurs-chroniques-et-gestion-du-stress-deux-programmes-accessibles-et-encadres\/"},"wordCount":441,"publisher":{"@id":"https:\/\/cpts-ouest-herault.fr\/#organization"},"image":{"@id":"https:\/\/cpts-ouest-herault.fr\/index.php\/2025\/08\/28\/sejours-bien-etre-pour-douleurs-chroniques-et-gestion-du-stress-deux-programmes-accessibles-et-encadres\/#primaryimage"},"thumbnailUrl":"https:\/\/cpts-ouest-herault.fr\/wp-content\/uploads\/2025\/08\/Image-article-CPTS-1-1.png","articleSection":["Actualit\u00e9s r\u00e9gionales et nationales"],"inLanguage":"fr-FR"},{"@type":"WebPage","@id":"https:\/\/cpts-ouest-herault.fr\/index.php\/2025\/08\/28\/sejours-bien-etre-pour-douleurs-chroniques-et-gestion-du-stress-deux-programmes-accessibles-et-encadres\/","url":"https:\/\/cpts-ouest-herault.fr\/index.php\/2025\/08\/28\/sejours-bien-etre-pour-douleurs-chroniques-et-gestion-du-stress-deux-programmes-accessibles-et-encadres\/","name":"S\u00e9jours bien-\u00eatre pour douleurs chroniques et gestion du stress : deux programmes accessibles et encadr\u00e9s - CPTS Ouest H\u00e9rault","isPartOf":{"@id":"https:\/\/cpts-ouest-herault.fr\/#website"},"primaryImageOfPage":{"@id":"https:\/\/cpts-ouest-herault.fr\/index.php\/2025\/08\/28\/sejours-bien-etre-pour-douleurs-chroniques-et-gestion-du-stress-deux-programmes-accessibles-et-encadres\/#primaryimage"},"image":{"@id":"https:\/\/cpts-ouest-herault.fr\/index.php\/2025\/08\/28\/sejours-bien-etre-pour-douleurs-chroniques-et-gestion-du-stress-deux-programmes-accessibles-et-encadres\/#primaryimage"},"thumbnailUrl":"https:\/\/cpts-ouest-herault.fr\/wp-content\/uploads\/2025\/08\/Image-article-CPTS-1-1.png","datePublished":"2025-08-28T07:45:19+00:00","dateModified":"2025-11-19T15:18:13+00:00","description":"Deux s\u00e9jours bien-\u00eatre pour douleurs chroniques et stress : formats encadr\u00e9s, accessibles, et adapt\u00e9s aux personnes fragilis\u00e9es. R\u00e9servez ou partagez l\u2019info.","breadcrumb":{"@id":"https:\/\/cpts-ouest-herault.fr\/index.php\/2025\/08\/28\/sejours-bien-etre-pour-douleurs-chroniques-et-gestion-du-stress-deux-programmes-accessibles-et-encadres\/#breadcrumb"},"inLanguage":"fr-FR","potentialAction":[{"@type":"ReadAction","target":["https:\/\/cpts-ouest-herault.fr\/index.php\/2025\/08\/28\/sejours-bien-etre-pour-douleurs-chroniques-et-gestion-du-stress-deux-programmes-accessibles-et-encadres\/"]}]},{"@type":"ImageObject","inLanguage":"fr-FR","@id":"https:\/\/cpts-ouest-herault.fr\/index.php\/2025\/08\/28\/sejours-bien-etre-pour-douleurs-chroniques-et-gestion-du-stress-deux-programmes-accessibles-et-encadres\/#primaryimage","url":"https:\/\/cpts-ouest-herault.fr\/wp-content\/uploads\/2025\/08\/Image-article-CPTS-1-1.png","contentUrl":"https:\/\/cpts-ouest-herault.fr\/wp-content\/uploads\/2025\/08\/Image-article-CPTS-1-1.png","width":2560,"height":1440},{"@type":"BreadcrumbList","@id":"https:\/\/cpts-ouest-herault.fr\/index.php\/2025\/08\/28\/sejours-bien-etre-pour-douleurs-chroniques-et-gestion-du-stress-deux-programmes-accessibles-et-encadres\/#breadcrumb","itemListElement":[{"@type":"ListItem","position":1,"name":"Accueil","item":"https:\/\/cpts-ouest-herault.fr\/"},{"@type":"ListItem","position":2,"name":"S\u00e9jours bien-\u00eatre pour douleurs chroniques et gestion du stress : deux programmes accessibles et encadr\u00e9s"}]},{"@type":"WebSite","@id":"https:\/\/cpts-ouest-herault.fr\/#website","url":"https:\/\/cpts-ouest-herault.fr\/","name":"CPTS Ouest H\u00e9rault","description":"","publisher":{"@id":"https:\/\/cpts-ouest-herault.fr\/#organization"},"potentialAction":[{"@type":"SearchAction","target":{"@type":"EntryPoint","urlTemplate":"https:\/\/cpts-ouest-herault.fr\/?s={search_term_string}"},"query-input":{"@type":"PropertyValueSpecification","valueRequired":true,"valueName":"search_term_string"}}],"inLanguage":"fr-FR"},{"@type":"Organization","@id":"https:\/\/cpts-ouest-herault.fr\/#organization","name":"CPTS Ouest H\u00e9rault","url":"https:\/\/cpts-ouest-herault.fr\/","logo":{"@type":"ImageObject","inLanguage":"fr-FR","@id":"https:\/\/cpts-ouest-herault.fr\/#\/schema\/logo\/image\/","url":"https:\/\/cpts-ouest-herault.fr\/wp-content\/uploads\/2025\/03\/cropped-Logo-CPTS-Modifie.png","contentUrl":"https:\/\/cpts-ouest-herault.fr\/wp-content\/uploads\/2025\/03\/cropped-Logo-CPTS-Modifie.png","width":175,"height":134,"caption":"CPTS Ouest H\u00e9rault"},"image":{"@id":"https:\/\/cpts-ouest-herault.fr\/#\/schema\/logo\/image\/"},"sameAs":["https:\/\/www.linkedin.com\/company\/cpts-ouest-herault"]},{"@type":"Person","@id":"https:\/\/cpts-ouest-herault.fr\/#\/schema\/person\/e2ec38d33992d51933b7be4c23745642","name":"admin5120","image":{"@type":"ImageObject","inLanguage":"fr-FR","@id":"https:\/\/secure.gravatar.com\/avatar\/c4d1cc16ef704da6329a105955d8e3fdfff70d0b410a11925b48bc2d9e9309e1?s=96&d=mm&r=g","url":"https:\/\/secure.gravatar.com\/avatar\/c4d1cc16ef704da6329a105955d8e3fdfff70d0b410a11925b48bc2d9e9309e1?s=96&d=mm&r=g","contentUrl":"https:\/\/secure.gravatar.com\/avatar\/c4d1cc16ef704da6329a105955d8e3fdfff70d0b410a11925b48bc2d9e9309e1?s=96&d=mm&r=g","caption":"admin5120"},"sameAs":["http:\/\/cpts-ouest-herault.fr"],"url":"https:\/\/cpts-ouest-herault.fr\/index.php\/author\/admin5120\/"}]}},"_links":{"self":[{"href":"https:\/\/cpts-ouest-herault.fr\/index.php\/wp-json\/wp\/v2\/posts\/374","targetHints":{"allow":["GET"]}}],"collection":[{"href":"https:\/\/cpts-ouest-herault.fr\/index.php\/wp-json\/wp\/v2\/posts"}],"about":[{"href":"https:\/\/cpts-ouest-herault.fr\/index.php\/wp-json\/wp\/v2\/types\/post"}],"author":[{"embeddable":true,"href":"https:\/\/cpts-ouest-herault.fr\/index.php\/wp-json\/wp\/v2\/users\/1"}],"replies":[{"embeddable":true,"href":"https:\/\/cpts-ouest-herault.fr\/index.php\/wp-json\/wp\/v2\/comments?post=374"}],"version-history":[{"count":0,"href":"https:\/\/cpts-ouest-herault.fr\/index.php\/wp-json\/wp\/v2\/posts\/374\/revisions"}],"wp:featuredmedia":[{"embeddable":true,"href":"https:\/\/cpts-ouest-herault.fr\/index.php\/wp-json\/wp\/v2\/media\/375"}],"wp:attachment":[{"href":"https:\/\/cpts-ouest-herault.fr\/index.php\/wp-json\/wp\/v2\/media?parent=374"}],"wp:term":[{"taxonomy":"category","embeddable":true,"href":"https:\/\/cpts-ouest-herault.fr\/index.php\/wp-json\/wp\/v2\/categories?post=374"},{"taxonomy":"post_tag","embeddable":true,"href":"https:\/\/cpts-ouest-herault.fr\/index.php\/wp-json\/wp\/v2\/tags?post=374"}],"curies":[{"name":"wp","href":"https:\/\/api.w.org\/{rel}","templated":true}]}}