{"id":550,"date":"2026-03-13T15:33:49","date_gmt":"2026-03-13T14:33:49","guid":{"rendered":"https:\/\/cpts-ouest-herault.fr\/?p=550"},"modified":"2026-03-13T15:33:50","modified_gmt":"2026-03-13T14:33:50","slug":"mars-bleu-mobilisation-pour-la-prevention-du-cancer-colorectal-a-boujan-sur-libron","status":"publish","type":"post","link":"https:\/\/cpts-ouest-herault.fr\/index.php\/2026\/03\/13\/mars-bleu-mobilisation-pour-la-prevention-du-cancer-colorectal-a-boujan-sur-libron\/","title":{"rendered":"Mars Bleu : mobilisation pour la pr\u00e9vention du cancer colorectal \u00e0 Boujan-sur-Libron"},"content":{"rendered":"\n<p>Dans le cadre de <strong><a href=\"https:\/\/www.ligue-cancer.net\/mars-bleu\">Mars Bleu<\/a><\/strong>, le mois national d\u00e9di\u00e9 \u00e0 la pr\u00e9vention et au d\u00e9pistage du cancer colorectal, une <strong>action de sensibilisation<\/strong> a \u00e9t\u00e9 organis\u00e9e le <strong>10 mars 2026 \u00e0 la <a href=\"https:\/\/www.polyclinique-saintprivat.fr\/accueil\/\">Polyclinique Saint-Privat \u00e0 Boujan-sur-Libron<\/a><\/strong>, en pr\u00e9sence de plusieurs acteurs engag\u00e9s dans la pr\u00e9vention et la sant\u00e9 publique.<\/p>\n\n\n\n<p>Cette journ\u00e9e a permis d\u2019informer le public sur l\u2019importance du <strong>d\u00e9pistage du cancer colorectal<\/strong>, un enjeu majeur de sant\u00e9 publique.<\/p>\n\n\n\n<figure class=\"wp-block-image size-large\"><img loading=\"lazy\" decoding=\"async\" width=\"1024\" height=\"768\" src=\"http:\/\/cpts-ouest-herault.fr\/wp-content\/uploads\/2026\/03\/IMG_9341-1024x768.jpg\" alt=\"\" class=\"wp-image-551\" srcset=\"https:\/\/cpts-ouest-herault.fr\/wp-content\/uploads\/2026\/03\/IMG_9341-1024x768.jpg 1024w, https:\/\/cpts-ouest-herault.fr\/wp-content\/uploads\/2026\/03\/IMG_9341-300x225.jpg 300w, https:\/\/cpts-ouest-herault.fr\/wp-content\/uploads\/2026\/03\/IMG_9341-768x576.jpg 768w, https:\/\/cpts-ouest-herault.fr\/wp-content\/uploads\/2026\/03\/IMG_9341-100x75.jpg 100w, https:\/\/cpts-ouest-herault.fr\/wp-content\/uploads\/2026\/03\/IMG_9341-1536x1152.jpg 1536w, https:\/\/cpts-ouest-herault.fr\/wp-content\/uploads\/2026\/03\/IMG_9341-2048x1536.jpg 2048w, https:\/\/cpts-ouest-herault.fr\/wp-content\/uploads\/2026\/03\/IMG_9341-1320x990.jpg 1320w\" sizes=\"auto, (max-width: 1024px) 100vw, 1024px\" \/><\/figure>\n\n\n\n<h2 class=\"wp-block-heading\">Une journ\u00e9e d\u2019\u00e9changes autour de la pr\u00e9vention<\/h2>\n\n\n\n<p>Tout au long de la journ\u00e9e, les professionnels de sant\u00e9 et les partenaires pr\u00e9sents ont pu <strong>\u00e9changer avec les habitants et r\u00e9pondre \u00e0 leurs questions<\/strong> sur les facteurs de risque, les sympt\u00f4mes \u00e0 surveiller et les modalit\u00e9s de d\u00e9pistage.<\/p>\n\n\n\n<p>Ces actions de terrain jouent un r\u00f4le essentiel pour <strong>sensibiliser le grand public et lever les freins li\u00e9s au d\u00e9pistage<\/strong>, souvent encore trop m\u00e9connu.<\/p>\n\n\n\n<h2 class=\"wp-block-heading\">Le d\u00e9pistage : un geste simple qui peut sauver des vies<\/h2>\n\n\n\n<p>Le <strong>cancer colorectal<\/strong> est l\u2019un des cancers les plus fr\u00e9quents en France. Pourtant, lorsqu\u2019il est d\u00e9tect\u00e9 \u00e0 un stade pr\u00e9coce, il se soigne dans la grande majorit\u00e9 des cas.<\/p>\n\n\n\n<p>Le programme national de d\u00e9pistage s\u2019adresse aux <strong>femmes et aux hommes \u00e2g\u00e9s de 50 \u00e0 74 ans<\/strong>. Il repose sur un test simple, r\u00e9alisable \u00e0 domicile, qui permet de d\u00e9tecter la pr\u00e9sence \u00e9ventuelle de sang dans les selles.<\/p>\n\n\n\n<p>Les <strong>pharmaciens du territoire restent mobilis\u00e9s<\/strong> pour faciliter l\u2019acc\u00e8s \u00e0 ce d\u00e9pistage en distribuant les kits et en informant les patients sur les d\u00e9marches \u00e0 suivre.<\/p>\n\n\n\n<h2 class=\"wp-block-heading\">Une mobilisation collective des acteurs de sant\u00e9<\/h2>\n\n\n\n<p>Cette action de pr\u00e9vention a \u00e9t\u00e9 rendue possible gr\u00e2ce \u00e0 l\u2019engagement de nombreux partenaires mobilis\u00e9s autour de la pr\u00e9vention :<\/p>\n\n\n\n<ul class=\"wp-block-list\">\n<li>les <strong>pharmaciens du territoire<\/strong>,<\/li>\n\n\n\n<li>la <strong><a href=\"https:\/\/www.ligue-cancer.net\/\">Ligue contre le cancer<\/a><\/strong>,<\/li>\n\n\n\n<li>le <strong>service social de la <a href=\"https:\/\/www.ameli.fr\/herault\/assure\">CPAM de l\u2019H\u00e9rault<\/a><\/strong>,<\/li>\n\n\n\n<li>les <strong><a href=\"https:\/\/onco-occitanie.fr\/levaluation-des-pratiques\/les-3c-centres-de-coordination-en-cancerologie\/\">3C (Centres de Coordination en Canc\u00e9rologie)<\/a><\/strong>.<\/li>\n<\/ul>\n\n\n\n<p>Cette coop\u00e9ration illustre l\u2019importance du <strong>travail en r\u00e9seau entre professionnels de sant\u00e9, institutions et associations<\/strong> pour am\u00e9liorer la pr\u00e9vention et l\u2019acc\u00e8s \u00e0 l\u2019information.<\/p>\n\n\n\n<h2 class=\"wp-block-heading\">Mars Bleu : un mois pour rappeler l\u2019importance du d\u00e9pistage<\/h2>\n\n\n\n<p>Chaque ann\u00e9e, <strong>Mars Bleu<\/strong> vise \u00e0 sensibiliser la population au <strong>d\u00e9pistage du cancer colorectal<\/strong> et \u00e0 encourager les personnes concern\u00e9es \u00e0 r\u00e9aliser le test.<\/p>\n\n\n\n<p>Parler du d\u00e9pistage, informer et accompagner les patients sont des leviers essentiels pour <strong>r\u00e9duire la mortalit\u00e9 li\u00e9e \u00e0 ce cancer et am\u00e9liorer la prise en charge pr\u00e9coce<\/strong>.<\/p>\n\n\n\n<p>La <strong>CPTS Ouest H\u00e9rault<\/strong> reste pleinement engag\u00e9e dans ces actions de pr\u00e9vention au service de la sant\u00e9 du territoire.<\/p>\n","protected":false},"excerpt":{"rendered":"<p>Dans le cadre de Mars Bleu, le mois national d\u00e9di\u00e9 \u00e0 la pr\u00e9vention et au d\u00e9pistage du cancer colorectal, une action de sensibilisation a \u00e9t\u00e9 organis\u00e9e le 10 mars 2026 \u00e0 la Polyclinique Saint-Privat \u00e0 Boujan-sur-Libron, en pr\u00e9sence de plusieurs acteurs engag\u00e9s dans la pr\u00e9vention et la sant\u00e9 publique.<\/p>\n","protected":false},"author":1,"featured_media":551,"comment_status":"closed","ping_status":"closed","sticky":false,"template":"","format":"standard","meta":{"site-sidebar-layout":"default","site-content-layout":"","ast-site-content-layout":"default","site-content-style":"default","site-sidebar-style":"default","ast-global-header-display":"","ast-banner-title-visibility":"","ast-main-header-display":"","ast-hfb-above-header-display":"","ast-hfb-below-header-display":"","ast-hfb-mobile-header-display":"","site-post-title":"","ast-breadcrumbs-content":"","ast-featured-img":"","footer-sml-layout":"","theme-transparent-header-meta":"","adv-header-id-meta":"","stick-header-meta":"","header-above-stick-meta":"","header-main-stick-meta":"","header-below-stick-meta":"","astra-migrate-meta-layouts":"default","ast-page-background-enabled":"default","ast-page-background-meta":{"desktop":{"background-color":"var(--ast-global-color-5)","background-image":"","background-repeat":"repeat","background-position":"center center","background-size":"auto","background-attachment":"scroll","background-type":"","background-media":"","overlay-type":"","overlay-color":"","overlay-opacity":"","overlay-gradient":""},"tablet":{"background-color":"","background-image":"","background-repeat":"repeat","background-position":"center center","background-size":"auto","background-attachment":"scroll","background-type":"","background-media":"","overlay-type":"","overlay-color":"","overlay-opacity":"","overlay-gradient":""},"mobile":{"background-color":"","background-image":"","background-repeat":"repeat","background-position":"center center","background-size":"auto","background-attachment":"scroll","background-type":"","background-media":"","overlay-type":"","overlay-color":"","overlay-opacity":"","overlay-gradient":""}},"ast-content-background-meta":{"desktop":{"background-color":"var(--ast-global-color-4)","background-image":"","background-repeat":"repeat","background-position":"center center","background-size":"auto","background-attachment":"scroll","background-type":"","background-media":"","overlay-type":"","overlay-color":"","overlay-opacity":"","overlay-gradient":""},"tablet":{"background-color":"var(--ast-global-color-4)","background-image":"","background-repeat":"repeat","background-position":"center center","background-size":"auto","background-attachment":"scroll","background-type":"","background-media":"","overlay-type":"","overlay-color":"","overlay-opacity":"","overlay-gradient":""},"mobile":{"background-color":"var(--ast-global-color-4)","background-image":"","background-repeat":"repeat","background-position":"center center","background-size":"auto","background-attachment":"scroll","background-type":"","background-media":"","overlay-type":"","overlay-color":"","overlay-opacity":"","overlay-gradient":""}},"footnotes":""},"categories":[38],"tags":[47,46,48],"class_list":["post-550","post","type-post","status-publish","format-standard","has-post-thumbnail","hentry","category-cpts","tag-cancer-colorectal","tag-mars-bleu","tag-prevention"],"yoast_head":"<!-- This site is optimized with the Yoast SEO plugin v27.5 - https:\/\/yoast.com\/product\/yoast-seo-wordpress\/ -->\n<title>Mars Bleu : mobilisation pour la pr\u00e9vention du cancer colorectal \u00e0 Boujan-sur-Libron - CPTS Ouest H\u00e9rault<\/title>\n<meta name=\"description\" content=\"Retour sur l\u2019action Mars Bleu organis\u00e9e \u00e0 Boujan-sur-Libron pour sensibiliser au d\u00e9pistage du cancer colorectal et rappeler l\u2019importance de la pr\u00e9vention.\" \/>\n<meta name=\"robots\" content=\"index, follow, max-snippet:-1, max-image-preview:large, max-video-preview:-1\" \/>\n<link rel=\"canonical\" href=\"https:\/\/cpts-ouest-herault.fr\/index.php\/2026\/03\/13\/mars-bleu-mobilisation-pour-la-prevention-du-cancer-colorectal-a-boujan-sur-libron\/\" \/>\n<meta property=\"og:locale\" content=\"fr_FR\" \/>\n<meta property=\"og:type\" content=\"article\" \/>\n<meta property=\"og:title\" content=\"Mars Bleu : mobilisation pour la pr\u00e9vention du cancer colorectal \u00e0 Boujan-sur-Libron - CPTS Ouest H\u00e9rault\" \/>\n<meta property=\"og:description\" content=\"Retour sur l\u2019action Mars Bleu organis\u00e9e \u00e0 Boujan-sur-Libron pour sensibiliser au d\u00e9pistage du cancer colorectal et rappeler l\u2019importance de la pr\u00e9vention.\" \/>\n<meta property=\"og:url\" content=\"https:\/\/cpts-ouest-herault.fr\/index.php\/2026\/03\/13\/mars-bleu-mobilisation-pour-la-prevention-du-cancer-colorectal-a-boujan-sur-libron\/\" \/>\n<meta property=\"og:site_name\" content=\"CPTS Ouest H\u00e9rault\" \/>\n<meta property=\"article:published_time\" content=\"2026-03-13T14:33:49+00:00\" \/>\n<meta property=\"article:modified_time\" content=\"2026-03-13T14:33:50+00:00\" \/>\n<meta name=\"author\" content=\"admin5120\" \/>\n<meta name=\"twitter:card\" content=\"summary_large_image\" \/>\n<meta name=\"twitter:label1\" content=\"\u00c9crit par\" \/>\n\t<meta name=\"twitter:data1\" content=\"admin5120\" \/>\n\t<meta name=\"twitter:label2\" content=\"Dur\u00e9e de lecture estim\u00e9e\" \/>\n\t<meta name=\"twitter:data2\" content=\"3 minutes\" \/>\n<script type=\"application\/ld+json\" class=\"yoast-schema-graph\">{\"@context\":\"https:\\\/\\\/schema.org\",\"@graph\":[{\"@type\":\"Article\",\"@id\":\"https:\\\/\\\/cpts-ouest-herault.fr\\\/index.php\\\/2026\\\/03\\\/13\\\/mars-bleu-mobilisation-pour-la-prevention-du-cancer-colorectal-a-boujan-sur-libron\\\/#article\",\"isPartOf\":{\"@id\":\"https:\\\/\\\/cpts-ouest-herault.fr\\\/index.php\\\/2026\\\/03\\\/13\\\/mars-bleu-mobilisation-pour-la-prevention-du-cancer-colorectal-a-boujan-sur-libron\\\/\"},\"author\":{\"name\":\"admin5120\",\"@id\":\"https:\\\/\\\/cpts-ouest-herault.fr\\\/#\\\/schema\\\/person\\\/e2ec38d33992d51933b7be4c23745642\"},\"headline\":\"Mars Bleu : mobilisation pour la pr\u00e9vention du cancer colorectal \u00e0 Boujan-sur-Libron\",\"datePublished\":\"2026-03-13T14:33:49+00:00\",\"dateModified\":\"2026-03-13T14:33:50+00:00\",\"mainEntityOfPage\":{\"@id\":\"https:\\\/\\\/cpts-ouest-herault.fr\\\/index.php\\\/2026\\\/03\\\/13\\\/mars-bleu-mobilisation-pour-la-prevention-du-cancer-colorectal-a-boujan-sur-libron\\\/\"},\"wordCount\":456,\"publisher\":{\"@id\":\"https:\\\/\\\/cpts-ouest-herault.fr\\\/#organization\"},\"image\":{\"@id\":\"https:\\\/\\\/cpts-ouest-herault.fr\\\/index.php\\\/2026\\\/03\\\/13\\\/mars-bleu-mobilisation-pour-la-prevention-du-cancer-colorectal-a-boujan-sur-libron\\\/#primaryimage\"},\"thumbnailUrl\":\"https:\\\/\\\/cpts-ouest-herault.fr\\\/wp-content\\\/uploads\\\/2026\\\/03\\\/IMG_9341-scaled.jpg\",\"keywords\":[\"cancer colorectal\",\"Mars Bleu\",\"prevention\"],\"articleSection\":[\"Actualit\u00e9s CPTS\"],\"inLanguage\":\"fr-FR\"},{\"@type\":\"WebPage\",\"@id\":\"https:\\\/\\\/cpts-ouest-herault.fr\\\/index.php\\\/2026\\\/03\\\/13\\\/mars-bleu-mobilisation-pour-la-prevention-du-cancer-colorectal-a-boujan-sur-libron\\\/\",\"url\":\"https:\\\/\\\/cpts-ouest-herault.fr\\\/index.php\\\/2026\\\/03\\\/13\\\/mars-bleu-mobilisation-pour-la-prevention-du-cancer-colorectal-a-boujan-sur-libron\\\/\",\"name\":\"Mars Bleu : mobilisation pour la pr\u00e9vention du cancer colorectal \u00e0 Boujan-sur-Libron - CPTS Ouest H\u00e9rault\",\"isPartOf\":{\"@id\":\"https:\\\/\\\/cpts-ouest-herault.fr\\\/#website\"},\"primaryImageOfPage\":{\"@id\":\"https:\\\/\\\/cpts-ouest-herault.fr\\\/index.php\\\/2026\\\/03\\\/13\\\/mars-bleu-mobilisation-pour-la-prevention-du-cancer-colorectal-a-boujan-sur-libron\\\/#primaryimage\"},\"image\":{\"@id\":\"https:\\\/\\\/cpts-ouest-herault.fr\\\/index.php\\\/2026\\\/03\\\/13\\\/mars-bleu-mobilisation-pour-la-prevention-du-cancer-colorectal-a-boujan-sur-libron\\\/#primaryimage\"},\"thumbnailUrl\":\"https:\\\/\\\/cpts-ouest-herault.fr\\\/wp-content\\\/uploads\\\/2026\\\/03\\\/IMG_9341-scaled.jpg\",\"datePublished\":\"2026-03-13T14:33:49+00:00\",\"dateModified\":\"2026-03-13T14:33:50+00:00\",\"description\":\"Retour sur l\u2019action Mars Bleu organis\u00e9e \u00e0 Boujan-sur-Libron pour sensibiliser au d\u00e9pistage du cancer colorectal et rappeler l\u2019importance de la pr\u00e9vention.\",\"breadcrumb\":{\"@id\":\"https:\\\/\\\/cpts-ouest-herault.fr\\\/index.php\\\/2026\\\/03\\\/13\\\/mars-bleu-mobilisation-pour-la-prevention-du-cancer-colorectal-a-boujan-sur-libron\\\/#breadcrumb\"},\"inLanguage\":\"fr-FR\",\"potentialAction\":[{\"@type\":\"ReadAction\",\"target\":[\"https:\\\/\\\/cpts-ouest-herault.fr\\\/index.php\\\/2026\\\/03\\\/13\\\/mars-bleu-mobilisation-pour-la-prevention-du-cancer-colorectal-a-boujan-sur-libron\\\/\"]}]},{\"@type\":\"ImageObject\",\"inLanguage\":\"fr-FR\",\"@id\":\"https:\\\/\\\/cpts-ouest-herault.fr\\\/index.php\\\/2026\\\/03\\\/13\\\/mars-bleu-mobilisation-pour-la-prevention-du-cancer-colorectal-a-boujan-sur-libron\\\/#primaryimage\",\"url\":\"https:\\\/\\\/cpts-ouest-herault.fr\\\/wp-content\\\/uploads\\\/2026\\\/03\\\/IMG_9341-scaled.jpg\",\"contentUrl\":\"https:\\\/\\\/cpts-ouest-herault.fr\\\/wp-content\\\/uploads\\\/2026\\\/03\\\/IMG_9341-scaled.jpg\",\"width\":2560,\"height\":1920},{\"@type\":\"BreadcrumbList\",\"@id\":\"https:\\\/\\\/cpts-ouest-herault.fr\\\/index.php\\\/2026\\\/03\\\/13\\\/mars-bleu-mobilisation-pour-la-prevention-du-cancer-colorectal-a-boujan-sur-libron\\\/#breadcrumb\",\"itemListElement\":[{\"@type\":\"ListItem\",\"position\":1,\"name\":\"Accueil\",\"item\":\"https:\\\/\\\/cpts-ouest-herault.fr\\\/\"},{\"@type\":\"ListItem\",\"position\":2,\"name\":\"Mars Bleu : mobilisation pour la pr\u00e9vention du cancer colorectal \u00e0 Boujan-sur-Libron\"}]},{\"@type\":\"WebSite\",\"@id\":\"https:\\\/\\\/cpts-ouest-herault.fr\\\/#website\",\"url\":\"https:\\\/\\\/cpts-ouest-herault.fr\\\/\",\"name\":\"CPTS Ouest H\u00e9rault\",\"description\":\"\",\"publisher\":{\"@id\":\"https:\\\/\\\/cpts-ouest-herault.fr\\\/#organization\"},\"potentialAction\":[{\"@type\":\"SearchAction\",\"target\":{\"@type\":\"EntryPoint\",\"urlTemplate\":\"https:\\\/\\\/cpts-ouest-herault.fr\\\/?s={search_term_string}\"},\"query-input\":{\"@type\":\"PropertyValueSpecification\",\"valueRequired\":true,\"valueName\":\"search_term_string\"}}],\"inLanguage\":\"fr-FR\"},{\"@type\":\"Organization\",\"@id\":\"https:\\\/\\\/cpts-ouest-herault.fr\\\/#organization\",\"name\":\"CPTS Ouest H\u00e9rault\",\"url\":\"https:\\\/\\\/cpts-ouest-herault.fr\\\/\",\"logo\":{\"@type\":\"ImageObject\",\"inLanguage\":\"fr-FR\",\"@id\":\"https:\\\/\\\/cpts-ouest-herault.fr\\\/#\\\/schema\\\/logo\\\/image\\\/\",\"url\":\"https:\\\/\\\/cpts-ouest-herault.fr\\\/wp-content\\\/uploads\\\/2025\\\/03\\\/cropped-Logo-CPTS-Modifie.png\",\"contentUrl\":\"https:\\\/\\\/cpts-ouest-herault.fr\\\/wp-content\\\/uploads\\\/2025\\\/03\\\/cropped-Logo-CPTS-Modifie.png\",\"width\":175,\"height\":134,\"caption\":\"CPTS Ouest H\u00e9rault\"},\"image\":{\"@id\":\"https:\\\/\\\/cpts-ouest-herault.fr\\\/#\\\/schema\\\/logo\\\/image\\\/\"},\"sameAs\":[\"https:\\\/\\\/www.linkedin.com\\\/company\\\/cpts-ouest-herault\"]},{\"@type\":\"Person\",\"@id\":\"https:\\\/\\\/cpts-ouest-herault.fr\\\/#\\\/schema\\\/person\\\/e2ec38d33992d51933b7be4c23745642\",\"name\":\"admin5120\",\"image\":{\"@type\":\"ImageObject\",\"inLanguage\":\"fr-FR\",\"@id\":\"https:\\\/\\\/secure.gravatar.com\\\/avatar\\\/c4d1cc16ef704da6329a105955d8e3fdfff70d0b410a11925b48bc2d9e9309e1?s=96&d=mm&r=g\",\"url\":\"https:\\\/\\\/secure.gravatar.com\\\/avatar\\\/c4d1cc16ef704da6329a105955d8e3fdfff70d0b410a11925b48bc2d9e9309e1?s=96&d=mm&r=g\",\"contentUrl\":\"https:\\\/\\\/secure.gravatar.com\\\/avatar\\\/c4d1cc16ef704da6329a105955d8e3fdfff70d0b410a11925b48bc2d9e9309e1?s=96&d=mm&r=g\",\"caption\":\"admin5120\"},\"sameAs\":[\"http:\\\/\\\/cpts-ouest-herault.fr\"],\"url\":\"https:\\\/\\\/cpts-ouest-herault.fr\\\/index.php\\\/author\\\/admin5120\\\/\"}]}<\/script>\n<!-- \/ Yoast SEO plugin. -->","yoast_head_json":{"title":"Mars Bleu : mobilisation pour la pr\u00e9vention du cancer colorectal \u00e0 Boujan-sur-Libron - CPTS Ouest H\u00e9rault","description":"Retour sur l\u2019action Mars Bleu organis\u00e9e \u00e0 Boujan-sur-Libron pour sensibiliser au d\u00e9pistage du cancer colorectal et rappeler l\u2019importance de la pr\u00e9vention.","robots":{"index":"index","follow":"follow","max-snippet":"max-snippet:-1","max-image-preview":"max-image-preview:large","max-video-preview":"max-video-preview:-1"},"canonical":"https:\/\/cpts-ouest-herault.fr\/index.php\/2026\/03\/13\/mars-bleu-mobilisation-pour-la-prevention-du-cancer-colorectal-a-boujan-sur-libron\/","og_locale":"fr_FR","og_type":"article","og_title":"Mars Bleu : mobilisation pour la pr\u00e9vention du cancer colorectal \u00e0 Boujan-sur-Libron - CPTS Ouest H\u00e9rault","og_description":"Retour sur l\u2019action Mars Bleu organis\u00e9e \u00e0 Boujan-sur-Libron pour sensibiliser au d\u00e9pistage du cancer colorectal et rappeler l\u2019importance de la pr\u00e9vention.","og_url":"https:\/\/cpts-ouest-herault.fr\/index.php\/2026\/03\/13\/mars-bleu-mobilisation-pour-la-prevention-du-cancer-colorectal-a-boujan-sur-libron\/","og_site_name":"CPTS Ouest H\u00e9rault","article_published_time":"2026-03-13T14:33:49+00:00","article_modified_time":"2026-03-13T14:33:50+00:00","author":"admin5120","twitter_card":"summary_large_image","twitter_misc":{"\u00c9crit par":"admin5120","Dur\u00e9e de lecture estim\u00e9e":"3 minutes"},"schema":{"@context":"https:\/\/schema.org","@graph":[{"@type":"Article","@id":"https:\/\/cpts-ouest-herault.fr\/index.php\/2026\/03\/13\/mars-bleu-mobilisation-pour-la-prevention-du-cancer-colorectal-a-boujan-sur-libron\/#article","isPartOf":{"@id":"https:\/\/cpts-ouest-herault.fr\/index.php\/2026\/03\/13\/mars-bleu-mobilisation-pour-la-prevention-du-cancer-colorectal-a-boujan-sur-libron\/"},"author":{"name":"admin5120","@id":"https:\/\/cpts-ouest-herault.fr\/#\/schema\/person\/e2ec38d33992d51933b7be4c23745642"},"headline":"Mars Bleu : mobilisation pour la pr\u00e9vention du cancer colorectal \u00e0 Boujan-sur-Libron","datePublished":"2026-03-13T14:33:49+00:00","dateModified":"2026-03-13T14:33:50+00:00","mainEntityOfPage":{"@id":"https:\/\/cpts-ouest-herault.fr\/index.php\/2026\/03\/13\/mars-bleu-mobilisation-pour-la-prevention-du-cancer-colorectal-a-boujan-sur-libron\/"},"wordCount":456,"publisher":{"@id":"https:\/\/cpts-ouest-herault.fr\/#organization"},"image":{"@id":"https:\/\/cpts-ouest-herault.fr\/index.php\/2026\/03\/13\/mars-bleu-mobilisation-pour-la-prevention-du-cancer-colorectal-a-boujan-sur-libron\/#primaryimage"},"thumbnailUrl":"https:\/\/cpts-ouest-herault.fr\/wp-content\/uploads\/2026\/03\/IMG_9341-scaled.jpg","keywords":["cancer colorectal","Mars Bleu","prevention"],"articleSection":["Actualit\u00e9s CPTS"],"inLanguage":"fr-FR"},{"@type":"WebPage","@id":"https:\/\/cpts-ouest-herault.fr\/index.php\/2026\/03\/13\/mars-bleu-mobilisation-pour-la-prevention-du-cancer-colorectal-a-boujan-sur-libron\/","url":"https:\/\/cpts-ouest-herault.fr\/index.php\/2026\/03\/13\/mars-bleu-mobilisation-pour-la-prevention-du-cancer-colorectal-a-boujan-sur-libron\/","name":"Mars Bleu : mobilisation pour la pr\u00e9vention du cancer colorectal \u00e0 Boujan-sur-Libron - CPTS Ouest H\u00e9rault","isPartOf":{"@id":"https:\/\/cpts-ouest-herault.fr\/#website"},"primaryImageOfPage":{"@id":"https:\/\/cpts-ouest-herault.fr\/index.php\/2026\/03\/13\/mars-bleu-mobilisation-pour-la-prevention-du-cancer-colorectal-a-boujan-sur-libron\/#primaryimage"},"image":{"@id":"https:\/\/cpts-ouest-herault.fr\/index.php\/2026\/03\/13\/mars-bleu-mobilisation-pour-la-prevention-du-cancer-colorectal-a-boujan-sur-libron\/#primaryimage"},"thumbnailUrl":"https:\/\/cpts-ouest-herault.fr\/wp-content\/uploads\/2026\/03\/IMG_9341-scaled.jpg","datePublished":"2026-03-13T14:33:49+00:00","dateModified":"2026-03-13T14:33:50+00:00","description":"Retour sur l\u2019action Mars Bleu organis\u00e9e \u00e0 Boujan-sur-Libron pour sensibiliser au d\u00e9pistage du cancer colorectal et rappeler l\u2019importance de la pr\u00e9vention.","breadcrumb":{"@id":"https:\/\/cpts-ouest-herault.fr\/index.php\/2026\/03\/13\/mars-bleu-mobilisation-pour-la-prevention-du-cancer-colorectal-a-boujan-sur-libron\/#breadcrumb"},"inLanguage":"fr-FR","potentialAction":[{"@type":"ReadAction","target":["https:\/\/cpts-ouest-herault.fr\/index.php\/2026\/03\/13\/mars-bleu-mobilisation-pour-la-prevention-du-cancer-colorectal-a-boujan-sur-libron\/"]}]},{"@type":"ImageObject","inLanguage":"fr-FR","@id":"https:\/\/cpts-ouest-herault.fr\/index.php\/2026\/03\/13\/mars-bleu-mobilisation-pour-la-prevention-du-cancer-colorectal-a-boujan-sur-libron\/#primaryimage","url":"https:\/\/cpts-ouest-herault.fr\/wp-content\/uploads\/2026\/03\/IMG_9341-scaled.jpg","contentUrl":"https:\/\/cpts-ouest-herault.fr\/wp-content\/uploads\/2026\/03\/IMG_9341-scaled.jpg","width":2560,"height":1920},{"@type":"BreadcrumbList","@id":"https:\/\/cpts-ouest-herault.fr\/index.php\/2026\/03\/13\/mars-bleu-mobilisation-pour-la-prevention-du-cancer-colorectal-a-boujan-sur-libron\/#breadcrumb","itemListElement":[{"@type":"ListItem","position":1,"name":"Accueil","item":"https:\/\/cpts-ouest-herault.fr\/"},{"@type":"ListItem","position":2,"name":"Mars Bleu : mobilisation pour la pr\u00e9vention du cancer colorectal \u00e0 Boujan-sur-Libron"}]},{"@type":"WebSite","@id":"https:\/\/cpts-ouest-herault.fr\/#website","url":"https:\/\/cpts-ouest-herault.fr\/","name":"CPTS Ouest H\u00e9rault","description":"","publisher":{"@id":"https:\/\/cpts-ouest-herault.fr\/#organization"},"potentialAction":[{"@type":"SearchAction","target":{"@type":"EntryPoint","urlTemplate":"https:\/\/cpts-ouest-herault.fr\/?s={search_term_string}"},"query-input":{"@type":"PropertyValueSpecification","valueRequired":true,"valueName":"search_term_string"}}],"inLanguage":"fr-FR"},{"@type":"Organization","@id":"https:\/\/cpts-ouest-herault.fr\/#organization","name":"CPTS Ouest H\u00e9rault","url":"https:\/\/cpts-ouest-herault.fr\/","logo":{"@type":"ImageObject","inLanguage":"fr-FR","@id":"https:\/\/cpts-ouest-herault.fr\/#\/schema\/logo\/image\/","url":"https:\/\/cpts-ouest-herault.fr\/wp-content\/uploads\/2025\/03\/cropped-Logo-CPTS-Modifie.png","contentUrl":"https:\/\/cpts-ouest-herault.fr\/wp-content\/uploads\/2025\/03\/cropped-Logo-CPTS-Modifie.png","width":175,"height":134,"caption":"CPTS Ouest H\u00e9rault"},"image":{"@id":"https:\/\/cpts-ouest-herault.fr\/#\/schema\/logo\/image\/"},"sameAs":["https:\/\/www.linkedin.com\/company\/cpts-ouest-herault"]},{"@type":"Person","@id":"https:\/\/cpts-ouest-herault.fr\/#\/schema\/person\/e2ec38d33992d51933b7be4c23745642","name":"admin5120","image":{"@type":"ImageObject","inLanguage":"fr-FR","@id":"https:\/\/secure.gravatar.com\/avatar\/c4d1cc16ef704da6329a105955d8e3fdfff70d0b410a11925b48bc2d9e9309e1?s=96&d=mm&r=g","url":"https:\/\/secure.gravatar.com\/avatar\/c4d1cc16ef704da6329a105955d8e3fdfff70d0b410a11925b48bc2d9e9309e1?s=96&d=mm&r=g","contentUrl":"https:\/\/secure.gravatar.com\/avatar\/c4d1cc16ef704da6329a105955d8e3fdfff70d0b410a11925b48bc2d9e9309e1?s=96&d=mm&r=g","caption":"admin5120"},"sameAs":["http:\/\/cpts-ouest-herault.fr"],"url":"https:\/\/cpts-ouest-herault.fr\/index.php\/author\/admin5120\/"}]}},"_links":{"self":[{"href":"https:\/\/cpts-ouest-herault.fr\/index.php\/wp-json\/wp\/v2\/posts\/550","targetHints":{"allow":["GET"]}}],"collection":[{"href":"https:\/\/cpts-ouest-herault.fr\/index.php\/wp-json\/wp\/v2\/posts"}],"about":[{"href":"https:\/\/cpts-ouest-herault.fr\/index.php\/wp-json\/wp\/v2\/types\/post"}],"author":[{"embeddable":true,"href":"https:\/\/cpts-ouest-herault.fr\/index.php\/wp-json\/wp\/v2\/users\/1"}],"replies":[{"embeddable":true,"href":"https:\/\/cpts-ouest-herault.fr\/index.php\/wp-json\/wp\/v2\/comments?post=550"}],"version-history":[{"count":0,"href":"https:\/\/cpts-ouest-herault.fr\/index.php\/wp-json\/wp\/v2\/posts\/550\/revisions"}],"wp:featuredmedia":[{"embeddable":true,"href":"https:\/\/cpts-ouest-herault.fr\/index.php\/wp-json\/wp\/v2\/media\/551"}],"wp:attachment":[{"href":"https:\/\/cpts-ouest-herault.fr\/index.php\/wp-json\/wp\/v2\/media?parent=550"}],"wp:term":[{"taxonomy":"category","embeddable":true,"href":"https:\/\/cpts-ouest-herault.fr\/index.php\/wp-json\/wp\/v2\/categories?post=550"},{"taxonomy":"post_tag","embeddable":true,"href":"https:\/\/cpts-ouest-herault.fr\/index.php\/wp-json\/wp\/v2\/tags?post=550"}],"curies":[{"name":"wp","href":"https:\/\/api.w.org\/{rel}","templated":true}]}}