{"id":652,"date":"2026-04-27T10:47:37","date_gmt":"2026-04-27T08:47:37","guid":{"rendered":"https:\/\/cpts-ouest-herault.fr\/?p=652"},"modified":"2026-04-27T10:47:38","modified_gmt":"2026-04-27T08:47:38","slug":"semaine-europeenne-de-la-vaccination-2026-sensibiliser-les-jeunes-a-la-vaccination","status":"publish","type":"post","link":"https:\/\/cpts-ouest-herault.fr\/index.php\/2026\/04\/27\/semaine-europeenne-de-la-vaccination-2026-sensibiliser-les-jeunes-a-la-vaccination\/","title":{"rendered":"Semaine Europ\u00e9enne de la Vaccination 2026 : sensibiliser les jeunes \u00e0 la vaccination"},"content":{"rendered":"\n<p>La <strong><a href=\"https:\/\/sante.gouv.fr\/actualites-presse\/presse\/communiques-de-presse\/article\/semaine-europeenne-de-la-vaccination-2026\">Semaine Europ\u00e9enne de la Vaccination<\/a> (SEV)<\/strong> se d\u00e9roulera du <strong>27 avril au 10 mai 2026<\/strong> en Occitanie. Cet \u00e9v\u00e9nement annuel vise \u00e0 <strong>sensibiliser le grand public et les professionnels de sant\u00e9 \u00e0 l\u2019importance de la vaccination<\/strong>, un levier essentiel de pr\u00e9vention et de sant\u00e9 publique.<\/p>\n\n\n\n<p>Cette ann\u00e9e, la th\u00e9matique mise \u00e0 l\u2019honneur est : <strong>\u00ab La vaccination des adolescents et des jeunes adultes \u00bb<\/strong><\/p>\n\n\n\n<h2 class=\"wp-block-heading\">Un enjeu majeur de sant\u00e9 publique<\/h2>\n\n\n\n<p>La vaccination reste l\u2019un des moyens les plus efficaces pour pr\u00e9venir de nombreuses maladies infectieuses. Pourtant, certaines couvertures vaccinales restent insuffisantes, notamment chez les adolescents et les jeunes adultes.<\/p>\n\n\n\n<p>La SEV 2026 a pour objectif de :<\/p>\n\n\n\n<ul class=\"wp-block-list\">\n<li>rappeler les <strong>recommandations vaccinales<\/strong>,<\/li>\n\n\n\n<li>informer sur les vaccins disponibles,<\/li>\n\n\n\n<li>lutter contre les id\u00e9es re\u00e7ues,<\/li>\n\n\n\n<li>encourager le recours \u00e0 la vaccination.<\/li>\n<\/ul>\n\n\n\n<p>Cette mobilisation s\u2019adresse \u00e0 l\u2019ensemble des acteurs : <strong>grand public, professionnels de sant\u00e9, d\u00e9cideurs et institutions<\/strong>.<\/p>\n\n\n\n<h2 class=\"wp-block-heading\">Focus sur la vaccination des adolescents et jeunes adultes<\/h2>\n\n\n\n<p>Cette population repr\u00e9sente un enjeu cl\u00e9, notamment pour plusieurs vaccinations importantes :<\/p>\n\n\n\n<ul class=\"wp-block-list\">\n<li>la <strong>vaccination contre le papillomavirus humain (HPV)<\/strong>, essentielle pour pr\u00e9venir certains cancers,<\/li>\n\n\n\n<li>la <strong>vaccination contre le m\u00e9ningocoque<\/strong>, indispensable pour \u00e9viter des infections graves et rapides.<\/li>\n<\/ul>\n\n\n\n<p>Informer et accompagner les jeunes dans leur parcours vaccinal est donc essentiel pour am\u00e9liorer la pr\u00e9vention \u00e0 long terme.<\/p>\n\n\n\n<h2 class=\"wp-block-heading\">Des outils \u00e0 disposition pour s\u2019informer<\/h2>\n\n\n\n<p>Dans le cadre de la SEV 2026, plusieurs supports sont mis \u00e0 disposition :<\/p>\n\n\n\n<h3 class=\"wp-block-heading\">Pour le grand public :<\/h3>\n\n\n\n<ul class=\"wp-block-list\">\n<li>une <strong>affiche d\u00e9di\u00e9e \u00e0 la vaccination des adolescents et des jeunes adultes<\/strong><\/li>\n<\/ul>\n\n\n\n<h3 class=\"wp-block-heading\">Pour les professionnels de sant\u00e9 :<\/h3>\n\n\n\n<ul class=\"wp-block-list\">\n<li>un <strong>flash-info sur la vaccination HPV<\/strong><\/li>\n\n\n\n<li>un <strong>flash-info sur la vaccination m\u00e9ningocoque<\/strong><\/li>\n<\/ul>\n\n\n\n<div class=\"wp-block-buttons is-content-justification-center is-layout-flex wp-container-core-buttons-is-layout-a89b3969 wp-block-buttons-is-layout-flex\">\n<div class=\"wp-block-button\"><a class=\"wp-block-button__link wp-element-button\" href=\"https:\/\/enquetes.chu-toulouse.fr\/SurveyServer\/s\/OMEDIT_OCCITANIE\/Plateforme_OMEDIT\/semainevaccination.htm\">Acc\u00e9der aux outils<\/a><\/div>\n<\/div>\n\n\n\n<p>Par ailleurs, les supports des \u00e9ditions pr\u00e9c\u00e9dentes restent disponibles pour approfondir les th\u00e9matiques li\u00e9es \u00e0 la vaccination.<\/p>\n\n\n\n<h2 class=\"wp-block-heading\">La CPTS Ouest H\u00e9rault engag\u00e9e dans la pr\u00e9vention<\/h2>\n\n\n\n<p>La CPTS Ouest H\u00e9rault s\u2019inscrit pleinement dans cette dynamique en relayant les messages de pr\u00e9vention et en soutenant les actions visant \u00e0 am\u00e9liorer la <strong>couverture vaccinale sur le territoire<\/strong>.<\/p>\n\n\n\n<p>La vaccination est un enjeu collectif : professionnels de sant\u00e9, patients et institutions ont un r\u00f4le \u00e0 jouer pour prot\u00e9ger la population.<\/p>\n\n\n\n<p><\/p>\n","protected":false},"excerpt":{"rendered":"<p>La Semaine Europ\u00e9enne de la Vaccination (SEV) se d\u00e9roulera du 27 avril au 10 mai 2026 en Occitanie. Cet \u00e9v\u00e9nement annuel vise \u00e0 sensibiliser le grand public et les professionnels de sant\u00e9 \u00e0 l\u2019importance de la vaccination, un levier essentiel de pr\u00e9vention et de sant\u00e9 publique.<\/p>\n","protected":false},"author":1,"featured_media":248,"comment_status":"closed","ping_status":"closed","sticky":false,"template":"","format":"standard","meta":{"site-sidebar-layout":"default","site-content-layout":"","ast-site-content-layout":"default","site-content-style":"default","site-sidebar-style":"default","ast-global-header-display":"","ast-banner-title-visibility":"","ast-main-header-display":"","ast-hfb-above-header-display":"","ast-hfb-below-header-display":"","ast-hfb-mobile-header-display":"","site-post-title":"","ast-breadcrumbs-content":"","ast-featured-img":"","footer-sml-layout":"","theme-transparent-header-meta":"","adv-header-id-meta":"","stick-header-meta":"","header-above-stick-meta":"","header-main-stick-meta":"","header-below-stick-meta":"","astra-migrate-meta-layouts":"default","ast-page-background-enabled":"default","ast-page-background-meta":{"desktop":{"background-color":"var(--ast-global-color-5)","background-image":"","background-repeat":"repeat","background-position":"center center","background-size":"auto","background-attachment":"scroll","background-type":"","background-media":"","overlay-type":"","overlay-color":"","overlay-opacity":"","overlay-gradient":""},"tablet":{"background-color":"","background-image":"","background-repeat":"repeat","background-position":"center center","background-size":"auto","background-attachment":"scroll","background-type":"","background-media":"","overlay-type":"","overlay-color":"","overlay-opacity":"","overlay-gradient":""},"mobile":{"background-color":"","background-image":"","background-repeat":"repeat","background-position":"center center","background-size":"auto","background-attachment":"scroll","background-type":"","background-media":"","overlay-type":"","overlay-color":"","overlay-opacity":"","overlay-gradient":""}},"ast-content-background-meta":{"desktop":{"background-color":"var(--ast-global-color-4)","background-image":"","background-repeat":"repeat","background-position":"center center","background-size":"auto","background-attachment":"scroll","background-type":"","background-media":"","overlay-type":"","overlay-color":"","overlay-opacity":"","overlay-gradient":""},"tablet":{"background-color":"var(--ast-global-color-4)","background-image":"","background-repeat":"repeat","background-position":"center center","background-size":"auto","background-attachment":"scroll","background-type":"","background-media":"","overlay-type":"","overlay-color":"","overlay-opacity":"","overlay-gradient":""},"mobile":{"background-color":"var(--ast-global-color-4)","background-image":"","background-repeat":"repeat","background-position":"center center","background-size":"auto","background-attachment":"scroll","background-type":"","background-media":"","overlay-type":"","overlay-color":"","overlay-opacity":"","overlay-gradient":""}},"footnotes":""},"categories":[39],"tags":[61,62,59,63,60],"class_list":["post-652","post","type-post","status-publish","format-standard","has-post-thumbnail","hentry","category-national","tag-hpv-vaccination","tag-prevention-vaccination","tag-sev-2026-occitanie","tag-vaccination-adolescents","tag-vaccination-jeunes-adultes"],"yoast_head":"<!-- This site is optimized with the Yoast SEO plugin v27.5 - https:\/\/yoast.com\/product\/yoast-seo-wordpress\/ -->\n<title>Semaine Europ\u00e9enne de la Vaccination 2026 : sensibiliser les jeunes \u00e0 la vaccination - CPTS Ouest H\u00e9rault<\/title>\n<meta name=\"description\" content=\"La Semaine Europ\u00e9enne de la Vaccination 2026 met l\u2019accent sur la vaccination des adolescents et jeunes adultes. D\u00e9couvrez les outils et recommandations.\" \/>\n<meta name=\"robots\" content=\"index, follow, max-snippet:-1, max-image-preview:large, max-video-preview:-1\" \/>\n<link rel=\"canonical\" href=\"https:\/\/cpts-ouest-herault.fr\/index.php\/2026\/04\/27\/semaine-europeenne-de-la-vaccination-2026-sensibiliser-les-jeunes-a-la-vaccination\/\" \/>\n<meta property=\"og:locale\" content=\"fr_FR\" \/>\n<meta property=\"og:type\" content=\"article\" \/>\n<meta property=\"og:title\" content=\"Semaine Europ\u00e9enne de la Vaccination 2026 : sensibiliser les jeunes \u00e0 la vaccination - CPTS Ouest H\u00e9rault\" \/>\n<meta property=\"og:description\" content=\"La Semaine Europ\u00e9enne de la Vaccination 2026 met l\u2019accent sur la vaccination des adolescents et jeunes adultes. D\u00e9couvrez les outils et recommandations.\" \/>\n<meta property=\"og:url\" content=\"https:\/\/cpts-ouest-herault.fr\/index.php\/2026\/04\/27\/semaine-europeenne-de-la-vaccination-2026-sensibiliser-les-jeunes-a-la-vaccination\/\" \/>\n<meta property=\"og:site_name\" content=\"CPTS Ouest H\u00e9rault\" \/>\n<meta property=\"article:published_time\" content=\"2026-04-27T08:47:37+00:00\" \/>\n<meta property=\"article:modified_time\" content=\"2026-04-27T08:47:38+00:00\" \/>\n<meta property=\"og:image\" content=\"http:\/\/cpts-ouest-herault.fr\/wp-content\/uploads\/2025\/05\/Design-sans-titre-2.png\" \/>\n\t<meta property=\"og:image:width\" content=\"473\" \/>\n\t<meta property=\"og:image:height\" content=\"315\" \/>\n\t<meta property=\"og:image:type\" content=\"image\/png\" \/>\n<meta name=\"author\" content=\"admin5120\" \/>\n<meta name=\"twitter:card\" content=\"summary_large_image\" \/>\n<meta name=\"twitter:label1\" content=\"\u00c9crit par\" \/>\n\t<meta name=\"twitter:data1\" content=\"admin5120\" \/>\n\t<meta name=\"twitter:label2\" content=\"Dur\u00e9e de lecture estim\u00e9e\" \/>\n\t<meta name=\"twitter:data2\" content=\"2 minutes\" \/>\n<script type=\"application\/ld+json\" class=\"yoast-schema-graph\">{\"@context\":\"https:\\\/\\\/schema.org\",\"@graph\":[{\"@type\":\"Article\",\"@id\":\"https:\\\/\\\/cpts-ouest-herault.fr\\\/index.php\\\/2026\\\/04\\\/27\\\/semaine-europeenne-de-la-vaccination-2026-sensibiliser-les-jeunes-a-la-vaccination\\\/#article\",\"isPartOf\":{\"@id\":\"https:\\\/\\\/cpts-ouest-herault.fr\\\/index.php\\\/2026\\\/04\\\/27\\\/semaine-europeenne-de-la-vaccination-2026-sensibiliser-les-jeunes-a-la-vaccination\\\/\"},\"author\":{\"name\":\"admin5120\",\"@id\":\"https:\\\/\\\/cpts-ouest-herault.fr\\\/#\\\/schema\\\/person\\\/e2ec38d33992d51933b7be4c23745642\"},\"headline\":\"Semaine Europ\u00e9enne de la Vaccination 2026 : sensibiliser les jeunes \u00e0 la vaccination\",\"datePublished\":\"2026-04-27T08:47:37+00:00\",\"dateModified\":\"2026-04-27T08:47:38+00:00\",\"mainEntityOfPage\":{\"@id\":\"https:\\\/\\\/cpts-ouest-herault.fr\\\/index.php\\\/2026\\\/04\\\/27\\\/semaine-europeenne-de-la-vaccination-2026-sensibiliser-les-jeunes-a-la-vaccination\\\/\"},\"wordCount\":365,\"publisher\":{\"@id\":\"https:\\\/\\\/cpts-ouest-herault.fr\\\/#organization\"},\"image\":{\"@id\":\"https:\\\/\\\/cpts-ouest-herault.fr\\\/index.php\\\/2026\\\/04\\\/27\\\/semaine-europeenne-de-la-vaccination-2026-sensibiliser-les-jeunes-a-la-vaccination\\\/#primaryimage\"},\"thumbnailUrl\":\"https:\\\/\\\/cpts-ouest-herault.fr\\\/wp-content\\\/uploads\\\/2025\\\/05\\\/Design-sans-titre-2.png\",\"keywords\":[\"HPV vaccination\",\"pr\u00e9vention vaccination\",\"SEV 2026 Occitanie\",\"vaccination adolescents\",\"vaccination jeunes adultes\"],\"articleSection\":[\"Actualit\u00e9s r\u00e9gionales et nationales\"],\"inLanguage\":\"fr-FR\"},{\"@type\":\"WebPage\",\"@id\":\"https:\\\/\\\/cpts-ouest-herault.fr\\\/index.php\\\/2026\\\/04\\\/27\\\/semaine-europeenne-de-la-vaccination-2026-sensibiliser-les-jeunes-a-la-vaccination\\\/\",\"url\":\"https:\\\/\\\/cpts-ouest-herault.fr\\\/index.php\\\/2026\\\/04\\\/27\\\/semaine-europeenne-de-la-vaccination-2026-sensibiliser-les-jeunes-a-la-vaccination\\\/\",\"name\":\"Semaine Europ\u00e9enne de la Vaccination 2026 : sensibiliser les jeunes \u00e0 la vaccination - CPTS Ouest H\u00e9rault\",\"isPartOf\":{\"@id\":\"https:\\\/\\\/cpts-ouest-herault.fr\\\/#website\"},\"primaryImageOfPage\":{\"@id\":\"https:\\\/\\\/cpts-ouest-herault.fr\\\/index.php\\\/2026\\\/04\\\/27\\\/semaine-europeenne-de-la-vaccination-2026-sensibiliser-les-jeunes-a-la-vaccination\\\/#primaryimage\"},\"image\":{\"@id\":\"https:\\\/\\\/cpts-ouest-herault.fr\\\/index.php\\\/2026\\\/04\\\/27\\\/semaine-europeenne-de-la-vaccination-2026-sensibiliser-les-jeunes-a-la-vaccination\\\/#primaryimage\"},\"thumbnailUrl\":\"https:\\\/\\\/cpts-ouest-herault.fr\\\/wp-content\\\/uploads\\\/2025\\\/05\\\/Design-sans-titre-2.png\",\"datePublished\":\"2026-04-27T08:47:37+00:00\",\"dateModified\":\"2026-04-27T08:47:38+00:00\",\"description\":\"La Semaine Europ\u00e9enne de la Vaccination 2026 met l\u2019accent sur la vaccination des adolescents et jeunes adultes. D\u00e9couvrez les outils et recommandations.\",\"breadcrumb\":{\"@id\":\"https:\\\/\\\/cpts-ouest-herault.fr\\\/index.php\\\/2026\\\/04\\\/27\\\/semaine-europeenne-de-la-vaccination-2026-sensibiliser-les-jeunes-a-la-vaccination\\\/#breadcrumb\"},\"inLanguage\":\"fr-FR\",\"potentialAction\":[{\"@type\":\"ReadAction\",\"target\":[\"https:\\\/\\\/cpts-ouest-herault.fr\\\/index.php\\\/2026\\\/04\\\/27\\\/semaine-europeenne-de-la-vaccination-2026-sensibiliser-les-jeunes-a-la-vaccination\\\/\"]}]},{\"@type\":\"ImageObject\",\"inLanguage\":\"fr-FR\",\"@id\":\"https:\\\/\\\/cpts-ouest-herault.fr\\\/index.php\\\/2026\\\/04\\\/27\\\/semaine-europeenne-de-la-vaccination-2026-sensibiliser-les-jeunes-a-la-vaccination\\\/#primaryimage\",\"url\":\"https:\\\/\\\/cpts-ouest-herault.fr\\\/wp-content\\\/uploads\\\/2025\\\/05\\\/Design-sans-titre-2.png\",\"contentUrl\":\"https:\\\/\\\/cpts-ouest-herault.fr\\\/wp-content\\\/uploads\\\/2025\\\/05\\\/Design-sans-titre-2.png\",\"width\":473,\"height\":315,\"caption\":\"Image article vaccin\"},{\"@type\":\"BreadcrumbList\",\"@id\":\"https:\\\/\\\/cpts-ouest-herault.fr\\\/index.php\\\/2026\\\/04\\\/27\\\/semaine-europeenne-de-la-vaccination-2026-sensibiliser-les-jeunes-a-la-vaccination\\\/#breadcrumb\",\"itemListElement\":[{\"@type\":\"ListItem\",\"position\":1,\"name\":\"Accueil\",\"item\":\"https:\\\/\\\/cpts-ouest-herault.fr\\\/\"},{\"@type\":\"ListItem\",\"position\":2,\"name\":\"Semaine Europ\u00e9enne de la Vaccination 2026 : sensibiliser les jeunes \u00e0 la vaccination\"}]},{\"@type\":\"WebSite\",\"@id\":\"https:\\\/\\\/cpts-ouest-herault.fr\\\/#website\",\"url\":\"https:\\\/\\\/cpts-ouest-herault.fr\\\/\",\"name\":\"CPTS Ouest H\u00e9rault\",\"description\":\"\",\"publisher\":{\"@id\":\"https:\\\/\\\/cpts-ouest-herault.fr\\\/#organization\"},\"potentialAction\":[{\"@type\":\"SearchAction\",\"target\":{\"@type\":\"EntryPoint\",\"urlTemplate\":\"https:\\\/\\\/cpts-ouest-herault.fr\\\/?s={search_term_string}\"},\"query-input\":{\"@type\":\"PropertyValueSpecification\",\"valueRequired\":true,\"valueName\":\"search_term_string\"}}],\"inLanguage\":\"fr-FR\"},{\"@type\":\"Organization\",\"@id\":\"https:\\\/\\\/cpts-ouest-herault.fr\\\/#organization\",\"name\":\"CPTS Ouest H\u00e9rault\",\"url\":\"https:\\\/\\\/cpts-ouest-herault.fr\\\/\",\"logo\":{\"@type\":\"ImageObject\",\"inLanguage\":\"fr-FR\",\"@id\":\"https:\\\/\\\/cpts-ouest-herault.fr\\\/#\\\/schema\\\/logo\\\/image\\\/\",\"url\":\"https:\\\/\\\/cpts-ouest-herault.fr\\\/wp-content\\\/uploads\\\/2025\\\/03\\\/cropped-Logo-CPTS-Modifie.png\",\"contentUrl\":\"https:\\\/\\\/cpts-ouest-herault.fr\\\/wp-content\\\/uploads\\\/2025\\\/03\\\/cropped-Logo-CPTS-Modifie.png\",\"width\":175,\"height\":134,\"caption\":\"CPTS Ouest H\u00e9rault\"},\"image\":{\"@id\":\"https:\\\/\\\/cpts-ouest-herault.fr\\\/#\\\/schema\\\/logo\\\/image\\\/\"},\"sameAs\":[\"https:\\\/\\\/www.linkedin.com\\\/company\\\/cpts-ouest-herault\"]},{\"@type\":\"Person\",\"@id\":\"https:\\\/\\\/cpts-ouest-herault.fr\\\/#\\\/schema\\\/person\\\/e2ec38d33992d51933b7be4c23745642\",\"name\":\"admin5120\",\"image\":{\"@type\":\"ImageObject\",\"inLanguage\":\"fr-FR\",\"@id\":\"https:\\\/\\\/secure.gravatar.com\\\/avatar\\\/c4d1cc16ef704da6329a105955d8e3fdfff70d0b410a11925b48bc2d9e9309e1?s=96&d=mm&r=g\",\"url\":\"https:\\\/\\\/secure.gravatar.com\\\/avatar\\\/c4d1cc16ef704da6329a105955d8e3fdfff70d0b410a11925b48bc2d9e9309e1?s=96&d=mm&r=g\",\"contentUrl\":\"https:\\\/\\\/secure.gravatar.com\\\/avatar\\\/c4d1cc16ef704da6329a105955d8e3fdfff70d0b410a11925b48bc2d9e9309e1?s=96&d=mm&r=g\",\"caption\":\"admin5120\"},\"sameAs\":[\"http:\\\/\\\/cpts-ouest-herault.fr\"],\"url\":\"https:\\\/\\\/cpts-ouest-herault.fr\\\/index.php\\\/author\\\/admin5120\\\/\"}]}<\/script>\n<!-- \/ Yoast SEO plugin. -->","yoast_head_json":{"title":"Semaine Europ\u00e9enne de la Vaccination 2026 : sensibiliser les jeunes \u00e0 la vaccination - CPTS Ouest H\u00e9rault","description":"La Semaine Europ\u00e9enne de la Vaccination 2026 met l\u2019accent sur la vaccination des adolescents et jeunes adultes. D\u00e9couvrez les outils et recommandations.","robots":{"index":"index","follow":"follow","max-snippet":"max-snippet:-1","max-image-preview":"max-image-preview:large","max-video-preview":"max-video-preview:-1"},"canonical":"https:\/\/cpts-ouest-herault.fr\/index.php\/2026\/04\/27\/semaine-europeenne-de-la-vaccination-2026-sensibiliser-les-jeunes-a-la-vaccination\/","og_locale":"fr_FR","og_type":"article","og_title":"Semaine Europ\u00e9enne de la Vaccination 2026 : sensibiliser les jeunes \u00e0 la vaccination - CPTS Ouest H\u00e9rault","og_description":"La Semaine Europ\u00e9enne de la Vaccination 2026 met l\u2019accent sur la vaccination des adolescents et jeunes adultes. D\u00e9couvrez les outils et recommandations.","og_url":"https:\/\/cpts-ouest-herault.fr\/index.php\/2026\/04\/27\/semaine-europeenne-de-la-vaccination-2026-sensibiliser-les-jeunes-a-la-vaccination\/","og_site_name":"CPTS Ouest H\u00e9rault","article_published_time":"2026-04-27T08:47:37+00:00","article_modified_time":"2026-04-27T08:47:38+00:00","og_image":[{"width":473,"height":315,"url":"http:\/\/cpts-ouest-herault.fr\/wp-content\/uploads\/2025\/05\/Design-sans-titre-2.png","type":"image\/png"}],"author":"admin5120","twitter_card":"summary_large_image","twitter_misc":{"\u00c9crit par":"admin5120","Dur\u00e9e de lecture estim\u00e9e":"2 minutes"},"schema":{"@context":"https:\/\/schema.org","@graph":[{"@type":"Article","@id":"https:\/\/cpts-ouest-herault.fr\/index.php\/2026\/04\/27\/semaine-europeenne-de-la-vaccination-2026-sensibiliser-les-jeunes-a-la-vaccination\/#article","isPartOf":{"@id":"https:\/\/cpts-ouest-herault.fr\/index.php\/2026\/04\/27\/semaine-europeenne-de-la-vaccination-2026-sensibiliser-les-jeunes-a-la-vaccination\/"},"author":{"name":"admin5120","@id":"https:\/\/cpts-ouest-herault.fr\/#\/schema\/person\/e2ec38d33992d51933b7be4c23745642"},"headline":"Semaine Europ\u00e9enne de la Vaccination 2026 : sensibiliser les jeunes \u00e0 la vaccination","datePublished":"2026-04-27T08:47:37+00:00","dateModified":"2026-04-27T08:47:38+00:00","mainEntityOfPage":{"@id":"https:\/\/cpts-ouest-herault.fr\/index.php\/2026\/04\/27\/semaine-europeenne-de-la-vaccination-2026-sensibiliser-les-jeunes-a-la-vaccination\/"},"wordCount":365,"publisher":{"@id":"https:\/\/cpts-ouest-herault.fr\/#organization"},"image":{"@id":"https:\/\/cpts-ouest-herault.fr\/index.php\/2026\/04\/27\/semaine-europeenne-de-la-vaccination-2026-sensibiliser-les-jeunes-a-la-vaccination\/#primaryimage"},"thumbnailUrl":"https:\/\/cpts-ouest-herault.fr\/wp-content\/uploads\/2025\/05\/Design-sans-titre-2.png","keywords":["HPV vaccination","pr\u00e9vention vaccination","SEV 2026 Occitanie","vaccination adolescents","vaccination jeunes adultes"],"articleSection":["Actualit\u00e9s r\u00e9gionales et nationales"],"inLanguage":"fr-FR"},{"@type":"WebPage","@id":"https:\/\/cpts-ouest-herault.fr\/index.php\/2026\/04\/27\/semaine-europeenne-de-la-vaccination-2026-sensibiliser-les-jeunes-a-la-vaccination\/","url":"https:\/\/cpts-ouest-herault.fr\/index.php\/2026\/04\/27\/semaine-europeenne-de-la-vaccination-2026-sensibiliser-les-jeunes-a-la-vaccination\/","name":"Semaine Europ\u00e9enne de la Vaccination 2026 : sensibiliser les jeunes \u00e0 la vaccination - CPTS Ouest H\u00e9rault","isPartOf":{"@id":"https:\/\/cpts-ouest-herault.fr\/#website"},"primaryImageOfPage":{"@id":"https:\/\/cpts-ouest-herault.fr\/index.php\/2026\/04\/27\/semaine-europeenne-de-la-vaccination-2026-sensibiliser-les-jeunes-a-la-vaccination\/#primaryimage"},"image":{"@id":"https:\/\/cpts-ouest-herault.fr\/index.php\/2026\/04\/27\/semaine-europeenne-de-la-vaccination-2026-sensibiliser-les-jeunes-a-la-vaccination\/#primaryimage"},"thumbnailUrl":"https:\/\/cpts-ouest-herault.fr\/wp-content\/uploads\/2025\/05\/Design-sans-titre-2.png","datePublished":"2026-04-27T08:47:37+00:00","dateModified":"2026-04-27T08:47:38+00:00","description":"La Semaine Europ\u00e9enne de la Vaccination 2026 met l\u2019accent sur la vaccination des adolescents et jeunes adultes. D\u00e9couvrez les outils et recommandations.","breadcrumb":{"@id":"https:\/\/cpts-ouest-herault.fr\/index.php\/2026\/04\/27\/semaine-europeenne-de-la-vaccination-2026-sensibiliser-les-jeunes-a-la-vaccination\/#breadcrumb"},"inLanguage":"fr-FR","potentialAction":[{"@type":"ReadAction","target":["https:\/\/cpts-ouest-herault.fr\/index.php\/2026\/04\/27\/semaine-europeenne-de-la-vaccination-2026-sensibiliser-les-jeunes-a-la-vaccination\/"]}]},{"@type":"ImageObject","inLanguage":"fr-FR","@id":"https:\/\/cpts-ouest-herault.fr\/index.php\/2026\/04\/27\/semaine-europeenne-de-la-vaccination-2026-sensibiliser-les-jeunes-a-la-vaccination\/#primaryimage","url":"https:\/\/cpts-ouest-herault.fr\/wp-content\/uploads\/2025\/05\/Design-sans-titre-2.png","contentUrl":"https:\/\/cpts-ouest-herault.fr\/wp-content\/uploads\/2025\/05\/Design-sans-titre-2.png","width":473,"height":315,"caption":"Image article vaccin"},{"@type":"BreadcrumbList","@id":"https:\/\/cpts-ouest-herault.fr\/index.php\/2026\/04\/27\/semaine-europeenne-de-la-vaccination-2026-sensibiliser-les-jeunes-a-la-vaccination\/#breadcrumb","itemListElement":[{"@type":"ListItem","position":1,"name":"Accueil","item":"https:\/\/cpts-ouest-herault.fr\/"},{"@type":"ListItem","position":2,"name":"Semaine Europ\u00e9enne de la Vaccination 2026 : sensibiliser les jeunes \u00e0 la vaccination"}]},{"@type":"WebSite","@id":"https:\/\/cpts-ouest-herault.fr\/#website","url":"https:\/\/cpts-ouest-herault.fr\/","name":"CPTS Ouest H\u00e9rault","description":"","publisher":{"@id":"https:\/\/cpts-ouest-herault.fr\/#organization"},"potentialAction":[{"@type":"SearchAction","target":{"@type":"EntryPoint","urlTemplate":"https:\/\/cpts-ouest-herault.fr\/?s={search_term_string}"},"query-input":{"@type":"PropertyValueSpecification","valueRequired":true,"valueName":"search_term_string"}}],"inLanguage":"fr-FR"},{"@type":"Organization","@id":"https:\/\/cpts-ouest-herault.fr\/#organization","name":"CPTS Ouest H\u00e9rault","url":"https:\/\/cpts-ouest-herault.fr\/","logo":{"@type":"ImageObject","inLanguage":"fr-FR","@id":"https:\/\/cpts-ouest-herault.fr\/#\/schema\/logo\/image\/","url":"https:\/\/cpts-ouest-herault.fr\/wp-content\/uploads\/2025\/03\/cropped-Logo-CPTS-Modifie.png","contentUrl":"https:\/\/cpts-ouest-herault.fr\/wp-content\/uploads\/2025\/03\/cropped-Logo-CPTS-Modifie.png","width":175,"height":134,"caption":"CPTS Ouest H\u00e9rault"},"image":{"@id":"https:\/\/cpts-ouest-herault.fr\/#\/schema\/logo\/image\/"},"sameAs":["https:\/\/www.linkedin.com\/company\/cpts-ouest-herault"]},{"@type":"Person","@id":"https:\/\/cpts-ouest-herault.fr\/#\/schema\/person\/e2ec38d33992d51933b7be4c23745642","name":"admin5120","image":{"@type":"ImageObject","inLanguage":"fr-FR","@id":"https:\/\/secure.gravatar.com\/avatar\/c4d1cc16ef704da6329a105955d8e3fdfff70d0b410a11925b48bc2d9e9309e1?s=96&d=mm&r=g","url":"https:\/\/secure.gravatar.com\/avatar\/c4d1cc16ef704da6329a105955d8e3fdfff70d0b410a11925b48bc2d9e9309e1?s=96&d=mm&r=g","contentUrl":"https:\/\/secure.gravatar.com\/avatar\/c4d1cc16ef704da6329a105955d8e3fdfff70d0b410a11925b48bc2d9e9309e1?s=96&d=mm&r=g","caption":"admin5120"},"sameAs":["http:\/\/cpts-ouest-herault.fr"],"url":"https:\/\/cpts-ouest-herault.fr\/index.php\/author\/admin5120\/"}]}},"_links":{"self":[{"href":"https:\/\/cpts-ouest-herault.fr\/index.php\/wp-json\/wp\/v2\/posts\/652","targetHints":{"allow":["GET"]}}],"collection":[{"href":"https:\/\/cpts-ouest-herault.fr\/index.php\/wp-json\/wp\/v2\/posts"}],"about":[{"href":"https:\/\/cpts-ouest-herault.fr\/index.php\/wp-json\/wp\/v2\/types\/post"}],"author":[{"embeddable":true,"href":"https:\/\/cpts-ouest-herault.fr\/index.php\/wp-json\/wp\/v2\/users\/1"}],"replies":[{"embeddable":true,"href":"https:\/\/cpts-ouest-herault.fr\/index.php\/wp-json\/wp\/v2\/comments?post=652"}],"version-history":[{"count":0,"href":"https:\/\/cpts-ouest-herault.fr\/index.php\/wp-json\/wp\/v2\/posts\/652\/revisions"}],"wp:featuredmedia":[{"embeddable":true,"href":"https:\/\/cpts-ouest-herault.fr\/index.php\/wp-json\/wp\/v2\/media\/248"}],"wp:attachment":[{"href":"https:\/\/cpts-ouest-herault.fr\/index.php\/wp-json\/wp\/v2\/media?parent=652"}],"wp:term":[{"taxonomy":"category","embeddable":true,"href":"https:\/\/cpts-ouest-herault.fr\/index.php\/wp-json\/wp\/v2\/categories?post=652"},{"taxonomy":"post_tag","embeddable":true,"href":"https:\/\/cpts-ouest-herault.fr\/index.php\/wp-json\/wp\/v2\/tags?post=652"}],"curies":[{"name":"wp","href":"https:\/\/api.w.org\/{rel}","templated":true}]}}