{"id":665,"date":"2026-04-27T14:58:53","date_gmt":"2026-04-27T12:58:53","guid":{"rendered":"https:\/\/cpts-ouest-herault.fr\/?p=665"},"modified":"2026-04-27T14:58:54","modified_gmt":"2026-04-27T12:58:54","slug":"depression-perinatale-une-enquete-en-occitanie-pour-mieux-comprendre-et-ameliorer-la-prise-en-charge","status":"publish","type":"post","link":"https:\/\/cpts-ouest-herault.fr\/index.php\/2026\/04\/27\/depression-perinatale-une-enquete-en-occitanie-pour-mieux-comprendre-et-ameliorer-la-prise-en-charge\/","title":{"rendered":"D\u00e9pression p\u00e9rinatale : une enqu\u00eate en Occitanie pour mieux comprendre et am\u00e9liorer la prise en charge"},"content":{"rendered":"\n<p>La <strong>d\u00e9pression p\u00e9rinatale<\/strong> constitue un enjeu majeur de sant\u00e9 publique, encore insuffisamment rep\u00e9r\u00e9 et pris en charge. Dans ce contexte, une <strong>enqu\u00eate r\u00e9gionale est lanc\u00e9e en Occitanie<\/strong> afin de mieux comprendre les pratiques des professionnels de sant\u00e9 et identifier les besoins du terrain.<\/p>\n\n\n\n<h2 class=\"wp-block-heading\">Une enqu\u00eate d\u00e9di\u00e9e aux professionnels de sant\u00e9<\/h2>\n\n\n\n<p>Les professionnels de sant\u00e9 exer\u00e7ant en Occitanie sont invit\u00e9s \u00e0 participer \u00e0 une <strong>enqu\u00eate en ligne<\/strong>, rapide \u00e0 compl\u00e9ter, portant sur la <strong>d\u00e9pression p\u00e9rinatale<\/strong>.<\/p>\n\n\n\n<p>Cette enqu\u00eate s\u2019int\u00e9resse notamment \u00e0 :<\/p>\n\n\n\n<ul class=\"wp-block-list\">\n<li>les <strong>connaissances des professionnels<\/strong> sur la d\u00e9pression p\u00e9rinatale,<\/li>\n\n\n\n<li>leur <strong>niveau de formation<\/strong>,<\/li>\n\n\n\n<li>les <strong>parcours de prise en charge existants<\/strong>,<\/li>\n\n\n\n<li>les difficult\u00e9s rencontr\u00e9es dans le rep\u00e9rage et l\u2019accompagnement des patientes.<\/li>\n<\/ul>\n\n\n\n<div class=\"wp-block-buttons is-content-justification-center is-layout-flex wp-container-core-buttons-is-layout-a89b3969 wp-block-buttons-is-layout-flex\">\n<div class=\"wp-block-button\"><a class=\"wp-block-button__link wp-element-button\" href=\"https:\/\/antispam5.xefi.fr\/securelink\/?url=http:\/\/r.mail.perinatalite-occitanie.fr&amp;key=eyJsYW5nIjoiRlIiLCJ1cmwiOiJodHRwOi8vci5tYWlsLnBlcmluYXRhbGl0ZS1vY2NpdGFuaWUuZnIvbWsvY2wvZi9zaC9PeWNadkh1Rm8xZVFzbmJjSjZEVXB3aHQvTXdnblF4VDhYT0VNIiwidG9rZW4iOiJnQUFBQUFCcDM0OFlMOEplZ1kyaW9PLVRkVHFQRnV2aEdYdk1WT3dPSkh2OU5CRVFMNmpVZ0ktaFNFN3JxNjdLRWRmSzJRQUNYZ2ZkTlFFZEM5R1ZldWtjS1l4QVR3dkVTSzVucnQwUkNkNy15MC1sLW5zc0dwUDR0czVSaXpnSk82SnRLWUIzaGtDWU1vamcxNHpjel8xZ0dTX1kwZHRUa0gyQ2sydzM0eGhCdmkwNXdOTU5TV0dTZE9hN2I0Z0U5bEtFWTJWMTlSa0lZb3pHRlNHQ0UycUpSVjU1cHVXVnVwanU4NXM1dkJUMkZSYjR0MnQ5ODhqb1JiQmRaT29rM0IzZEJnZjc0b2dPZE5aWUc0amt5eF9HYkUwN0RwTC0xS0hNazJSVVBvdVoxOEY2SzJTUThfTjhMcjN6d0p6WXZkbC1UUHY4c0FWUSJ9\">Participer \u00e0 l&rsquo;enqu\u00eate<\/a><\/div>\n<\/div>\n\n\n\n<h2 class=\"wp-block-heading\">Un enjeu cl\u00e9 pour la sant\u00e9 des m\u00e8res et des familles<\/h2>\n\n\n\n<p>La d\u00e9pression p\u00e9rinatale peut survenir pendant la grossesse ou apr\u00e8s la naissance. Elle impacte non seulement la sant\u00e9 de la m\u00e8re, mais \u00e9galement celle de l\u2019enfant et de l\u2019entourage familial.<\/p>\n\n\n\n<p>Un rep\u00e9rage pr\u00e9coce et une prise en charge adapt\u00e9e sont essentiels pour :<\/p>\n\n\n\n<ul class=\"wp-block-list\">\n<li>pr\u00e9venir les complications,<\/li>\n\n\n\n<li>am\u00e9liorer le bien-\u00eatre des familles,<\/li>\n\n\n\n<li>renforcer la qualit\u00e9 du suivi p\u00e9rinatal.<\/li>\n<\/ul>\n\n\n\n<h2 class=\"wp-block-heading\">Une d\u00e9marche inscrite dans une exp\u00e9rimentation nationale<\/h2>\n\n\n\n<p>Cette enqu\u00eate s\u2019inscrit dans le cadre d\u2019une <strong>exp\u00e9rimentation nationale d\u00e9di\u00e9e \u00e0 la d\u00e9pression p\u00e9rinatale<\/strong>, pour laquelle la <strong>r\u00e9gion Occitanie est laur\u00e9ate<\/strong>, aux c\u00f4t\u00e9s de cinq autres r\u00e9gions.<\/p>\n\n\n\n<p>L\u2019objectif est de :<\/p>\n\n\n\n<ul class=\"wp-block-list\">\n<li>mieux comprendre les pratiques professionnelles,<\/li>\n\n\n\n<li>identifier les besoins en <strong>information et en formation<\/strong>,<\/li>\n\n\n\n<li>am\u00e9liorer les parcours de soins,<\/li>\n\n\n\n<li>d\u00e9velopper des dispositifs territoriaux adapt\u00e9s.<\/li>\n<\/ul>\n\n\n\n<h2 class=\"wp-block-heading\">Contribuer \u00e0 am\u00e9liorer les pratiques et les dispositifs<\/h2>\n\n\n\n<p>Les r\u00e9sultats de cette enqu\u00eate permettront de construire des actions concr\u00e8tes pour :<\/p>\n\n\n\n<ul class=\"wp-block-list\">\n<li>renforcer les comp\u00e9tences des professionnels,<\/li>\n\n\n\n<li>am\u00e9liorer le rep\u00e9rage des situations \u00e0 risque,<\/li>\n\n\n\n<li>optimiser la coordination des acteurs de sant\u00e9,<\/li>\n\n\n\n<li>proposer des r\u00e9ponses adapt\u00e9es aux besoins des patientes et des familles.<\/li>\n<\/ul>\n\n\n\n<p>La participation des professionnels est donc essentielle pour faire \u00e9voluer les pratiques et renforcer l\u2019accompagnement sur le territoire.<\/p>\n\n\n\n<h2 class=\"wp-block-heading\">La CPTS Ouest H\u00e9rault mobilis\u00e9e pour relayer l\u2019enqu\u00eate<\/h2>\n\n\n\n<p>La <strong>CPTS Ouest H\u00e9rault<\/strong> relaie cette enqu\u00eate afin d\u2019encourager la participation des professionnels de sant\u00e9 du territoire et contribuer \u00e0 une meilleure prise en charge de la d\u00e9pression p\u00e9rinatale.<\/p>\n\n\n\n<p><strong>Quelques minutes suffisent pour r\u00e9pondre \u00e0 cette enqu\u00eate et participer \u00e0 une d\u00e9marche collective d\u2019am\u00e9lioration des soins.<\/strong><\/p>\n\n\n\n<div class=\"wp-block-buttons is-content-justification-center is-layout-flex wp-container-core-buttons-is-layout-a89b3969 wp-block-buttons-is-layout-flex\">\n<div class=\"wp-block-button\"><a class=\"wp-block-button__link wp-element-button\" href=\"https:\/\/antispam5.xefi.fr\/securelink\/?url=http:\/\/r.mail.perinatalite-occitanie.fr&amp;key=eyJsYW5nIjoiRlIiLCJ1cmwiOiJodHRwOi8vci5tYWlsLnBlcmluYXRhbGl0ZS1vY2NpdGFuaWUuZnIvbWsvY2wvZi9zaC9PeWNadkh1Rm8xZVFzbmJjSjZEVXB3aHQvTXdnblF4VDhYT0VNIiwidG9rZW4iOiJnQUFBQUFCcDM0OFlMOEplZ1kyaW9PLVRkVHFQRnV2aEdYdk1WT3dPSkh2OU5CRVFMNmpVZ0ktaFNFN3JxNjdLRWRmSzJRQUNYZ2ZkTlFFZEM5R1ZldWtjS1l4QVR3dkVTSzVucnQwUkNkNy15MC1sLW5zc0dwUDR0czVSaXpnSk82SnRLWUIzaGtDWU1vamcxNHpjel8xZ0dTX1kwZHRUa0gyQ2sydzM0eGhCdmkwNXdOTU5TV0dTZE9hN2I0Z0U5bEtFWTJWMTlSa0lZb3pHRlNHQ0UycUpSVjU1cHVXVnVwanU4NXM1dkJUMkZSYjR0MnQ5ODhqb1JiQmRaT29rM0IzZEJnZjc0b2dPZE5aWUc0amt5eF9HYkUwN0RwTC0xS0hNazJSVVBvdVoxOEY2SzJTUThfTjhMcjN6d0p6WXZkbC1UUHY4c0FWUSJ9\">Participer \u00e0 l&rsquo;enqu\u00eate<\/a><\/div>\n<\/div>\n","protected":false},"excerpt":{"rendered":"<p>La d\u00e9pression p\u00e9rinatale constitue un enjeu majeur de sant\u00e9 publique, encore insuffisamment rep\u00e9r\u00e9 et pris en charge. Dans ce contexte, une enqu\u00eate r\u00e9gionale est lanc\u00e9e en Occitanie afin de mieux comprendre les pratiques des professionnels de sant\u00e9 et identifier les besoins du terrain.<\/p>\n","protected":false},"author":1,"featured_media":666,"comment_status":"closed","ping_status":"closed","sticky":false,"template":"","format":"standard","meta":{"site-sidebar-layout":"default","site-content-layout":"","ast-site-content-layout":"default","site-content-style":"default","site-sidebar-style":"default","ast-global-header-display":"","ast-banner-title-visibility":"","ast-main-header-display":"","ast-hfb-above-header-display":"","ast-hfb-below-header-display":"","ast-hfb-mobile-header-display":"","site-post-title":"","ast-breadcrumbs-content":"","ast-featured-img":"","footer-sml-layout":"","theme-transparent-header-meta":"","adv-header-id-meta":"","stick-header-meta":"","header-above-stick-meta":"","header-main-stick-meta":"","header-below-stick-meta":"","astra-migrate-meta-layouts":"default","ast-page-background-enabled":"default","ast-page-background-meta":{"desktop":{"background-color":"var(--ast-global-color-5)","background-image":"","background-repeat":"repeat","background-position":"center center","background-size":"auto","background-attachment":"scroll","background-type":"","background-media":"","overlay-type":"","overlay-color":"","overlay-opacity":"","overlay-gradient":""},"tablet":{"background-color":"","background-image":"","background-repeat":"repeat","background-position":"center center","background-size":"auto","background-attachment":"scroll","background-type":"","background-media":"","overlay-type":"","overlay-color":"","overlay-opacity":"","overlay-gradient":""},"mobile":{"background-color":"","background-image":"","background-repeat":"repeat","background-position":"center center","background-size":"auto","background-attachment":"scroll","background-type":"","background-media":"","overlay-type":"","overlay-color":"","overlay-opacity":"","overlay-gradient":""}},"ast-content-background-meta":{"desktop":{"background-color":"var(--ast-global-color-4)","background-image":"","background-repeat":"repeat","background-position":"center center","background-size":"auto","background-attachment":"scroll","background-type":"","background-media":"","overlay-type":"","overlay-color":"","overlay-opacity":"","overlay-gradient":""},"tablet":{"background-color":"var(--ast-global-color-4)","background-image":"","background-repeat":"repeat","background-position":"center center","background-size":"auto","background-attachment":"scroll","background-type":"","background-media":"","overlay-type":"","overlay-color":"","overlay-opacity":"","overlay-gradient":""},"mobile":{"background-color":"var(--ast-global-color-4)","background-image":"","background-repeat":"repeat","background-position":"center center","background-size":"auto","background-attachment":"scroll","background-type":"","background-media":"","overlay-type":"","overlay-color":"","overlay-opacity":"","overlay-gradient":""}},"footnotes":""},"categories":[39],"tags":[64,66,67,65],"class_list":["post-665","post","type-post","status-publish","format-standard","has-post-thumbnail","hentry","category-national","tag-depression-post-partum-professionnels-sante","tag-enquete-sante-perinatale-occitanie","tag-prise-en-charge-depression-perinatale","tag-sante-mentale-grossesse"],"yoast_head":"<!-- This site is optimized with the Yoast SEO plugin v27.5 - https:\/\/yoast.com\/product\/yoast-seo-wordpress\/ -->\n<title>D\u00e9pression p\u00e9rinatale : une enqu\u00eate en Occitanie pour mieux comprendre et am\u00e9liorer la prise en charge - CPTS Ouest H\u00e9rault<\/title>\n<meta name=\"description\" content=\"Professionnels de sant\u00e9 en Occitanie : participez \u00e0 l\u2019enqu\u00eate sur la d\u00e9pression p\u00e9rinatale pour am\u00e9liorer le rep\u00e9rage et les parcours de soins.\" \/>\n<meta name=\"robots\" content=\"index, follow, max-snippet:-1, max-image-preview:large, max-video-preview:-1\" \/>\n<link rel=\"canonical\" href=\"https:\/\/cpts-ouest-herault.fr\/index.php\/2026\/04\/27\/depression-perinatale-une-enquete-en-occitanie-pour-mieux-comprendre-et-ameliorer-la-prise-en-charge\/\" \/>\n<meta property=\"og:locale\" content=\"fr_FR\" \/>\n<meta property=\"og:type\" content=\"article\" \/>\n<meta property=\"og:title\" content=\"D\u00e9pression p\u00e9rinatale : une enqu\u00eate en Occitanie pour mieux comprendre et am\u00e9liorer la prise en charge - CPTS Ouest H\u00e9rault\" \/>\n<meta property=\"og:description\" content=\"Professionnels de sant\u00e9 en Occitanie : participez \u00e0 l\u2019enqu\u00eate sur la d\u00e9pression p\u00e9rinatale pour am\u00e9liorer le rep\u00e9rage et les parcours de soins.\" \/>\n<meta property=\"og:url\" content=\"https:\/\/cpts-ouest-herault.fr\/index.php\/2026\/04\/27\/depression-perinatale-une-enquete-en-occitanie-pour-mieux-comprendre-et-ameliorer-la-prise-en-charge\/\" \/>\n<meta property=\"og:site_name\" content=\"CPTS Ouest H\u00e9rault\" \/>\n<meta property=\"article:published_time\" content=\"2026-04-27T12:58:53+00:00\" \/>\n<meta property=\"article:modified_time\" content=\"2026-04-27T12:58:54+00:00\" \/>\n<meta property=\"og:image\" content=\"http:\/\/cpts-ouest-herault.fr\/wp-content\/uploads\/2026\/04\/Image-article-CPTS-1024x576.png\" \/>\n\t<meta property=\"og:image:width\" content=\"1024\" \/>\n\t<meta property=\"og:image:height\" content=\"576\" \/>\n\t<meta property=\"og:image:type\" content=\"image\/png\" \/>\n<meta name=\"author\" content=\"admin5120\" \/>\n<meta name=\"twitter:card\" content=\"summary_large_image\" \/>\n<meta name=\"twitter:label1\" content=\"\u00c9crit par\" \/>\n\t<meta name=\"twitter:data1\" content=\"admin5120\" \/>\n\t<meta name=\"twitter:label2\" content=\"Dur\u00e9e de lecture estim\u00e9e\" \/>\n\t<meta name=\"twitter:data2\" content=\"3 minutes\" \/>\n<script type=\"application\/ld+json\" class=\"yoast-schema-graph\">{\"@context\":\"https:\\\/\\\/schema.org\",\"@graph\":[{\"@type\":\"Article\",\"@id\":\"https:\\\/\\\/cpts-ouest-herault.fr\\\/index.php\\\/2026\\\/04\\\/27\\\/depression-perinatale-une-enquete-en-occitanie-pour-mieux-comprendre-et-ameliorer-la-prise-en-charge\\\/#article\",\"isPartOf\":{\"@id\":\"https:\\\/\\\/cpts-ouest-herault.fr\\\/index.php\\\/2026\\\/04\\\/27\\\/depression-perinatale-une-enquete-en-occitanie-pour-mieux-comprendre-et-ameliorer-la-prise-en-charge\\\/\"},\"author\":{\"name\":\"admin5120\",\"@id\":\"https:\\\/\\\/cpts-ouest-herault.fr\\\/#\\\/schema\\\/person\\\/e2ec38d33992d51933b7be4c23745642\"},\"headline\":\"D\u00e9pression p\u00e9rinatale : une enqu\u00eate en Occitanie pour mieux comprendre et am\u00e9liorer la prise en charge\",\"datePublished\":\"2026-04-27T12:58:53+00:00\",\"dateModified\":\"2026-04-27T12:58:54+00:00\",\"mainEntityOfPage\":{\"@id\":\"https:\\\/\\\/cpts-ouest-herault.fr\\\/index.php\\\/2026\\\/04\\\/27\\\/depression-perinatale-une-enquete-en-occitanie-pour-mieux-comprendre-et-ameliorer-la-prise-en-charge\\\/\"},\"wordCount\":453,\"publisher\":{\"@id\":\"https:\\\/\\\/cpts-ouest-herault.fr\\\/#organization\"},\"image\":{\"@id\":\"https:\\\/\\\/cpts-ouest-herault.fr\\\/index.php\\\/2026\\\/04\\\/27\\\/depression-perinatale-une-enquete-en-occitanie-pour-mieux-comprendre-et-ameliorer-la-prise-en-charge\\\/#primaryimage\"},\"thumbnailUrl\":\"https:\\\/\\\/cpts-ouest-herault.fr\\\/wp-content\\\/uploads\\\/2026\\\/04\\\/Image-article-CPTS.png\",\"keywords\":[\"d\u00e9pression post-partum professionnels sant\u00e9\",\"enqu\u00eate sant\u00e9 p\u00e9rinatale Occitanie\",\"prise en charge d\u00e9pression p\u00e9rinatale\",\"sant\u00e9 mentale grossesse\"],\"articleSection\":[\"Actualit\u00e9s r\u00e9gionales et nationales\"],\"inLanguage\":\"fr-FR\"},{\"@type\":\"WebPage\",\"@id\":\"https:\\\/\\\/cpts-ouest-herault.fr\\\/index.php\\\/2026\\\/04\\\/27\\\/depression-perinatale-une-enquete-en-occitanie-pour-mieux-comprendre-et-ameliorer-la-prise-en-charge\\\/\",\"url\":\"https:\\\/\\\/cpts-ouest-herault.fr\\\/index.php\\\/2026\\\/04\\\/27\\\/depression-perinatale-une-enquete-en-occitanie-pour-mieux-comprendre-et-ameliorer-la-prise-en-charge\\\/\",\"name\":\"D\u00e9pression p\u00e9rinatale : une enqu\u00eate en Occitanie pour mieux comprendre et am\u00e9liorer la prise en charge - CPTS Ouest H\u00e9rault\",\"isPartOf\":{\"@id\":\"https:\\\/\\\/cpts-ouest-herault.fr\\\/#website\"},\"primaryImageOfPage\":{\"@id\":\"https:\\\/\\\/cpts-ouest-herault.fr\\\/index.php\\\/2026\\\/04\\\/27\\\/depression-perinatale-une-enquete-en-occitanie-pour-mieux-comprendre-et-ameliorer-la-prise-en-charge\\\/#primaryimage\"},\"image\":{\"@id\":\"https:\\\/\\\/cpts-ouest-herault.fr\\\/index.php\\\/2026\\\/04\\\/27\\\/depression-perinatale-une-enquete-en-occitanie-pour-mieux-comprendre-et-ameliorer-la-prise-en-charge\\\/#primaryimage\"},\"thumbnailUrl\":\"https:\\\/\\\/cpts-ouest-herault.fr\\\/wp-content\\\/uploads\\\/2026\\\/04\\\/Image-article-CPTS.png\",\"datePublished\":\"2026-04-27T12:58:53+00:00\",\"dateModified\":\"2026-04-27T12:58:54+00:00\",\"description\":\"Professionnels de sant\u00e9 en Occitanie : participez \u00e0 l\u2019enqu\u00eate sur la d\u00e9pression p\u00e9rinatale pour am\u00e9liorer le rep\u00e9rage et les parcours de soins.\",\"breadcrumb\":{\"@id\":\"https:\\\/\\\/cpts-ouest-herault.fr\\\/index.php\\\/2026\\\/04\\\/27\\\/depression-perinatale-une-enquete-en-occitanie-pour-mieux-comprendre-et-ameliorer-la-prise-en-charge\\\/#breadcrumb\"},\"inLanguage\":\"fr-FR\",\"potentialAction\":[{\"@type\":\"ReadAction\",\"target\":[\"https:\\\/\\\/cpts-ouest-herault.fr\\\/index.php\\\/2026\\\/04\\\/27\\\/depression-perinatale-une-enquete-en-occitanie-pour-mieux-comprendre-et-ameliorer-la-prise-en-charge\\\/\"]}]},{\"@type\":\"ImageObject\",\"inLanguage\":\"fr-FR\",\"@id\":\"https:\\\/\\\/cpts-ouest-herault.fr\\\/index.php\\\/2026\\\/04\\\/27\\\/depression-perinatale-une-enquete-en-occitanie-pour-mieux-comprendre-et-ameliorer-la-prise-en-charge\\\/#primaryimage\",\"url\":\"https:\\\/\\\/cpts-ouest-herault.fr\\\/wp-content\\\/uploads\\\/2026\\\/04\\\/Image-article-CPTS.png\",\"contentUrl\":\"https:\\\/\\\/cpts-ouest-herault.fr\\\/wp-content\\\/uploads\\\/2026\\\/04\\\/Image-article-CPTS.png\",\"width\":2560,\"height\":1440},{\"@type\":\"BreadcrumbList\",\"@id\":\"https:\\\/\\\/cpts-ouest-herault.fr\\\/index.php\\\/2026\\\/04\\\/27\\\/depression-perinatale-une-enquete-en-occitanie-pour-mieux-comprendre-et-ameliorer-la-prise-en-charge\\\/#breadcrumb\",\"itemListElement\":[{\"@type\":\"ListItem\",\"position\":1,\"name\":\"Accueil\",\"item\":\"https:\\\/\\\/cpts-ouest-herault.fr\\\/\"},{\"@type\":\"ListItem\",\"position\":2,\"name\":\"D\u00e9pression p\u00e9rinatale : une enqu\u00eate en Occitanie pour mieux comprendre et am\u00e9liorer la prise en charge\"}]},{\"@type\":\"WebSite\",\"@id\":\"https:\\\/\\\/cpts-ouest-herault.fr\\\/#website\",\"url\":\"https:\\\/\\\/cpts-ouest-herault.fr\\\/\",\"name\":\"CPTS Ouest H\u00e9rault\",\"description\":\"\",\"publisher\":{\"@id\":\"https:\\\/\\\/cpts-ouest-herault.fr\\\/#organization\"},\"potentialAction\":[{\"@type\":\"SearchAction\",\"target\":{\"@type\":\"EntryPoint\",\"urlTemplate\":\"https:\\\/\\\/cpts-ouest-herault.fr\\\/?s={search_term_string}\"},\"query-input\":{\"@type\":\"PropertyValueSpecification\",\"valueRequired\":true,\"valueName\":\"search_term_string\"}}],\"inLanguage\":\"fr-FR\"},{\"@type\":\"Organization\",\"@id\":\"https:\\\/\\\/cpts-ouest-herault.fr\\\/#organization\",\"name\":\"CPTS Ouest H\u00e9rault\",\"url\":\"https:\\\/\\\/cpts-ouest-herault.fr\\\/\",\"logo\":{\"@type\":\"ImageObject\",\"inLanguage\":\"fr-FR\",\"@id\":\"https:\\\/\\\/cpts-ouest-herault.fr\\\/#\\\/schema\\\/logo\\\/image\\\/\",\"url\":\"https:\\\/\\\/cpts-ouest-herault.fr\\\/wp-content\\\/uploads\\\/2025\\\/03\\\/cropped-Logo-CPTS-Modifie.png\",\"contentUrl\":\"https:\\\/\\\/cpts-ouest-herault.fr\\\/wp-content\\\/uploads\\\/2025\\\/03\\\/cropped-Logo-CPTS-Modifie.png\",\"width\":175,\"height\":134,\"caption\":\"CPTS Ouest H\u00e9rault\"},\"image\":{\"@id\":\"https:\\\/\\\/cpts-ouest-herault.fr\\\/#\\\/schema\\\/logo\\\/image\\\/\"},\"sameAs\":[\"https:\\\/\\\/www.linkedin.com\\\/company\\\/cpts-ouest-herault\"]},{\"@type\":\"Person\",\"@id\":\"https:\\\/\\\/cpts-ouest-herault.fr\\\/#\\\/schema\\\/person\\\/e2ec38d33992d51933b7be4c23745642\",\"name\":\"admin5120\",\"image\":{\"@type\":\"ImageObject\",\"inLanguage\":\"fr-FR\",\"@id\":\"https:\\\/\\\/secure.gravatar.com\\\/avatar\\\/c4d1cc16ef704da6329a105955d8e3fdfff70d0b410a11925b48bc2d9e9309e1?s=96&d=mm&r=g\",\"url\":\"https:\\\/\\\/secure.gravatar.com\\\/avatar\\\/c4d1cc16ef704da6329a105955d8e3fdfff70d0b410a11925b48bc2d9e9309e1?s=96&d=mm&r=g\",\"contentUrl\":\"https:\\\/\\\/secure.gravatar.com\\\/avatar\\\/c4d1cc16ef704da6329a105955d8e3fdfff70d0b410a11925b48bc2d9e9309e1?s=96&d=mm&r=g\",\"caption\":\"admin5120\"},\"sameAs\":[\"http:\\\/\\\/cpts-ouest-herault.fr\"],\"url\":\"https:\\\/\\\/cpts-ouest-herault.fr\\\/index.php\\\/author\\\/admin5120\\\/\"}]}<\/script>\n<!-- \/ Yoast SEO plugin. -->","yoast_head_json":{"title":"D\u00e9pression p\u00e9rinatale : une enqu\u00eate en Occitanie pour mieux comprendre et am\u00e9liorer la prise en charge - CPTS Ouest H\u00e9rault","description":"Professionnels de sant\u00e9 en Occitanie : participez \u00e0 l\u2019enqu\u00eate sur la d\u00e9pression p\u00e9rinatale pour am\u00e9liorer le rep\u00e9rage et les parcours de soins.","robots":{"index":"index","follow":"follow","max-snippet":"max-snippet:-1","max-image-preview":"max-image-preview:large","max-video-preview":"max-video-preview:-1"},"canonical":"https:\/\/cpts-ouest-herault.fr\/index.php\/2026\/04\/27\/depression-perinatale-une-enquete-en-occitanie-pour-mieux-comprendre-et-ameliorer-la-prise-en-charge\/","og_locale":"fr_FR","og_type":"article","og_title":"D\u00e9pression p\u00e9rinatale : une enqu\u00eate en Occitanie pour mieux comprendre et am\u00e9liorer la prise en charge - CPTS Ouest H\u00e9rault","og_description":"Professionnels de sant\u00e9 en Occitanie : participez \u00e0 l\u2019enqu\u00eate sur la d\u00e9pression p\u00e9rinatale pour am\u00e9liorer le rep\u00e9rage et les parcours de soins.","og_url":"https:\/\/cpts-ouest-herault.fr\/index.php\/2026\/04\/27\/depression-perinatale-une-enquete-en-occitanie-pour-mieux-comprendre-et-ameliorer-la-prise-en-charge\/","og_site_name":"CPTS Ouest H\u00e9rault","article_published_time":"2026-04-27T12:58:53+00:00","article_modified_time":"2026-04-27T12:58:54+00:00","og_image":[{"width":1024,"height":576,"url":"http:\/\/cpts-ouest-herault.fr\/wp-content\/uploads\/2026\/04\/Image-article-CPTS-1024x576.png","type":"image\/png"}],"author":"admin5120","twitter_card":"summary_large_image","twitter_misc":{"\u00c9crit par":"admin5120","Dur\u00e9e de lecture estim\u00e9e":"3 minutes"},"schema":{"@context":"https:\/\/schema.org","@graph":[{"@type":"Article","@id":"https:\/\/cpts-ouest-herault.fr\/index.php\/2026\/04\/27\/depression-perinatale-une-enquete-en-occitanie-pour-mieux-comprendre-et-ameliorer-la-prise-en-charge\/#article","isPartOf":{"@id":"https:\/\/cpts-ouest-herault.fr\/index.php\/2026\/04\/27\/depression-perinatale-une-enquete-en-occitanie-pour-mieux-comprendre-et-ameliorer-la-prise-en-charge\/"},"author":{"name":"admin5120","@id":"https:\/\/cpts-ouest-herault.fr\/#\/schema\/person\/e2ec38d33992d51933b7be4c23745642"},"headline":"D\u00e9pression p\u00e9rinatale : une enqu\u00eate en Occitanie pour mieux comprendre et am\u00e9liorer la prise en charge","datePublished":"2026-04-27T12:58:53+00:00","dateModified":"2026-04-27T12:58:54+00:00","mainEntityOfPage":{"@id":"https:\/\/cpts-ouest-herault.fr\/index.php\/2026\/04\/27\/depression-perinatale-une-enquete-en-occitanie-pour-mieux-comprendre-et-ameliorer-la-prise-en-charge\/"},"wordCount":453,"publisher":{"@id":"https:\/\/cpts-ouest-herault.fr\/#organization"},"image":{"@id":"https:\/\/cpts-ouest-herault.fr\/index.php\/2026\/04\/27\/depression-perinatale-une-enquete-en-occitanie-pour-mieux-comprendre-et-ameliorer-la-prise-en-charge\/#primaryimage"},"thumbnailUrl":"https:\/\/cpts-ouest-herault.fr\/wp-content\/uploads\/2026\/04\/Image-article-CPTS.png","keywords":["d\u00e9pression post-partum professionnels sant\u00e9","enqu\u00eate sant\u00e9 p\u00e9rinatale Occitanie","prise en charge d\u00e9pression p\u00e9rinatale","sant\u00e9 mentale grossesse"],"articleSection":["Actualit\u00e9s r\u00e9gionales et nationales"],"inLanguage":"fr-FR"},{"@type":"WebPage","@id":"https:\/\/cpts-ouest-herault.fr\/index.php\/2026\/04\/27\/depression-perinatale-une-enquete-en-occitanie-pour-mieux-comprendre-et-ameliorer-la-prise-en-charge\/","url":"https:\/\/cpts-ouest-herault.fr\/index.php\/2026\/04\/27\/depression-perinatale-une-enquete-en-occitanie-pour-mieux-comprendre-et-ameliorer-la-prise-en-charge\/","name":"D\u00e9pression p\u00e9rinatale : une enqu\u00eate en Occitanie pour mieux comprendre et am\u00e9liorer la prise en charge - CPTS Ouest H\u00e9rault","isPartOf":{"@id":"https:\/\/cpts-ouest-herault.fr\/#website"},"primaryImageOfPage":{"@id":"https:\/\/cpts-ouest-herault.fr\/index.php\/2026\/04\/27\/depression-perinatale-une-enquete-en-occitanie-pour-mieux-comprendre-et-ameliorer-la-prise-en-charge\/#primaryimage"},"image":{"@id":"https:\/\/cpts-ouest-herault.fr\/index.php\/2026\/04\/27\/depression-perinatale-une-enquete-en-occitanie-pour-mieux-comprendre-et-ameliorer-la-prise-en-charge\/#primaryimage"},"thumbnailUrl":"https:\/\/cpts-ouest-herault.fr\/wp-content\/uploads\/2026\/04\/Image-article-CPTS.png","datePublished":"2026-04-27T12:58:53+00:00","dateModified":"2026-04-27T12:58:54+00:00","description":"Professionnels de sant\u00e9 en Occitanie : participez \u00e0 l\u2019enqu\u00eate sur la d\u00e9pression p\u00e9rinatale pour am\u00e9liorer le rep\u00e9rage et les parcours de soins.","breadcrumb":{"@id":"https:\/\/cpts-ouest-herault.fr\/index.php\/2026\/04\/27\/depression-perinatale-une-enquete-en-occitanie-pour-mieux-comprendre-et-ameliorer-la-prise-en-charge\/#breadcrumb"},"inLanguage":"fr-FR","potentialAction":[{"@type":"ReadAction","target":["https:\/\/cpts-ouest-herault.fr\/index.php\/2026\/04\/27\/depression-perinatale-une-enquete-en-occitanie-pour-mieux-comprendre-et-ameliorer-la-prise-en-charge\/"]}]},{"@type":"ImageObject","inLanguage":"fr-FR","@id":"https:\/\/cpts-ouest-herault.fr\/index.php\/2026\/04\/27\/depression-perinatale-une-enquete-en-occitanie-pour-mieux-comprendre-et-ameliorer-la-prise-en-charge\/#primaryimage","url":"https:\/\/cpts-ouest-herault.fr\/wp-content\/uploads\/2026\/04\/Image-article-CPTS.png","contentUrl":"https:\/\/cpts-ouest-herault.fr\/wp-content\/uploads\/2026\/04\/Image-article-CPTS.png","width":2560,"height":1440},{"@type":"BreadcrumbList","@id":"https:\/\/cpts-ouest-herault.fr\/index.php\/2026\/04\/27\/depression-perinatale-une-enquete-en-occitanie-pour-mieux-comprendre-et-ameliorer-la-prise-en-charge\/#breadcrumb","itemListElement":[{"@type":"ListItem","position":1,"name":"Accueil","item":"https:\/\/cpts-ouest-herault.fr\/"},{"@type":"ListItem","position":2,"name":"D\u00e9pression p\u00e9rinatale : une enqu\u00eate en Occitanie pour mieux comprendre et am\u00e9liorer la prise en charge"}]},{"@type":"WebSite","@id":"https:\/\/cpts-ouest-herault.fr\/#website","url":"https:\/\/cpts-ouest-herault.fr\/","name":"CPTS Ouest H\u00e9rault","description":"","publisher":{"@id":"https:\/\/cpts-ouest-herault.fr\/#organization"},"potentialAction":[{"@type":"SearchAction","target":{"@type":"EntryPoint","urlTemplate":"https:\/\/cpts-ouest-herault.fr\/?s={search_term_string}"},"query-input":{"@type":"PropertyValueSpecification","valueRequired":true,"valueName":"search_term_string"}}],"inLanguage":"fr-FR"},{"@type":"Organization","@id":"https:\/\/cpts-ouest-herault.fr\/#organization","name":"CPTS Ouest H\u00e9rault","url":"https:\/\/cpts-ouest-herault.fr\/","logo":{"@type":"ImageObject","inLanguage":"fr-FR","@id":"https:\/\/cpts-ouest-herault.fr\/#\/schema\/logo\/image\/","url":"https:\/\/cpts-ouest-herault.fr\/wp-content\/uploads\/2025\/03\/cropped-Logo-CPTS-Modifie.png","contentUrl":"https:\/\/cpts-ouest-herault.fr\/wp-content\/uploads\/2025\/03\/cropped-Logo-CPTS-Modifie.png","width":175,"height":134,"caption":"CPTS Ouest H\u00e9rault"},"image":{"@id":"https:\/\/cpts-ouest-herault.fr\/#\/schema\/logo\/image\/"},"sameAs":["https:\/\/www.linkedin.com\/company\/cpts-ouest-herault"]},{"@type":"Person","@id":"https:\/\/cpts-ouest-herault.fr\/#\/schema\/person\/e2ec38d33992d51933b7be4c23745642","name":"admin5120","image":{"@type":"ImageObject","inLanguage":"fr-FR","@id":"https:\/\/secure.gravatar.com\/avatar\/c4d1cc16ef704da6329a105955d8e3fdfff70d0b410a11925b48bc2d9e9309e1?s=96&d=mm&r=g","url":"https:\/\/secure.gravatar.com\/avatar\/c4d1cc16ef704da6329a105955d8e3fdfff70d0b410a11925b48bc2d9e9309e1?s=96&d=mm&r=g","contentUrl":"https:\/\/secure.gravatar.com\/avatar\/c4d1cc16ef704da6329a105955d8e3fdfff70d0b410a11925b48bc2d9e9309e1?s=96&d=mm&r=g","caption":"admin5120"},"sameAs":["http:\/\/cpts-ouest-herault.fr"],"url":"https:\/\/cpts-ouest-herault.fr\/index.php\/author\/admin5120\/"}]}},"_links":{"self":[{"href":"https:\/\/cpts-ouest-herault.fr\/index.php\/wp-json\/wp\/v2\/posts\/665","targetHints":{"allow":["GET"]}}],"collection":[{"href":"https:\/\/cpts-ouest-herault.fr\/index.php\/wp-json\/wp\/v2\/posts"}],"about":[{"href":"https:\/\/cpts-ouest-herault.fr\/index.php\/wp-json\/wp\/v2\/types\/post"}],"author":[{"embeddable":true,"href":"https:\/\/cpts-ouest-herault.fr\/index.php\/wp-json\/wp\/v2\/users\/1"}],"replies":[{"embeddable":true,"href":"https:\/\/cpts-ouest-herault.fr\/index.php\/wp-json\/wp\/v2\/comments?post=665"}],"version-history":[{"count":0,"href":"https:\/\/cpts-ouest-herault.fr\/index.php\/wp-json\/wp\/v2\/posts\/665\/revisions"}],"wp:featuredmedia":[{"embeddable":true,"href":"https:\/\/cpts-ouest-herault.fr\/index.php\/wp-json\/wp\/v2\/media\/666"}],"wp:attachment":[{"href":"https:\/\/cpts-ouest-herault.fr\/index.php\/wp-json\/wp\/v2\/media?parent=665"}],"wp:term":[{"taxonomy":"category","embeddable":true,"href":"https:\/\/cpts-ouest-herault.fr\/index.php\/wp-json\/wp\/v2\/categories?post=665"},{"taxonomy":"post_tag","embeddable":true,"href":"https:\/\/cpts-ouest-herault.fr\/index.php\/wp-json\/wp\/v2\/tags?post=665"}],"curies":[{"name":"wp","href":"https:\/\/api.w.org\/{rel}","templated":true}]}}